{"id":200779,"date":"2026-06-11T14:15:15","date_gmt":"2026-06-11T14:15:15","guid":{"rendered":"https:\/\/www.europesays.com\/lt\/200779\/"},"modified":"2026-06-11T14:15:15","modified_gmt":"2026-06-11T14:15:15","slug":"vasaros-mados-tendencijos-5-svarbiausi-pirkiniai","status":"publish","type":"post","link":"https:\/\/www.europesays.com\/lt\/200779\/","title":{"rendered":"Vasaros mados tendencijos: 5 svarbiausi pirkiniai"},"content":{"rendered":"\n<p>1 i\u0161 5<\/p>\n<p>Kitas 2. G\u0117l\u0117ti sijonai<\/p>\n<p>Kaip ra\u0161o \u201eBritish Vogue\u201c, 2026-\u0173j\u0173 vasaros <a rel=\"noopener nofollow\" target=\"_blank\" href=\"https:\/\/www.delfi.lt\/temos\/mada\" tag-id=\"40221781\">mada<\/a> tampa laisvesn\u0117 ir ma\u017eiau \u012fpareigojanti. D\u0117mesio centre atsiduria ne tik i\u0161skirtinis dizainas, bet ir drabu\u017eiai bei aksesuarai, kuriuos i\u0161 ties\u0173 norisi d\u0117v\u0117ti kasdien.<\/p>\n<p>Mados vir\u0161\u016bn\u0117je karaliauja laisvi siluetai, romanti\u0161kos detal\u0117s, spalvingi aksesuarai ir netik\u0117ti stili\u0173 kontrastai. Geros naujienos vertinantiems komfort\u0105 \u2013 \u0161\u012f sezon\u0105 patogumas ir <a rel=\"noopener nofollow\" target=\"_blank\" href=\"https:\/\/www.delfi.lt\/temos\/stilius\" tag-id=\"54040091\">stilius<\/a> puikiai dera tarpusavyje.<\/p>\n<p>Pristatome 5 svarbiausius drabu\u017eius ir aksesuarus, kurie \u0161i\u0105 vasar\u0105 taps tikrais garderobo favoritais.<\/p>\n<p>1. Pi\u017eaminio stiliaus keln\u0117s<\/p>\n<p>   <img decoding=\"async\" src=\"https:\/\/www.europesays.com\/lt\/wp-content\/uploads\/2026\/06\/c5b16e60-c95b-11ed-9b47-a1993a2e57f0.jpg\" loading=\"lazy\" alt=\"Pla\u010dios, lengvo kirpimo keln\u0117s \u2013 vienas universaliausi\u0173 sezono drabu\u017ei\u0173\"\/>   <\/p>\n<p>Jei reik\u0117t\u0173 i\u0161rinkti vien\u0105 drabu\u017e\u012f, geriausiai atspindint\u012f 2026-\u0173j\u0173 vasaros nuotaik\u0105, tai neabejotinai b\u016bt\u0173 pla\u010dios, patogios ir judesi\u0173 nevar\u017ean\u010dios pi\u017eaminio stiliaus keln\u0117s. Lengvai krintantys audiniai ir laisvas siluetas leid\u017eia jaustis komforti\u0161kai net kar\u0161\u010diausiomis dienomis. Madingos tiek minimalistin\u0117s, klasikin\u0117s, tiek ry\u0161kesn\u0117s spalvos, \u012fvair\u016bs ra\u0161tai. Tai vienas universaliausi\u0173 sezono drabu\u017ei\u0173 \u2013 laisvo kirpimo keln\u0117s puikiai dera ir prie sportini\u0173 bateli\u0173, ir prie eleganti\u0161k\u0173 basu\u010di\u0173 ar klasikini\u0173 mar\u0161kini\u0173.<\/p>\n<p>1 i\u0161 5<\/p>\n<p>Kitas 2. G\u0117l\u0117ti sijonai<\/p>\n","protected":false},"excerpt":{"rendered":"1 i\u0161 5 Kitas 2. G\u0117l\u0117ti sijonai Kaip ra\u0161o \u201eBritish Vogue\u201c, 2026-\u0173j\u0173 vasaros mada tampa laisvesn\u0117 ir ma\u017eiau&hellip;\n","protected":false},"author":2,"featured_media":200780,"comment_status":"","ping_status":"","sticky":false,"template":"","format":"standard","meta":{"footnotes":"","_share_on_mastodon":"0"},"categories":[21],"tags":[30970,113,37,39,36,38,40,2655,18987,114,6182],"class_list":["post-200779","post","type-post","status-publish","format-standard","has-post-thumbnail","category-pramogos","tag-drabuziu-spinta","tag-entertainment","tag-lietuva","tag-lietuviu","tag-lithuania","tag-lithuanian","tag-lt","tag-mada","tag-mados-tendencijos","tag-pramogos","tag-stilius"],"share_on_mastodon":{"url":"https:\/\/pubeurope.com\/@lt\/116731899473865251","error":""},"_links":{"self":[{"href":"https:\/\/www.europesays.com\/lt\/wp-json\/wp\/v2\/posts\/200779","targetHints":{"allow":["GET"]}}],"collection":[{"href":"https:\/\/www.europesays.com\/lt\/wp-json\/wp\/v2\/posts"}],"about":[{"href":"https:\/\/www.europesays.com\/lt\/wp-json\/wp\/v2\/types\/post"}],"author":[{"embeddable":true,"href":"https:\/\/www.europesays.com\/lt\/wp-json\/wp\/v2\/users\/2"}],"replies":[{"embeddable":true,"href":"https:\/\/www.europesays.com\/lt\/wp-json\/wp\/v2\/comments?post=200779"}],"version-history":[{"count":0,"href":"https:\/\/www.europesays.com\/lt\/wp-json\/wp\/v2\/posts\/200779\/revisions"}],"wp:featuredmedia":[{"embeddable":true,"href":"https:\/\/www.europesays.com\/lt\/wp-json\/wp\/v2\/media\/200780"}],"wp:attachment":[{"href":"https:\/\/www.europesays.com\/lt\/wp-json\/wp\/v2\/media?parent=200779"}],"wp:term":[{"taxonomy":"category","embeddable":true,"href":"https:\/\/www.europesays.com\/lt\/wp-json\/wp\/v2\/categories?post=200779"},{"taxonomy":"post_tag","embeddable":true,"href":"https:\/\/www.europesays.com\/lt\/wp-json\/wp\/v2\/tags?post=200779"}],"curies":[{"name":"wp","href":"https:\/\/api.w.org\/{rel}","templated":true}]}}