{"id":200813,"date":"2026-06-11T14:51:09","date_gmt":"2026-06-11T14:51:09","guid":{"rendered":"https:\/\/www.europesays.com\/lt\/200813\/"},"modified":"2026-06-11T14:51:09","modified_gmt":"2026-06-11T14:51:09","slug":"duris-atvere-didziausia-salyje-n-baze","status":"publish","type":"post","link":"https:\/\/www.europesays.com\/lt\/200813\/","title":{"rendered":"Duris atv\u0117r\u0117 did\u017eiausia \u0161alyje \u201eN baz\u0117\u201c"},"content":{"rendered":"<p>Visoje Lietuvoje did\u017eiausias \u201eN baz\u0117\u201c prekybos centras &#8211; net  25 t\u016bkst. kv. m ploto \u012fsik\u016br\u0119s Savanori\u0173 pr. 176.<\/p>\n<p>\u0160ioje \u201eN baz\u0117je\u201c dirbs \u201eHyper\u201c formato \u201eNorfos\u201c parduotuv\u0117, kurioje veiks 22 savitarnos ir 4 \u012fprastos kasos, kulinarijos cechas bei bandeli\u0173 kepykl\u0117l\u0117, ra\u0161oma prane\u0161ime \u017einiasklaidai.<\/p>\n<p>\u0160io atnaujinimo metu beveik visa \u201eHyperNorfos\u201c \u012franga buvo pakeista nauja. Vien \u201eNorfos\u201c parduotuv\u0117s prekybos sal\u0117s plotas \u010dia siekia beveik 5 t\u016bkst. kv. metr\u0173. <\/p>\n<p>    <img decoding=\"async\" src=\"https:\/\/www.europesays.com\/lt\/wp-content\/uploads\/2026\/06\/8a5d4ed0-9283-4985-8422-1010d90ce995.jpg\" loading=\"lazy\" alt=\"Vilniuje duris atv\u0117r\u0117 atnaujinta \u201eN baz\u0117\u201c\"\/>      <\/p>\n<p>\u012e prekybos vietos modernizavim\u0105 investuota 2,5 mln. eur\u0173. Pertvarkant prekybos centr\u0105, daug d\u0117mesio skirta ne tik parduotuv\u0117s funkcionalumui, bet ir esteti\u0161kai patraukliam interjerui. Taip pat atnaujintas ir pastato fasadas.<\/p>\n<p> Parduotuv\u0117je dirbs 56 darbuotojai. <\/p>\n<p>\u201eN baz\u0117je\u201c lankytoj\u0173 lauks ir atnaujinta \u201eN\u201c vaistin\u0117. Dar 8 nuolatiniai nuomininkai baigia savo patalp\u0173 kapitalin\u012f remont\u0105. Prekybos centre taip pat \u012fsikurs naujokai: \u201eSinsay\u201c, \u201eVynoteka\u201c bei vyr\u0173 kirpykla \u201eVizija\u201c. Be to, \u201eN baz\u0117je\u201c papildomai \u012frengtos 3 visi\u0161kai naujos nuomojamos erdv\u0117s.<\/p>\n<p>    <img decoding=\"async\" src=\"https:\/\/www.europesays.com\/lt\/wp-content\/uploads\/2026\/06\/bd6e69e0-13e0-4b7d-b91a-f7ab723376d7.jpg\" loading=\"lazy\" alt=\"Dainius Dundulis\"\/>      <\/p>\n<p>\u0160iuo metu Lietuvoje veikia 158 \u201eNorfa\u201c parduotuv\u0117s. \u201eNorfos\u201c prekybos tinklas 2026 m. planuoja atidaryti ar atnaujinti dar 10 parduotuvi\u0173, \u012f kurias ketinama investuoti apie 25 mln. Eur.<\/p>\n","protected":false},"excerpt":{"rendered":"Visoje Lietuvoje did\u017eiausias \u201eN baz\u0117\u201c prekybos centras &#8211; net 25 t\u016bkst. kv. m ploto \u012fsik\u016br\u0119s Savanori\u0173 pr. 176.&hellip;\n","protected":false},"author":2,"featured_media":200814,"comment_status":"","ping_status":"","sticky":false,"template":"","format":"standard","meta":{"footnotes":"","_share_on_mastodon":"0"},"categories":[13],"tags":[25,30,31,34,35,24,32,33,37,39,36,38,40,23,22,2820,28,29,26,27],"class_list":["post-200813","post","type-post","status-publish","format-standard","has-post-thumbnail","category-lietuva","tag-antrastes","tag-breaking-news","tag-breakingnews","tag-featured-news","tag-featurednews","tag-headlines","tag-latest-news","tag-latestnews","tag-lietuva","tag-lietuviu","tag-lithuania","tag-lithuanian","tag-lt","tag-naujienos","tag-news","tag-norfa","tag-populiariausios-naujienos","tag-populiariausiosnaujienos","tag-top-stories","tag-topstories"],"share_on_mastodon":{"url":"https:\/\/pubeurope.com\/@lt\/116732040997846976","error":""},"_links":{"self":[{"href":"https:\/\/www.europesays.com\/lt\/wp-json\/wp\/v2\/posts\/200813","targetHints":{"allow":["GET"]}}],"collection":[{"href":"https:\/\/www.europesays.com\/lt\/wp-json\/wp\/v2\/posts"}],"about":[{"href":"https:\/\/www.europesays.com\/lt\/wp-json\/wp\/v2\/types\/post"}],"author":[{"embeddable":true,"href":"https:\/\/www.europesays.com\/lt\/wp-json\/wp\/v2\/users\/2"}],"replies":[{"embeddable":true,"href":"https:\/\/www.europesays.com\/lt\/wp-json\/wp\/v2\/comments?post=200813"}],"version-history":[{"count":0,"href":"https:\/\/www.europesays.com\/lt\/wp-json\/wp\/v2\/posts\/200813\/revisions"}],"wp:featuredmedia":[{"embeddable":true,"href":"https:\/\/www.europesays.com\/lt\/wp-json\/wp\/v2\/media\/200814"}],"wp:attachment":[{"href":"https:\/\/www.europesays.com\/lt\/wp-json\/wp\/v2\/media?parent=200813"}],"wp:term":[{"taxonomy":"category","embeddable":true,"href":"https:\/\/www.europesays.com\/lt\/wp-json\/wp\/v2\/categories?post=200813"},{"taxonomy":"post_tag","embeddable":true,"href":"https:\/\/www.europesays.com\/lt\/wp-json\/wp\/v2\/tags?post=200813"}],"curies":[{"name":"wp","href":"https:\/\/api.w.org\/{rel}","templated":true}]}}