{"id":200851,"date":"2026-06-11T15:58:08","date_gmt":"2026-06-11T15:58:08","guid":{"rendered":"https:\/\/www.europesays.com\/lt\/200851\/"},"modified":"2026-06-11T15:58:08","modified_gmt":"2026-06-11T15:58:08","slug":"svarstys-nausedos-iniciatyva-del-gyventoju-indeliu-lesu","status":"publish","type":"post","link":"https:\/\/www.europesays.com\/lt\/200851\/","title":{"rendered":"Svarstys Naus\u0117dos iniciatyv\u0105 d\u0117l gyventoj\u0173 ind\u0117li\u0173 l\u0117\u0161\u0173"},"content":{"rendered":"<p>Po pateikimo ketvirtadien\u012f u\u017e projekt\u0105 balsavo 69, susilaik\u0117 \u0161e\u0161i parlamentarai. Projekt\u0105 toliau svarstys Biud\u017eeto ir finans\u0173 komitetas (BFK), \u012f pos\u0117d\u017ei\u0173 sal\u0119 jis tur\u0117t\u0173 gr\u012f\u017eti rudens sesijoje.<\/p>\n<p>Seimas projektui taip pat pra\u0161o Vyriausyb\u0117s i\u0161vados, kreipsis vertinimo \u012f Lietuvos bank\u0105 (LB) bei Europos Centrin\u012f bank\u0105 (ECB).<\/p>\n<p>Prezidentas si\u016blo nauj\u0105 galimyb\u0119 valstybei skolintis i\u0161 gyventoj\u0173, teigia, kad tai paskatint\u0173 ekonomikos augim\u0105.<\/p>\n<p>Pristatydamas projekt\u0105 prezidento vyriausiasis patar\u0117jas Vaidas Augustinavi\u010dius tikino, kad dauguma gyventoj\u0173 l\u0117\u0161as laiko einamosiose s\u0105skaitose, u\u017e kurias nemokamos pal\u016bkanos, d\u0117l infliacijos santaupos \u0161ios nuvert\u0117ja.<\/p>\n<p>\u201eToki\u0173 l\u0117\u0161\u0173 s\u0105skaitose yra apie 19 mlrd. eur\u0173 ar daugiau, net du tre\u010ddaliai ind\u0117li\u0173 negeneruoja gyventojams gr\u0105\u017eos\u201c, \u2013 Seimo trib\u016bnoje kalb\u0117jo jis.<\/p>\n<p>       <img decoding=\"async\" src=\"https:\/\/www.europesays.com\/lt\/wp-content\/uploads\/2026\/06\/750902d3-c4b9-4365-a296-e23e28eb6aae.jpg\" loading=\"lazy\" alt=\"Vaidas Augustinavi\u010dius\"\/>    <\/p>\n<p>V. Augustinavi\u010diaus teigimu, gyventojus b\u016btina \u0161viesti apie galimybes investuoti, ta\u010diau tai yra ilgas procesas, o \u0161i iniciatyva kol kas pad\u0117t\u0173 siekiant padidinti finansini\u0173 i\u0161tekli\u0173 ir kapitalo prieinamum\u0105 \u0161alies viduje.<\/p>\n<p>Be to, pasak patar\u0117jo, \u0161alies ekonomikos ir konkurencingumo augimas prisid\u0117s prie didesni\u0173 valstyb\u0117s biud\u017eeto pajam\u0173, leis ma\u017eiau skolintis u\u017esienio rinkose ir daugiau \u2013 Lietuvoje.<\/p>\n<p>Si\u016blomos iki 3 proc. pal\u016bkanos, l\u0117\u0161as ILTE skolint\u0173 komerciniai bankai<\/p>\n<p>Numatoma, kad savo ind\u0117lius \u012fveiklinti norintis gyventojas tai sutikt\u0173 daryti savanori\u0161kai, tam jam b\u016bt\u0173 atidaryta specialioji einamoji s\u0105skaita.<\/p>\n<p>\u0160ias l\u0117\u0161as ILTE skolint\u0173 komerciniai bankai, kuri\u0173 s\u0105skaitose yra laikomi pinigai, \u017emon\u0117s bet kuriuo momentu gal\u0117t\u0173 pasiimti dal\u012f ar visus \u0161ioje s\u0105skaitoje laikomus pinigus.<\/p>\n<p>\u201eGyventojas l\u0117\u0161as ir toliau laikyt\u0173 savo komerciniame banke, tai b\u016bt\u0173 jo einamoji s\u0105skaita, \u0161iomis l\u0117\u0161omis gal\u0117s disponuoti bet kada\u201c, \u2013 kalb\u0117jo V. Augustinavi\u010dius.<\/p>\n<p>Pal\u016bkan\u0173 normos dydis u\u017e \u0161ias l\u0117\u0161as b\u016bt\u0173 nustatomas atsi\u017evelgiant \u012f Europos Centrinio Banko (ECB) nustatyt\u0105 dyd\u012f, ta\u010diau \u0161is dydis negal\u0117t\u0173 b\u016bti ma\u017eesnis u\u017e 0,1 proc. ir ne didesnis nei 3 proc., konkret\u0173 dyd\u012f nustatyt\u0173 Vyriausyb\u0117.<\/p>\n<p>Demokratas Algirdas Butkevi\u010dius pa\u017eym\u0117jo, kad geroji praktika rodo, kad pal\u016bkan\u0173 normos dydis tur\u0117t\u0173 bent puse procento vir\u0161yti mokamas u\u017e vertybinius popierius.<\/p>\n<p>Visgi prezidento patar\u0117jas pa\u017eym\u0117jo, kad b\u016bt\u0173 taikomos ECB nustatytos pal\u016bkanos, dabar siekian\u010dios 2 proc., \u0161is instrumentas b\u016bt\u0173 kur kas paprastesnis nei vertybiniai popieriai.<\/p>\n<p>Numatyta, kad gyventojas tokiu b\u016bdu gal\u0117t\u0173 skolinti ne daugiau nei 2,5 t\u016bkst. eur\u0173, \u0161iuos pinigus ILTE naudot\u0173 finansuojant valstyb\u0117s ir savivaldybi\u0173 \u012fmoni\u0173 energetikos, ekonomikos konkurencingumo, valstyb\u0117s saugumo ir gynybos, b\u016bsto ir susisiekimo projektus.<\/p>\n<p>V. Augustinavi\u010diaus teigimu, si\u016bloma 2,5 t\u016bkst. eur\u0173 suma buvo kompromisas, o projekte numatytas pal\u016bkan\u0173 normos dydis galioja ir Pranc\u016bzijoje. <\/p>\n<p>Jis taip pat tikino, kad \u0161i priemon\u0117 nekonkuruot\u0173 su gynybos obligacijomis, nes jos yra skirtos daugiau su finansiniais instrumentais susipa\u017einusiems gyventojams.<\/p>\n<p>Kredito \u012fstaigoms taip pat numatoma suteikti valstyb\u0117s garantij\u0105 u\u017e ILTE pagal \u0161i\u0105 ind\u0117li\u0173 \u012fveiklinimo program\u0105 paskolintas l\u0117\u0161as.<\/p>\n<p>Gyventoj\u0173 l\u0117\u0161os ir toliau b\u016bt\u0173 draud\u017eiamos Ind\u0117li\u0173 draudimo fonde.<\/p>\n<p>\u201e\u0160ias l\u0117\u0161as skolins ne gyventojas, o bankas skolins ILTE \u2013 veikia ir ind\u0117li\u0173 draudimas, ir valstyb\u0117s garantija u\u017e tas paskolas, kurias bankas teikia ILTE, tai yra dviguba garantija i\u0161 valstyb\u0117s, tai ypatingai saugu, tai \u0161ioje vietoje ILTE netampa ma\u017emeniniu banku\u201c, \u2013 sak\u0117 prezidento patar\u0117jas.<\/p>\n<p>Seimas po pateikimo pritar\u0117 lydin\u010diajam Valstyb\u0117s skolos \u012fstatymo pakeitimo projektui, kuriuo numatyta sudaryti tam galimybes.<\/p>\n<p>Kitu Valstyb\u0117s ir savivaldyb\u0117s \u012fmoni\u0173 \u012fstatymo projektu taip pat si\u016bloma, kad \u012fmon\u0117s savininko teises ir pareigas \u012fgyvendinan\u010diai institucijai tvirtinant skolinimosi planus tur\u0117t\u0173 b\u016bti \u012fvertinama galimyb\u0117 pasinaudoti ind\u0117li\u0173 \u012fveiklinimo \u012fstatyme numatytais finansavimo \u0161altiniais.<\/p>\n<p>Anks\u010diau komentuodamas \u0161\u012f mechanizm\u0105 ILTE generalinis direktorius Dainius Vil\u010dinskas Eltai sak\u0117, kad suk\u016brus \u0161\u012f mechanizm\u0105 pats bankas ind\u0117li\u0173 nepriimt\u0173, o l\u0117\u0161as nukreipt\u0173 \u012f ma\u017eos rizikos projektus.<\/p>\n<p>Finans\u0173 ministras Kristupas Vaitiek\u016bnas Eltai sak\u0117, jog b\u016btina \u012fvertinti pl\u0117tros bankui kylan\u010dias rizikas ir \u012fsitikinti, kad mechanizmui i\u0161populiar\u0117jus ILTE tur\u0117t\u0173, kur \u0161ias l\u0117\u0161as investuoti, taip pat skepti\u0161kai vertino galimybes ind\u0117li\u0173 pal\u016bkan\u0173 normos dyd\u012f sieti su infliacijos rodikliais.<\/p>\n<p>Lietuvos banko (LB) duomenimis, pernai bankuose buvo laikoma 78,8 mlrd. eur\u0173 ind\u0117li\u0173, i\u0161 j\u0173 Lietuvos gyventoj\u0173 ind\u0117liai sudar\u0117 26,9 mlrd. eur\u0173, o u\u017esienio gyventoj\u0173 ir verslo ind\u0117liai \u2013 34,1 mlrd. eur\u0173. <\/p>\n","protected":false},"excerpt":{"rendered":"Po pateikimo ketvirtadien\u012f u\u017e projekt\u0105 balsavo 69, susilaik\u0117 \u0161e\u0161i parlamentarai. Projekt\u0105 toliau svarstys Biud\u017eeto ir finans\u0173 komitetas (BFK),&hellip;\n","protected":false},"author":2,"featured_media":200852,"comment_status":"","ping_status":"","sticky":false,"template":"","format":"standard","meta":{"footnotes":"","_share_on_mastodon":"0"},"categories":[13],"tags":[25,30,31,34,35,67,29305,24,828,32,33,37,39,36,38,40,23,22,28,29,26,27],"class_list":["post-200851","post","type-post","status-publish","format-standard","has-post-thumbnail","category-lietuva","tag-antrastes","tag-breaking-news","tag-breakingnews","tag-featured-news","tag-featurednews","tag-gitanas-nauseda","tag-gyventoju-indeliai","tag-headlines","tag-ilte","tag-latest-news","tag-latestnews","tag-lietuva","tag-lietuviu","tag-lithuania","tag-lithuanian","tag-lt","tag-naujienos","tag-news","tag-populiariausios-naujienos","tag-populiariausiosnaujienos","tag-top-stories","tag-topstories"],"share_on_mastodon":{"url":"https:\/\/pubeurope.com\/@lt\/116732304358470288","error":""},"_links":{"self":[{"href":"https:\/\/www.europesays.com\/lt\/wp-json\/wp\/v2\/posts\/200851","targetHints":{"allow":["GET"]}}],"collection":[{"href":"https:\/\/www.europesays.com\/lt\/wp-json\/wp\/v2\/posts"}],"about":[{"href":"https:\/\/www.europesays.com\/lt\/wp-json\/wp\/v2\/types\/post"}],"author":[{"embeddable":true,"href":"https:\/\/www.europesays.com\/lt\/wp-json\/wp\/v2\/users\/2"}],"replies":[{"embeddable":true,"href":"https:\/\/www.europesays.com\/lt\/wp-json\/wp\/v2\/comments?post=200851"}],"version-history":[{"count":0,"href":"https:\/\/www.europesays.com\/lt\/wp-json\/wp\/v2\/posts\/200851\/revisions"}],"wp:featuredmedia":[{"embeddable":true,"href":"https:\/\/www.europesays.com\/lt\/wp-json\/wp\/v2\/media\/200852"}],"wp:attachment":[{"href":"https:\/\/www.europesays.com\/lt\/wp-json\/wp\/v2\/media?parent=200851"}],"wp:term":[{"taxonomy":"category","embeddable":true,"href":"https:\/\/www.europesays.com\/lt\/wp-json\/wp\/v2\/categories?post=200851"},{"taxonomy":"post_tag","embeddable":true,"href":"https:\/\/www.europesays.com\/lt\/wp-json\/wp\/v2\/tags?post=200851"}],"curies":[{"name":"wp","href":"https:\/\/api.w.org\/{rel}","templated":true}]}}