{"id":200877,"date":"2026-06-11T16:32:11","date_gmt":"2026-06-11T16:32:11","guid":{"rendered":"https:\/\/www.europesays.com\/lt\/200877\/"},"modified":"2026-06-11T16:32:11","modified_gmt":"2026-06-11T16:32:11","slug":"vert-ketina-diegti-dinaminius-elektros-perdavimo-tarifus","status":"publish","type":"post","link":"https:\/\/www.europesays.com\/lt\/200877\/","title":{"rendered":"VERT ketina diegti dinaminius elektros perdavimo tarifus"},"content":{"rendered":"<p>Anot VERT, numatoma, kad dinaminiai elektros energijos perdavimo tarifai b\u016bt\u0173 prad\u0117ti taikyti nuo kit\u0173 met\u0173 sausio.<\/p>\n<p>Pagal nauj\u0105 perdavimo paslaugos kainodar\u0105 dalis tarifo gal\u0117t\u0173 kisti priklausomai nuo elektros kainos bir\u017eoje.\u00a0<\/p>\n<p>Reguliuotojo teigimu, tai leis vartotojams lanks\u010diau vartoti elektr\u0105 ir geriau i\u0161naudoti laikotarpius, kai jos kainos rinkoje yra ma\u017eesn\u0117s.<\/p>\n<p>    <img decoding=\"async\" src=\"https:\/\/www.europesays.com\/lt\/wp-content\/uploads\/2026\/06\/c08297f9-d168-4e4a-8435-e1cc50e5cc18.jpg\" loading=\"lazy\" alt=\"Renatas Pocius\"\/>    <\/p>\n<p>Pasak VERT, tokia kainodara skatint\u0173 vartotojus daugiau elektros energijos vartoti tais laikotarpiais, kai jos kaina rinkoje yra ma\u017eesn\u0117. Vartotojas gal\u0117t\u0173 pasirinkti, kokias tarifo dedam\u0105sias gal\u0117s taikyti dinami\u0161kai.<\/p>\n<p>\u201eAugant atsinaujinan\u010dios energetikos gamybai ir elektros vartojimo lankstumo poreikiui, svarbu sudaryti s\u0105lygas vartotojams aktyviau reaguoti \u012f situacij\u0105 elektros rinkoje\u201c, \u2013 prane\u0161ime sako VERT pirmininkas Renatas Pocius.\u00a0<\/p>\n<p>\u201e\u0160ie\u00a0pakeitimai\u00a0leis ateityje diegti nauj\u0105\u00a0perdavimo tarifo\u00a0model\u012f, kuris\u00a0skatins\u00a0Power to\u00a0Heat\u00a0technologijos pl\u0117tr\u0105,\u00a0pad\u0117s\u00a0efektyviau naudoti elektros sistem\u0105\u00a0ir suteiks\u00a0papildom\u0173 galimybi\u0173\u00a0elektros energijos\u00a0vartotojams optimizuoti\u00a0i\u0161laidas\u201c, \u2013 teigia jis.<\/p>\n<p>Skelbiama, kad perdavimo sistemos operatorius \u201eLitgrid\u201c ateityje sudarys galimyb\u0119 vartotojams pasirinkti dinamin\u0119 perdavimo paslaugos kain\u0105 visiems arba daliai savo \u012frengini\u0173.\u00a0<\/p>\n<p>\u0160iuo metu vartotojams joki\u0173 veiksm\u0173 atlikti nereikia, o galiojantys elektros energijos tarifai nesikei\u010dia. Priimtais pakeitimais kei\u010diamas reguliavimas ir sukuriamas teisinis pagrindas, kuris ateityje leis perdavimo sistemos operatoriui pasi\u016blyti naujus dinaminius tarif\u0173 planus.<\/p>\n","protected":false},"excerpt":{"rendered":"Anot VERT, numatoma, kad dinaminiai elektros energijos perdavimo tarifai b\u016bt\u0173 prad\u0117ti taikyti nuo kit\u0173 met\u0173 sausio. Pagal nauj\u0105&hellip;\n","protected":false},"author":2,"featured_media":200878,"comment_status":"","ping_status":"","sticky":false,"template":"","format":"standard","meta":{"footnotes":"","_share_on_mastodon":"0"},"categories":[17],"tags":[81,37,39,3251,36,38,40,46,4677],"class_list":["post-200877","post","type-post","status-publish","format-standard","has-post-thumbnail","category-verslas","tag-business","tag-lietuva","tag-lietuviu","tag-litgrid","tag-lithuania","tag-lithuanian","tag-lt","tag-verslas","tag-vert"],"share_on_mastodon":{"url":"https:\/\/pubeurope.com\/@lt\/116732437950216199","error":""},"_links":{"self":[{"href":"https:\/\/www.europesays.com\/lt\/wp-json\/wp\/v2\/posts\/200877","targetHints":{"allow":["GET"]}}],"collection":[{"href":"https:\/\/www.europesays.com\/lt\/wp-json\/wp\/v2\/posts"}],"about":[{"href":"https:\/\/www.europesays.com\/lt\/wp-json\/wp\/v2\/types\/post"}],"author":[{"embeddable":true,"href":"https:\/\/www.europesays.com\/lt\/wp-json\/wp\/v2\/users\/2"}],"replies":[{"embeddable":true,"href":"https:\/\/www.europesays.com\/lt\/wp-json\/wp\/v2\/comments?post=200877"}],"version-history":[{"count":0,"href":"https:\/\/www.europesays.com\/lt\/wp-json\/wp\/v2\/posts\/200877\/revisions"}],"wp:featuredmedia":[{"embeddable":true,"href":"https:\/\/www.europesays.com\/lt\/wp-json\/wp\/v2\/media\/200878"}],"wp:attachment":[{"href":"https:\/\/www.europesays.com\/lt\/wp-json\/wp\/v2\/media?parent=200877"}],"wp:term":[{"taxonomy":"category","embeddable":true,"href":"https:\/\/www.europesays.com\/lt\/wp-json\/wp\/v2\/categories?post=200877"},{"taxonomy":"post_tag","embeddable":true,"href":"https:\/\/www.europesays.com\/lt\/wp-json\/wp\/v2\/tags?post=200877"}],"curies":[{"name":"wp","href":"https:\/\/api.w.org\/{rel}","templated":true}]}}