{"id":200921,"date":"2026-06-11T17:30:14","date_gmt":"2026-06-11T17:30:14","guid":{"rendered":"https:\/\/www.europesays.com\/lt\/200921\/"},"modified":"2026-06-11T17:30:14","modified_gmt":"2026-06-11T17:30:14","slug":"kt-lygtinio-paleidimo-netaikymas-del-seksualiniu-nusikaltimu-pries-vaikus-nekonstitucinis-respublika-lt","status":"publish","type":"post","link":"https:\/\/www.europesays.com\/lt\/200921\/","title":{"rendered":"KT: lygtinio paleidimo netaikymas d\u0117l seksualini\u0173 nusikaltim\u0173 prie\u0161 vaikus \u2013 nekonstitucinis &#8211; Respublika.lt"},"content":{"rendered":"<p style=\"text-align: justify;\" class=\"desktop_banner\">\u00a0<\/p>\n<p style=\"text-align: left;\">Tok\u012f sprendim\u0105 KT pri\u0117m\u0117, i\u0161nagrin\u0117jusi u\u017e paaugli\u0173 seksualin\u012f i\u0161naudojim\u0105 kalin\u010dio buvusio jaunimo mentoriaus Remigijaus Jak\u0161\u010dio individual\u0173j\u012f skund\u0105, kuriuo nuteistasis siek\u0117, kad jam ir kitiems u\u017e pana\u0161aus pob\u016bd\u017eio nusikaltimus asmenims b\u016bt\u0173 taikomas lygtinis paleidimas.<\/p>\n<p style=\"text-align: left;\">R. Jak\u0161tys siek\u0117 lygtinio paleidimo, ta\u010diau teismai tokio jo pra\u0161ymo netenkino.<\/p>\n<p style=\"text-align: left;\">Gali pretenduoti \u012f lygtin\u012f paleidim\u0105<\/p>\n<p style=\"text-align: left;\">KT savo nutarime \u0161ioje byloje atkreip\u0117 d\u0117mes\u012f \u012f tai, kad viena i\u0161 svarbi\u0173 priemoni\u0173 nuteistam asmeniui pasirengti savo gyvenimo tiksl\u0173 siekti teis\u0117tais b\u016bdais ir priemon\u0117mis yra lygtinis paleidimas, o \u012fstatym\u0173 leid\u0117jas, nustatydamas teisin\u012f lygtinio paleidimo reguliavim\u0105, turi laikytis konstitucinio proporcingumo principo ir neriboti lygtinio paleidimo galimybi\u0173 labiau, nei b\u016btina teis\u0117tiems ir visuomenei svarbiems tikslams pasiekti.\u00a0<\/p>\n<p style=\"text-align: left;\">\u201e\u012estatym\u0173 leid\u0117jas gali atsi\u017evelgti \u012f asmen\u0173 padaryt\u0173 nusikaltim\u0173 sunkum\u0105, j\u0173 pob\u016bd\u012f ir tam tikrus nusikaltimus padariusiems asmenims nustatyti grie\u017etesnes lygtinio paleidimo s\u0105lygas.<\/p>\n<p style=\"text-align: left;\">Ta\u010diau absoliutaus draudimo taikyti lygtin\u012f paleidim\u0105 negali lemti vien tik asmens padaryto nusikaltimo priskyrimas tam tikrai r\u016b\u0161iai, netaikant individualaus vertinimo ir visi\u0161kai neatsi\u017evelgiant \u012f nuteistojo elges\u012f bausm\u0117s atlikimo metu, jo pastangas bei pa\u017eang\u0105, rodan\u010di\u0105 ma\u017eesn\u0119 pakartotinio nusikalstamumo rizik\u0105\u201c, \u2013 nurod\u0117 KT.<\/p>\n<p style=\"text-align: left;\">Teismas atkreip\u0117 d\u0117mes\u012f \u012f tai, kad u\u017e nusikaltimus nepilname\u010dio seksualinio apsisprendimo laisvei ar nelie\u010diamumui kalintiems asmenims netaikant lygtinio paleidimo, \u0161ie nuteistieji taip pat praranda galimyb\u0119 b\u016bti individualiai \u012fvertinti, jiems n\u0117ra taikoma probacija, jie neturi galimyb\u0117s laikytis lygtinio paleidimo draudim\u0173, kuriais siekiama ma\u017einti nuteist\u0173j\u0173 pakartotin\u012f nusikalstamum\u0105.\u00a0<\/p>\n<p style=\"text-align: left;\">\u201eTokiu (&#8230;) \u012ftvirtintu teisiniu reguliavimu min\u0117ti asmenys n\u0117ra skatinami keisti savo elges\u012f ir daryti pa\u017eang\u0105, taip apsunkinama min\u0117t\u0173 nusikaltimus padariusi\u0173 asmen\u0173 reintegracija \u012f visuomen\u0119 atlikus bausm\u0119, nesudaromos s\u0105lygos ma\u017einti nusikalstamo elgesio rizik\u0105\u201c, \u2013 teigia KT.<\/p>\n<p style=\"text-align: left;\">\u201e\u0160i\u0173 asmen\u0173 paleidimas i\u0161 laisv\u0117s at\u0117mimo viet\u0173 \u012fstaigos pasibaigus paskirtos laisv\u0117s at\u0117mimo bausm\u0117s laikui, netaikant probacijos tarnybos vykdomos prie\u017ei\u016bros ir lygtinio paleidimo s\u0105lyg\u0173, yra ma\u017eiau palankus ne tik nepilname\u010di\u0173 asmen\u0173, bet ir visos visuomen\u0117s saugumui, nei kontroliuojamas, individualiu vertinimu gr\u012fstas, j\u0173 gr\u012f\u017eimas \u012f visuomen\u0119, taikant lygtin\u012f paleidim\u0105\u201c, \u2013 nurod\u0117 teismas.\u00a0<\/p>\n<p style=\"text-align: left;\">Teismas konstatavo, kad teisinis reguliavimas, u\u017ekertantis keli\u0105 individualiai vertinti nuteist\u0173j\u0173 pastangas keisti savo elges\u012f ir j\u0173 padaryt\u0105 pa\u017eang\u0105, n\u0117ra b\u016btinas konstituci\u0161kai svarbiam tikslui \u2013 padidinti nepilname\u010di\u0173 asmen\u0173 seksualinio apsisprendimo laisv\u0117s ir(ar) nelie\u010diamumo apsaug\u0105 \u2013 pasiekti.<\/p>\n<p style=\"text-align: left;\">KT vertinimu, toks teisinis reguliavimas taip pat nesudaro prielaid\u0173 tinkamai \u012fgyvendinti bausm\u0117s tikslus \u2013 ne tik nubausti asmen\u012f u\u017e nusikaltimus, j\u012f izoliuojant nuo visuomen\u0117s, bet ir nusikaltus\u012f asmen\u012f resocializuoti, kad jis savo gyvenimo tiksl\u0173 siekt\u0173 teis\u0117tais b\u016bdais ir priemon\u0117mis.\u00a0<\/p>\n<p style=\"text-align: left;\">Anot teismo, lygtinis paleidimas turi b\u016bti organizuojamas taip, kad nuteistojo resocializacijos ir reintegracijos tikslai b\u016bt\u0173 suderinti su veiksminga nukent\u0117jusi\u0173j\u0173 ir visuomen\u0117s apsauga nuo pakartotinio nusikalstamumo.\u00a0<\/p>\n<p style=\"text-align: left;\">KT atkreip\u0117 d\u0117mes\u012f \u012f tai, kad po \u0161io nutarimo paskelnimo visi asmenys, atliekantiems bausm\u0119 u\u017e nusikaltimus nepilname\u010dio asmens seksualinio apsisprendimo laisvei ar nelie\u010diamumui, \u012fgyja teis\u0119 pretenduoti \u012f lygtinio paleidimo galimyb\u0119 ir individualios situacijos vertinim\u0105, kuris atliekamas kiekvienu konkre\u010diu atveju, atsi\u017evelgiant \u012f bausm\u0119 atliekan\u010dio asmens faktin\u012f pavojingum\u0105 ir kitas lygtinio paleidimo taikymui reik\u0161mingas aplinkybes.<\/p>\n<p style=\"text-align: left;\">Ne kart\u0105 teistas<\/p>\n<p style=\"text-align: left;\">\u012e KT su individualiuoju skundu kreip\u0119sis R. Jak\u0161ys yra ne kart\u0105 nuteistas u\u017e seksualinio pob\u016bd\u017eio nusikaltimus prie\u0161 nepilname\u010dius.<\/p>\n<p style=\"text-align: left;\">Pernai gruod\u012f Kauno apylink\u0117s teismas j\u012f pripa\u017eino kaltu u\u017e paaugli\u0173 seksualin\u012f i\u0161naudojim\u0105.<\/p>\n<p style=\"text-align: left;\">U\u017e trij\u0173 jaunesni\u0173 nei 16 met\u0173 moksleivi\u0173 tvirkinim\u0105 kaunie\u010diui buvo skirta 1 met\u0173 ir 8 m\u0117nesi\u0173 laisv\u0117s at\u0117mimo bausm\u0117. \u0160i bausm\u0117 subendrinta su nuosprend\u017eiu kitoje byloje ir paskirta galutin\u0117 4 met\u0173 3 m\u0117nesi\u0173 laisv\u0117s at\u0117mimo bausm\u0117.\u00a0<\/p>\n<p style=\"text-align: left;\">R. Jak\u0161tys \u0161iuo metu Pravieni\u0161ki\u0173 kal\u0117jime atlieka jam ansk\u010diau teismo skirt\u0105 pustre\u010di\u0173 met\u0173 laisv\u0117s at\u0117mimo bausm\u0119 u\u017e seksualinio pob\u016bd\u017eio nusikaltimus prie\u0161 nepilname\u010dius.<\/p>\n<p style=\"text-align: left;\">Dar kitoje byloje, susijusioje su nepilname\u010di\u0173 seksualiniu i\u0161naudojimu, jis jau yra atlik\u0119s are\u0161to bausm\u0119.<\/p>\n<p style=\"text-align: left;\">Vienos i\u0161 teismo nagrin\u0117tos bylos duomenimis, 2018 m. lapkri\u010dio \u2013 2020 m. vasario m\u0117nesio laikotarpyje kaltinamasis R. Jak\u0161tys galimai \u012fvykd\u0117 seksualinio pob\u016bd\u017eio nusikalstamas veikas prie\u0161 tris nepilname\u010dius asmenis. Kai kurie nusikaltimai buvo \u012fvykdyti u\u017esienyje.<\/p>\n<p style=\"text-align: left;\">Teismo nuosprendyje ra\u0161oma, kad \u00a0kaltinamojo veikimo b\u016bdas \u2013 siekis u\u017emegzti ry\u0161\u012f b\u016btent su nepilname\u010diais nukent\u0117jusiaisiais, sudarant s\u0117kmingo, \u012ftakingo jauno \u017emogaus \u012fvaizd\u012f, melagingai prisistatant kaip dirbant\u012f garsiose \u012fmon\u0117se, kontrol\u0117 ir manipuliacija, prie\u0161ingai \u2013 rodo, jog R. Jakt\u0161ys suvok\u0117, kas nepilname\u010diams daro \u012fsp\u016bd\u012f, kaip \u012fgyti j\u0173 pasitik\u0117jim\u0105, suvok\u0117, kad nepilname\u010diai yra pa\u017eeid\u017eiamesni, n\u0117ra pakankamai brand\u016bs ir patyr\u0119 atskirti tinkam\u0105 elges\u012f nuo netinkamo, ir tuo naudojosi.<\/p>\n<p style=\"text-align: left;\">\u201eBe to, kaltinamojo veikimo schema \u2013 pirma \u012fgyti nepilname\u010di\u0173 pasitik\u0117jim\u0105 susira\u0161in\u0117jant s\u0117km\u0117s, sav\u0119s tobul\u0117jimo, karjeros temomis, tokiu b\u016bdu u\u017emegzti ry\u0161\u012f, o po to pereiti prie intymi\u0173 viet\u0173 lietimo, apnuoginto lytinio organo nuotrauk\u0173 siuntimo rodo, jog kaltinamasis nor\u0117jo taip veikti, t. y. veik\u0117 tiesiogine ty\u010dia\u201c, \u2013 paskelb\u0117 teismas.<\/p>\n<p style=\"text-align: left;\">2024 m. baland\u012f Kauno apygardos teismas R. Jak\u0161\u010diui u\u017e trij\u0173 jaunesni\u0173 nei 16 met\u0173 paaugli\u0173 tvirkinim\u0105 ir lytin\u0117s aistros tenkinim\u0105, pa\u017eeid\u017eiant nepilname\u010dio seksualinio apsisprendimo laisv\u0119 ir nelie\u010diamum\u0105, skyr\u0117 reali\u0105 pustre\u010di\u0173 met\u0173 kal\u0117jimo bausm\u0119.\u00a0<\/p>\n<p style=\"text-align: left;\">2021 met\u0173 gruod\u012f Kauno apylink\u0117s teismas u\u017e 4 nepilname\u010di\u0173 tvirkinim\u0105 jam skyr\u0117 laisv\u0117s apribojimo bausm\u0119, kuri, nesilaikant \u012fpareigojim\u0173 nebendrauti su nepilname\u010diais, buvo pakeista \u012f 90 par\u0173 are\u0161t\u0105.\u00a0<\/p>\n","protected":false},"excerpt":{"rendered":"\u00a0 Tok\u012f sprendim\u0105 KT pri\u0117m\u0117, i\u0161nagrin\u0117jusi u\u017e paaugli\u0173 seksualin\u012f i\u0161naudojim\u0105 kalin\u010dio buvusio jaunimo mentoriaus Remigijaus Jak\u0161\u010dio individual\u0173j\u012f skund\u0105,&hellip;\n","protected":false},"author":2,"featured_media":200922,"comment_status":"","ping_status":"","sticky":false,"template":"","format":"standard","meta":{"footnotes":"","_share_on_mastodon":"0"},"categories":[13],"tags":[25,30,31,3000,34,35,24,1167,2213,32,33,37,39,36,38,40,23,22,2716,9577,28,29,26,27],"class_list":["post-200921","post","type-post","status-publish","format-standard","has-post-thumbnail","category-lietuva","tag-antrastes","tag-breaking-news","tag-breakingnews","tag-draudimas","tag-featured-news","tag-featurednews","tag-headlines","tag-konstitucija","tag-kt","tag-latest-news","tag-latestnews","tag-lietuva","tag-lietuviu","tag-lithuania","tag-lithuanian","tag-lt","tag-naujienos","tag-news","tag-nusikaltimai","tag-paleidimas","tag-populiariausios-naujienos","tag-populiariausiosnaujienos","tag-top-stories","tag-topstories"],"share_on_mastodon":{"url":"https:\/\/pubeurope.com\/@lt\/116732666025818849","error":""},"_links":{"self":[{"href":"https:\/\/www.europesays.com\/lt\/wp-json\/wp\/v2\/posts\/200921","targetHints":{"allow":["GET"]}}],"collection":[{"href":"https:\/\/www.europesays.com\/lt\/wp-json\/wp\/v2\/posts"}],"about":[{"href":"https:\/\/www.europesays.com\/lt\/wp-json\/wp\/v2\/types\/post"}],"author":[{"embeddable":true,"href":"https:\/\/www.europesays.com\/lt\/wp-json\/wp\/v2\/users\/2"}],"replies":[{"embeddable":true,"href":"https:\/\/www.europesays.com\/lt\/wp-json\/wp\/v2\/comments?post=200921"}],"version-history":[{"count":0,"href":"https:\/\/www.europesays.com\/lt\/wp-json\/wp\/v2\/posts\/200921\/revisions"}],"wp:featuredmedia":[{"embeddable":true,"href":"https:\/\/www.europesays.com\/lt\/wp-json\/wp\/v2\/media\/200922"}],"wp:attachment":[{"href":"https:\/\/www.europesays.com\/lt\/wp-json\/wp\/v2\/media?parent=200921"}],"wp:term":[{"taxonomy":"category","embeddable":true,"href":"https:\/\/www.europesays.com\/lt\/wp-json\/wp\/v2\/categories?post=200921"},{"taxonomy":"post_tag","embeddable":true,"href":"https:\/\/www.europesays.com\/lt\/wp-json\/wp\/v2\/tags?post=200921"}],"curies":[{"name":"wp","href":"https:\/\/api.w.org\/{rel}","templated":true}]}}