{"id":200951,"date":"2026-06-11T18:13:10","date_gmt":"2026-06-11T18:13:10","guid":{"rendered":"https:\/\/www.europesays.com\/lt\/200951\/"},"modified":"2026-06-11T18:13:10","modified_gmt":"2026-06-11T18:13:10","slug":"utena-tiesiog-plauke-prilijo-iki-keliu-uzfiksavo-vaizdus","status":"publish","type":"post","link":"https:\/\/www.europesays.com\/lt\/200951\/","title":{"rendered":"Utena tiesiog plauk\u0117: prilijo iki keli\u0173, u\u017efiksavo vaizdus"},"content":{"rendered":"<p>Socialinio tinklo \u201eFacebook\u201c grup\u0117je \u201eOr\u0173 entuziastai\u201c gyventojas Paulius pasidalijo vaizdais i\u0161 Utenos.<\/p>\n<p>\u201eUtena 06-11. 15:15. Prilijo iki keli\u0173, vanduo ver\u017eiasi i\u0161 \u0161ulini\u0173\u201c, \u2013 ra\u0161\u0117 jis.<\/p>\n<p>Paskelbtuose vaizduose matyti vandeniu apsemtos gatv\u0117s. Lietuvos hidrometeorologijos tarnyba anks\u010diau persp\u0117jo, kad rytin\u0117je \u0161alies dalyje gali i\u0161kristi itin gaus\u016bs krituliai, o d\u0117l intensyvi\u0173 li\u016b\u010di\u0173 kai kuriose vietov\u0117se galimi trumpalaikiai u\u017etvindymai.<\/p>\n<p>Meteorologai gyventojus ragina i\u0161likti budrius, vengti apsemt\u0173 kelio ruo\u017e\u0173 ir sekti naujausius persp\u0117jimus.<\/p>\n<p>Ugniagesiai gelb\u0117tojai ketvirtadienio popiet\u0119 jau sulauk\u0117 apie 20-ties prane\u0161im\u0173 d\u0117l audros nuverst\u0173 med\u017ei\u0173.<\/p>\n<p>\u201eUtenos rajonas, Mol\u0117tai, Zarasai, vyrauja Utenos apskritis. Mol\u0117t\u0173 rajone medis nukrito ant kelio va\u017eiuojamosios dalies, o Zarasuose medis nukrito ant laid\u0173\u201c, \u2013 Eltai sak\u0117 Prie\u0161gaisrin\u0117s apsaugos ir gelb\u0117jimo departamento atstov\u0117 Sonata Kukien\u0117.<\/p>\n<p>Ketvirtadien\u012f per Lietuv\u0105 slenkant audros debesims ir sinoptikams prognozuojant \u0161kval\u0105 ir kru\u0161\u0105, per 11 t\u016bkst. nam\u0173 \u016bki\u0173 yra lik\u0119 be elektros, rodo \u201eEnergijos skirstymo operatoriaus\u201c (ESO) duomenys. <\/p>\n<p>Daugiausia sutrikim\u0173 fiksuojama ties \u0160al\u010dininkais ir Mol\u0117tais. ESO stengiasi \u0161alinti sutrikimus.<\/p>\n<p>ESO: Utenos regionas nukent\u0117jo labiausiai<\/p>\n<p>Audros padariniai ypa\u010d ry\u0161k\u016bs Utenos regione. ESO pateiktose nuotraukose matyti su \u0161aknimis i\u0161versti med\u017eiai, nutraukti elektros laidai ir stipraus v\u0117jo nuniokotos teritorijos.<\/p>\n<p>    <img decoding=\"async\" src=\"https:\/\/www.europesays.com\/lt\/wp-content\/uploads\/2026\/06\/2c95e6e3-e029-4dcc-bc1d-94e40de968ae.jpg\" loading=\"lazy\" alt=\"V\u0117jo padariniai Utenoje\"\/>      <img decoding=\"async\" src=\"https:\/\/www.europesays.com\/lt\/wp-content\/uploads\/2026\/06\/c2bdb561-8534-4976-8daa-49490e4cf675.jpg\" loading=\"lazy\" alt=\"V\u0117jo padariniai Utenoje\"\/>      <\/p>\n<p>Gyventojai socialiniuose tinkluose taip pat dalijasi audros padarini\u0173 vaizdais. \u201eFacebook\u201c grup\u0117je \u201eOr\u0173 entuziastai\u201c skelbiamuose \u012fra\u0161uose matyti stipriai nukent\u0117j\u0119 mi\u0161kai. Kai kuriuose vaizdo \u012fra\u0161uose u\u017efiksuota, kaip de\u0161imtys med\u017ei\u0173 i\u0161lau\u017eyti ar i\u0161versti su \u0161aknimis, o mi\u0161ko keliukai nus\u0117ti nul\u016b\u017eusiomis \u0161akomis ir spygliais.<\/p>\n<p>Kiti gyventojai dalijasi vaizdais i\u0161 apylinki\u0173 tarp Linkmen\u0173 ir Kaltan\u0117n\u0173, kur audra paliko ypa\u010d ry\u0161ki\u0173 p\u0117dsak\u0173. Vaizduose matyti i\u0161tisos i\u0161vartyt\u0173 ir i\u0161lau\u017eyt\u0173 med\u017ei\u0173 juostos.<\/p>\n<p>Utenos rajono meras Marijus Kauk\u0117nas portalui 15min teig\u0117, kad savivaldyb\u0117 \u0161iuo metu renka informacij\u0105 apie audros padaryt\u0105 \u017eal\u0105.<\/p>\n<p>\u201e\u0160iuo metu renkame informacij\u0105 i\u0161 seni\u016bnij\u0173. Dalyje j\u0173 n\u0117ra elektros, kai kur med\u017eius i\u0161vart\u0117 (&#8230;) Nemalonu, bet ne pirm\u0105 kart\u0105 tokios gamtos \u0161\u0117lion\u0117s\u201c, \u2013 15min sak\u0117 meras.<\/p>\n<p>Pasak jo, kol kas daugiausia prane\u0161im\u0173 sulaukiama i\u0161 Daugaili\u0173 ir Sudeiki\u0173 seni\u016bnij\u0173. Meras taip pat pa\u017eym\u0117jo, kad Utenoje po smarkios li\u016bties buvo u\u017eliet\u0173 kiem\u0173 ir gatvi\u0173, ta\u010diau tokios situacijos mieste n\u0117ra ne\u012fprastos.<\/p>\n<p>Hidrometeorologijos tarnyba skelbia kad 15.25 val. duomenimis daugelyje \u0161alies vietovi\u0173 slinko lietaus debesys. Vilniaus ir Utenos apskrityse juos lydi perk\u016bnija, fiksuojamas smarkus lietus ir v\u0117jo g\u016bsiai 15\u201320 m\/s. \u0160al\u010dinink\u0173 apylink\u0117se fiksuota stambi kru\u0161a iki 3 cm.<\/p>\n","protected":false},"excerpt":{"rendered":"Socialinio tinklo \u201eFacebook\u201c grup\u0117je \u201eOr\u0173 entuziastai\u201c gyventojas Paulius pasidalijo vaizdais i\u0161 Utenos. \u201eUtena 06-11. 15:15. Prilijo iki keli\u0173,&hellip;\n","protected":false},"author":2,"featured_media":200952,"comment_status":"","ping_status":"","sticky":false,"template":"","format":"standard","meta":{"footnotes":"","_share_on_mastodon":"0"},"categories":[13],"tags":[25,788,30,31,34,35,24,32,33,37,39,2866,36,38,966,40,23,22,28,29,3289,26,27,2539],"class_list":["post-200951","post","type-post","status-publish","format-standard","has-post-thumbnail","category-lietuva","tag-antrastes","tag-audra","tag-breaking-news","tag-breakingnews","tag-featured-news","tag-featurednews","tag-headlines","tag-latest-news","tag-latestnews","tag-lietuva","tag-lietuviu","tag-lietuvos-hidrometeorologijos-tarnyba","tag-lithuania","tag-lithuanian","tag-liutys","tag-lt","tag-naujienos","tag-news","tag-populiariausios-naujienos","tag-populiariausiosnaujienos","tag-potvynis","tag-top-stories","tag-topstories","tag-utena"],"share_on_mastodon":{"url":"https:\/\/pubeurope.com\/@lt\/116732835368686455","error":""},"_links":{"self":[{"href":"https:\/\/www.europesays.com\/lt\/wp-json\/wp\/v2\/posts\/200951","targetHints":{"allow":["GET"]}}],"collection":[{"href":"https:\/\/www.europesays.com\/lt\/wp-json\/wp\/v2\/posts"}],"about":[{"href":"https:\/\/www.europesays.com\/lt\/wp-json\/wp\/v2\/types\/post"}],"author":[{"embeddable":true,"href":"https:\/\/www.europesays.com\/lt\/wp-json\/wp\/v2\/users\/2"}],"replies":[{"embeddable":true,"href":"https:\/\/www.europesays.com\/lt\/wp-json\/wp\/v2\/comments?post=200951"}],"version-history":[{"count":0,"href":"https:\/\/www.europesays.com\/lt\/wp-json\/wp\/v2\/posts\/200951\/revisions"}],"wp:featuredmedia":[{"embeddable":true,"href":"https:\/\/www.europesays.com\/lt\/wp-json\/wp\/v2\/media\/200952"}],"wp:attachment":[{"href":"https:\/\/www.europesays.com\/lt\/wp-json\/wp\/v2\/media?parent=200951"}],"wp:term":[{"taxonomy":"category","embeddable":true,"href":"https:\/\/www.europesays.com\/lt\/wp-json\/wp\/v2\/categories?post=200951"},{"taxonomy":"post_tag","embeddable":true,"href":"https:\/\/www.europesays.com\/lt\/wp-json\/wp\/v2\/tags?post=200951"}],"curies":[{"name":"wp","href":"https:\/\/api.w.org\/{rel}","templated":true}]}}