{"id":201056,"date":"2026-06-11T21:09:59","date_gmt":"2026-06-11T21:09:59","guid":{"rendered":"https:\/\/www.europesays.com\/lt\/201056\/"},"modified":"2026-06-11T21:09:59","modified_gmt":"2026-06-11T21:09:59","slug":"kaunietis-kreipesi-del-transporto-i-kauno-marias-savivaldybe-atskleide-planus","status":"publish","type":"post","link":"https:\/\/www.europesays.com\/lt\/201056\/","title":{"rendered":"Kaunietis kreip\u0117si d\u0117l transporto \u012f Kauno marias: savivaldyb\u0117 atskleid\u0117 planus"},"content":{"rendered":"<p>\u012e redakcij\u0105 kreip\u0117si skaitytojas, klausdamas, ar \u0161i\u0105 vasar\u0105 gyventojai v\u0117l gal\u0117s patogiai vie\u0161uoju transportu pasiekti Kauno marias.<\/p>\n<p>\u201ePagaliau vasara. Ar \u0161iemet sulauksime troleibus\u0173 reis\u0173 iki Kauno mari\u0173? Tai remontai, tai statybos, o kaunie\u010diams geru oru tenka netrump\u0105 atkarp\u0105 \u012fveikti p\u0117s\u010diomis. Yra ne tik poilsiautoj\u0173, bet ir \u017evej\u0173, Pa\u017eaislio vienuolyno darbuotoj\u0173. Gal visgi at\u0117jo laikas leisti troleibusus ar koreguoti 66-\u0105j\u012f autobus\u0173 mar\u0161rut\u0105?\u201c, \u2013 ra\u0161\u0117 skaitytojas.<\/p>\n<p>D\u0117l \u0161io klausimo kreip\u0117m\u0117s \u012f Kauno miesto savivaldyb\u0119.<\/p>\n<p>Kauno miesto savivaldyb\u0117s administracijos Transporto ir eismo organizavimo skyriaus ved\u0117jas Martynas Matusevi\u010dius nurod\u0117, kad kol kas troleibus\u0173 eismo atnaujinimo terminas n\u0117ra galutinai nustatytas.<\/p>\n<p>\u201ePa\u017eaislio festivalio koncertams organizuotas i\u0161ve\u017eimas autobusais. D\u0117l troleibus\u0173 eismo atnaujinimo bus sprend\u017eiama iki rudens u\u017ebaigus reikalingus infrastrukt\u016bros \u012frengimo darbus\u201c, \u2013 komentavo M. Matusevi\u010dius.<\/p>\n<p>Pasak savivaldyb\u0117s atstovo, keisti 66-ojo autobus\u0173 mar\u0161ruto taip pat neketinama.<\/p>\n<p>\u201eKeisti 66-\u0105j\u012f autobus\u0173 mar\u0161rut\u0105 neplanuojama. Jis organizuotas ir eismo tvarkara\u0161\u010diai suderinti su sporto mokykla \u201eBangp\u016btys\u201c, \u2013 teig\u0117 M. Matusevi\u010dius.<\/p>\n","protected":false},"excerpt":{"rendered":"\u012e redakcij\u0105 kreip\u0117si skaitytojas, klausdamas, ar \u0161i\u0105 vasar\u0105 gyventojai v\u0117l gal\u0117s patogiai vie\u0161uoju transportu pasiekti Kauno marias. \u201ePagaliau&hellip;\n","protected":false},"author":2,"featured_media":201057,"comment_status":"","ping_status":"","sticky":false,"template":"","format":"standard","meta":{"footnotes":"","_share_on_mastodon":"0"},"categories":[13],"tags":[25,5626,30,31,563,34,35,24,1061,25348,4094,32,33,37,39,36,38,40,23,22,28,29,19966,26,27,3456],"class_list":["post-201056","post","type-post","status-publish","format-standard","has-post-thumbnail","category-lietuva","tag-antrastes","tag-autobusai","tag-breaking-news","tag-breakingnews","tag-eismas","tag-featured-news","tag-featurednews","tag-headlines","tag-kaunas","tag-kauno-marios","tag-kauno-miesto-savivaldybe","tag-latest-news","tag-latestnews","tag-lietuva","tag-lietuviu","tag-lithuania","tag-lithuanian","tag-lt","tag-naujienos","tag-news","tag-populiariausios-naujienos","tag-populiariausiosnaujienos","tag-rekomenduojame","tag-top-stories","tag-topstories","tag-transportas"],"share_on_mastodon":{"url":"https:\/\/pubeurope.com\/@lt\/116733530821282793","error":""},"_links":{"self":[{"href":"https:\/\/www.europesays.com\/lt\/wp-json\/wp\/v2\/posts\/201056","targetHints":{"allow":["GET"]}}],"collection":[{"href":"https:\/\/www.europesays.com\/lt\/wp-json\/wp\/v2\/posts"}],"about":[{"href":"https:\/\/www.europesays.com\/lt\/wp-json\/wp\/v2\/types\/post"}],"author":[{"embeddable":true,"href":"https:\/\/www.europesays.com\/lt\/wp-json\/wp\/v2\/users\/2"}],"replies":[{"embeddable":true,"href":"https:\/\/www.europesays.com\/lt\/wp-json\/wp\/v2\/comments?post=201056"}],"version-history":[{"count":0,"href":"https:\/\/www.europesays.com\/lt\/wp-json\/wp\/v2\/posts\/201056\/revisions"}],"wp:featuredmedia":[{"embeddable":true,"href":"https:\/\/www.europesays.com\/lt\/wp-json\/wp\/v2\/media\/201057"}],"wp:attachment":[{"href":"https:\/\/www.europesays.com\/lt\/wp-json\/wp\/v2\/media?parent=201056"}],"wp:term":[{"taxonomy":"category","embeddable":true,"href":"https:\/\/www.europesays.com\/lt\/wp-json\/wp\/v2\/categories?post=201056"},{"taxonomy":"post_tag","embeddable":true,"href":"https:\/\/www.europesays.com\/lt\/wp-json\/wp\/v2\/tags?post=201056"}],"curies":[{"name":"wp","href":"https:\/\/api.w.org\/{rel}","templated":true}]}}