{"id":201140,"date":"2026-06-12T03:35:07","date_gmt":"2026-06-12T03:35:07","guid":{"rendered":"https:\/\/www.europesays.com\/lt\/201140\/"},"modified":"2026-06-12T03:35:07","modified_gmt":"2026-06-12T03:35:07","slug":"skrendate-is-vilniaus-su-vaikais-teismas-tirs-ar-ryanair-pagristai-ima-mokesti-uz-vieta-salia-vaiko","status":"publish","type":"post","link":"https:\/\/www.europesays.com\/lt\/201140\/","title":{"rendered":"Skrendate i\u0161 Vilniaus su vaikais? Teismas tirs, ar \u201eRyanair&#8221; pagr\u012fstai ima mokest\u012f u\u017e viet\u0105 \u0161alia vaiko"},"content":{"rendered":"<p class=\"wp-block-paragraph\">Daugumai i\u0161 Vilniaus su vaikais skrendan\u010di\u0173 \u0161eim\u0173 \u0161is mokestis pa\u017e\u012fstamas: \u201e<a style=\"font-weight:bold;\" href=\"https:\/\/madeinvilnius.lt\/tema\/ryanair\/\" target=\"_blank\" rel=\"nofollow noopener\">Ryanair<\/a>\u201d reikalauja, kad t\u0117vai susimok\u0117t\u0173 u\u017e rezervuot\u0105 viet\u0105, jei nori s\u0117d\u0117ti \u0161alia savo 2\u201311 met\u0173 vaiko. Dabar Jungtin\u0117s Karalyst\u0117s konkurencijos pri\u017ei\u016br\u0117tojai ai\u0161kinsis, ar tai apskritai teis\u0117ta \u2013 o Italijoje po reguliuotojo \u012fsiki\u0161imo \u201eRyanair\u201d \u0161io mokes\u010dio jau atsisak\u0117.<\/p>\n<p class=\"wp-block-paragraph\">Jungtin\u0117s Karalyst\u0117s konkurencijos prie\u017ei\u016bros institucija \u2013 Konkurencijos ir rink\u0173 tarnyba (CMA) \u2013 ketvirtadien\u012f prane\u0161\u0117 prad\u0117jusi tyrim\u0105 d\u0117l Airijos aviakompanijos \u201eRyanair\u201d mokes\u010di\u0173, kuriuos t\u0117vai privalo sumok\u0117ti, kad gal\u0117t\u0173 s\u0117d\u0117ti \u0161alia savo vaik\u0173.<\/p>\n<p class=\"wp-block-paragraph\">Pigi\u0173 skryd\u017ei\u0173 bendrov\u0117 reikalauja, kad bent vienas i\u0161 t\u0117v\u0173 skryd\u017eio metu s\u0117d\u0117t\u0173 \u0161alia 2\u201311 met\u0173 am\u017eiaus vaik\u0173, ta\u010diau u\u017e tai jie turi sumok\u0117ti u\u017e \u201eprivalom\u0105 \u0161eimos viet\u0105\u201d.<\/p>\n<p class=\"wp-block-paragraph\">CMA tirs, ar \u0161is mokestis, paprastai siekiantis apie 8 svarus u\u017e skryd\u012f, yra \u201es\u0105\u017einingas\u201d pagal vartotoj\u0173 teis\u0117s aktus. Kitiems keleiviams vietos rezervavimas yra neprivalomas.<\/p>\n<p class=\"wp-block-paragraph\">CMA teig\u0117 sieksianti nustatyti, ar \u201eRyanair\u201d viet\u0173 rezervavimo mokes\u010diai rei\u0161kia, kad i\u0161 t\u0117v\u0173 imamas mokestis u\u017e \u201evaik\u0173 saugumo ir su negalia susijusi\u0173 \u012fsipareigojim\u0173, nustatyt\u0173 aviacijos taisykl\u0117se, vykdym\u0105\u201d.<\/p>\n<p class=\"wp-block-paragraph\">\u201eKaip supranta CMA, \u201eRyanair\u201d yra vienintel\u0117 didel\u0117 i\u0161 Jungtin\u0117s Karalyst\u0117s skraidanti aviakompanija, kuri taiko \u0161\u012f mokest\u012f\u201d, \u2013 prid\u016br\u0117 agent\u016bra. Ji taip pat pa\u017eym\u0117jo, kad \u201eRyanair\u201d neima tokio mokes\u010dio skryd\u017eiams \u012f Italij\u0105 ir i\u0161 jos po Italijos civilin\u0117s aviacijos institucijos veiksm\u0173.<\/p>\n<p class=\"wp-block-paragraph\">Komentuodama naujien\u0105 apie prad\u0117t\u0105 tyrim\u0105, \u201eRyanair\u201d teig\u0117, kad jos \u0161eimos s\u0117dim\u0173 viet\u0173 politika \u201evisi\u0161kai atitinka visus atitinkamus \u012fstatymus ir reglamentus\u201d.<\/p>\n<p class=\"wp-block-paragraph\">\u201eSu vaikais keliaujantys suaugusieji moka vien\u0105 rezervuotos vietos mokest\u012f, ta\u010diau toje pa\u010dioje rezervacijoje gali nemokamai pasirinkti rezervuotas vietas \u0161alia sav\u0119s iki 4 vaik\u0173\u201d, \u2013 teig\u0117 bendrov\u0117 savo parei\u0161kime.<\/p>\n<p class=\"wp-block-paragraph\">\u201eRyanair\u201d tikisi paneigti \u0161iuos klaidingus CMA teiginius per \u0161\u012f fiktyv\u0173 tyrim\u0105\u201d, \u2013 prid\u016br\u0117 ji.<\/p>\n<p class=\"wp-block-paragraph\">CMA teig\u0117, kad tikisi pateikti naujausios informacijos apie tyrim\u0105 per \u0161e\u0161is m\u0117nesius.<\/p>\n<p class=\"wp-block-paragraph\">Vartotoj\u0173 apsaugos \u012fstatym\u0173 pa\u017eeidimas JK gali u\u017etraukti baudas, siekian\u010dias iki 10 procent\u0173 bendrov\u0117s pasaulini\u0173 pajam\u0173.<\/p>\n<blockquote class=\"wp-block-quote is-layout-flow wp-block-quote-is-layout-flow\"><p>K\u0105 tai rei\u0161kia skrendantiems i\u0161 Vilniaus?<\/p>\n<ul class=\"wp-block-list\">\n<li>\u201eRyanair\u201d <a style=\"font-weight:bold;\" href=\"https:\/\/madeinvilnius.lt\/tema\/vilniaus-oro-uostas\/\" target=\"_blank\" rel=\"nofollow noopener\">Vilniaus oro uoste<\/a>: TOP 3 aviacijos bendrovi\u0173 skraidinan\u010di\u0173 i\u0161 Vilniaus.<\/li>\n<li>Mar\u0161rutai \u012f JK i\u0161 Vilniaus: I\u0161 viso \u201eRyanair\u201c tarp Vilniaus ir Londono vykdo apie 14 tiesiogini\u0173 skryd\u017ei\u0173 per savait\u0119, aptarnaudama du Londono oro uostus \u2013 Stansted\u0105 ir Luton\u0105.<\/li>\n<li>Kiek tai kainuoja: 8 svarai \u2013 apie 9,4 eur\u0173<\/li>\n<li>Ar mokestis taikomas skryd\u017eiams i\u0161 Lietuvos? Taip \u2013 i\u0161imt\u012f \u201eRyanair\u201d kol kas padar\u0117 tik Italijos mar\u0161rutams, po Italijos civilin\u0117s aviacijos institucijos veiksm\u0173. JK tyrimo baigtis gali tapti precedentu ir kitoms \u0161alims.<\/li>\n<\/ul>\n<\/blockquote>\n<p class=\"wp-block-paragraph\">Parengta pagal AFP-BNS informacij\u0105. Papildyta MadeinVilnius.lt redakcijos priera\u0161ais.<\/p>\n","protected":false},"excerpt":{"rendered":"Daugumai i\u0161 Vilniaus su vaikais skrendan\u010di\u0173 \u0161eim\u0173 \u0161is mokestis pa\u017e\u012fstamas: \u201eRyanair\u201d reikalauja, kad t\u0117vai susimok\u0117t\u0173 u\u017e rezervuot\u0105 viet\u0105,&hellip;\n","protected":false},"author":2,"featured_media":127618,"comment_status":"","ping_status":"","sticky":false,"template":"","format":"standard","meta":{"footnotes":"","_share_on_mastodon":"0"},"categories":[17],"tags":[81,37,39,36,38,40,65,1329,46],"class_list":["post-201140","post","type-post","status-publish","format-standard","has-post-thumbnail","category-verslas","tag-business","tag-lietuva","tag-lietuviu","tag-lithuania","tag-lithuanian","tag-lt","tag-naujiena","tag-ryanair","tag-verslas"],"share_on_mastodon":{"url":"https:\/\/pubeurope.com\/@lt\/116735044597452161","error":""},"_links":{"self":[{"href":"https:\/\/www.europesays.com\/lt\/wp-json\/wp\/v2\/posts\/201140","targetHints":{"allow":["GET"]}}],"collection":[{"href":"https:\/\/www.europesays.com\/lt\/wp-json\/wp\/v2\/posts"}],"about":[{"href":"https:\/\/www.europesays.com\/lt\/wp-json\/wp\/v2\/types\/post"}],"author":[{"embeddable":true,"href":"https:\/\/www.europesays.com\/lt\/wp-json\/wp\/v2\/users\/2"}],"replies":[{"embeddable":true,"href":"https:\/\/www.europesays.com\/lt\/wp-json\/wp\/v2\/comments?post=201140"}],"version-history":[{"count":0,"href":"https:\/\/www.europesays.com\/lt\/wp-json\/wp\/v2\/posts\/201140\/revisions"}],"wp:featuredmedia":[{"embeddable":true,"href":"https:\/\/www.europesays.com\/lt\/wp-json\/wp\/v2\/media\/127618"}],"wp:attachment":[{"href":"https:\/\/www.europesays.com\/lt\/wp-json\/wp\/v2\/media?parent=201140"}],"wp:term":[{"taxonomy":"category","embeddable":true,"href":"https:\/\/www.europesays.com\/lt\/wp-json\/wp\/v2\/categories?post=201140"},{"taxonomy":"post_tag","embeddable":true,"href":"https:\/\/www.europesays.com\/lt\/wp-json\/wp\/v2\/tags?post=201140"}],"curies":[{"name":"wp","href":"https:\/\/api.w.org\/{rel}","templated":true}]}}