{"id":201440,"date":"2026-06-12T10:06:18","date_gmt":"2026-06-12T10:06:18","guid":{"rendered":"https:\/\/www.europesays.com\/lt\/201440\/"},"modified":"2026-06-12T10:06:18","modified_gmt":"2026-06-12T10:06:18","slug":"aukcione-bus-parduodama-pirmoji-odine-rankine-pagaminta-is-tiranozauro-lasteliu-respublika-lt","status":"publish","type":"post","link":"https:\/\/www.europesays.com\/lt\/201440\/","title":{"rendered":"Aukcione bus parduodama pirmoji odin\u0117 rankin\u0117, pagaminta i\u0161 tiranozauro l\u0105steli\u0173 &#8211; Respublika.lt"},"content":{"rendered":"<p style=\"text-align: justify;\" class=\"desktop_banner\">\u00a0<\/p>\n<p style=\"text-align: left;\">\u0160i pavasar\u012f Amsterdame pristatyta rankin\u0117 buvo pagaminta i\u0161 kolageno liku\u010di\u0173, paimt\u0173 i\u0161 tiranozauro (Tyrannosaurus rex) \u0161launikaulio, kuris prie\u0161 25 metus buvo rastas JAV Montanos valstijoje.<\/p>\n<p style=\"text-align: left;\">\u201ePastaraisiais metais mes suk\u016br\u0117me metodus \u2013 biotechnologijas, kurios leid\u017eia mums \u201enurodyti\u201c l\u0105steli\u0173 kult\u016brai laboratorijoje pagaminti, taip sakant, tikr\u0105 tiranozauro od\u0105\u201c, \u2013 neseniai naujien\u0173 agent\u016brai AFP sak\u0117 su \u0161iuo pardavimu susij\u0119s paleontologijos ekspertas Iacopo Briano.<\/p>\n<p style=\"text-align: left;\">Aukcion\u0173 namai \u201eDrouot\u201c, kur \u0161i rankin\u0117 bus pristatyta parduoti, neseniai i\u0161platintame prane\u0161ime j\u0105 apib\u016bdino kaip \u201eprecedento neturint\u012f daikt\u0105 prabangos istorijoje\u201c ir \u201emokslin\u012f pasiekim\u0105\u201c, leid\u017eiant\u012f gaminti od\u0105 \u201evisi\u0161kai nesinaudojant gyvulininkyste\u201c.<\/p>\n<p style=\"text-align: left;\">I. Briano pa\u017eym\u0117jo, kad \u0161i med\u017eiaga skiriasi nuo vegani\u0161kos odos, kuri da\u017eniausiai gaminama i\u0161 plastiko.<\/p>\n<p style=\"text-align: left;\">\u201e\u0160iuo atveju ji gauta i\u0161 l\u0105steli\u0173 kult\u016bros, taigi tai 100 procent\u0173 oda. Be to, ji kilusi i\u0161 gyv\u016bno, kuris i\u0161nyko prie\u0161 67 milijonus met\u0173!\u201c \u2013 sak\u0117 jis.<\/p>\n<p style=\"text-align: left;\">Nesant precedento, kuriuo b\u016bt\u0173 galima remtis, Alexandre Giquello, kurio aukcion\u0173 namai organizuoja \u0161\u012f pardavim\u0105, paai\u0161kino, kad jiems teko \u201enustatyti kain\u0105\u201c, kuri atspind\u0117t\u0173 tiek rankin\u0117s gamybai reikalingas investicijas, tiek jos retum\u0105.<\/p>\n<p style=\"text-align: left;\">A. Giquello \u0161\u012f daikt\u0105 \u012fkainojo nuo 300 iki 500 t\u016bkst. eur\u0173.<\/p>\n<p style=\"text-align: left;\">\u201eTai labai, labai didel\u0117 pinig\u0173 suma\u201c, \u2013 naujien\u0173 agent\u016brai AFP sak\u0117 A. Giquello.<\/p>\n<p style=\"text-align: left;\">\u201eBe to, tai unikalus daiktas. O kadangi retas daiktas b\u016bna brangus, \u0161tai jums ir rezultatas\u201c, \u2013 prid\u016br\u0117 jis.<\/p>\n","protected":false},"excerpt":{"rendered":"\u00a0 \u0160i pavasar\u012f Amsterdame pristatyta rankin\u0117 buvo pagaminta i\u0161 kolageno liku\u010di\u0173, paimt\u0173 i\u0161 tiranozauro (Tyrannosaurus rex) \u0161launikaulio, kuris&hellip;\n","protected":false},"author":2,"featured_media":201441,"comment_status":"","ping_status":"","sticky":false,"template":"","format":"standard","meta":{"footnotes":"","_share_on_mastodon":"0"},"categories":[17],"tags":[3540,81,31058,37,39,36,38,40,2655,675,31059,1232,46],"class_list":["post-201440","post","type-post","status-publish","format-standard","has-post-thumbnail","category-verslas","tag-aukcionas","tag-business","tag-giquello","tag-lietuva","tag-lietuviu","tag-lithuania","tag-lithuanian","tag-lt","tag-mada","tag-mokslas","tag-pancuzija","tag-rankine","tag-verslas"],"share_on_mastodon":{"url":"https:\/\/pubeurope.com\/@lt\/116736582395294414","error":""},"_links":{"self":[{"href":"https:\/\/www.europesays.com\/lt\/wp-json\/wp\/v2\/posts\/201440","targetHints":{"allow":["GET"]}}],"collection":[{"href":"https:\/\/www.europesays.com\/lt\/wp-json\/wp\/v2\/posts"}],"about":[{"href":"https:\/\/www.europesays.com\/lt\/wp-json\/wp\/v2\/types\/post"}],"author":[{"embeddable":true,"href":"https:\/\/www.europesays.com\/lt\/wp-json\/wp\/v2\/users\/2"}],"replies":[{"embeddable":true,"href":"https:\/\/www.europesays.com\/lt\/wp-json\/wp\/v2\/comments?post=201440"}],"version-history":[{"count":0,"href":"https:\/\/www.europesays.com\/lt\/wp-json\/wp\/v2\/posts\/201440\/revisions"}],"wp:featuredmedia":[{"embeddable":true,"href":"https:\/\/www.europesays.com\/lt\/wp-json\/wp\/v2\/media\/201441"}],"wp:attachment":[{"href":"https:\/\/www.europesays.com\/lt\/wp-json\/wp\/v2\/media?parent=201440"}],"wp:term":[{"taxonomy":"category","embeddable":true,"href":"https:\/\/www.europesays.com\/lt\/wp-json\/wp\/v2\/categories?post=201440"},{"taxonomy":"post_tag","embeddable":true,"href":"https:\/\/www.europesays.com\/lt\/wp-json\/wp\/v2\/tags?post=201440"}],"curies":[{"name":"wp","href":"https:\/\/api.w.org\/{rel}","templated":true}]}}