{"id":201471,"date":"2026-06-12T10:42:57","date_gmt":"2026-06-12T10:42:57","guid":{"rendered":"https:\/\/www.europesays.com\/lt\/201471\/"},"modified":"2026-06-12T10:42:57","modified_gmt":"2026-06-12T10:42:57","slug":"vilniuje-atidaryta-didziausia-salyje-n-baze","status":"publish","type":"post","link":"https:\/\/www.europesays.com\/lt\/201471\/","title":{"rendered":"Vilniuje atidaryta did\u017eiausia \u0161alyje \u201eN baz\u0117\u201c"},"content":{"rendered":"<p class=\"wp-block-paragraph\">Ketvirtadienio popiet\u0119 Vilniuje duris atv\u0117r\u0117 atnaujintas did\u017eiausias \u0161alyje \u201eNorfos\u201c prekybos centras \u201eN baz\u0117\u201c.<\/p>\n<p class=\"wp-block-paragraph\">Savanori\u0173 pr. 176 \u012fsik\u016br\u0119s kompleksas yra did\u017eiausias \u201eN baz\u0117\u201c prekybos centras visoje Lietuvoje, kurio plotas siekia net 25 t\u016bkst. kv. m. \u0160ioje \u201eN baz\u0117je\u201c dirbs \u201eHyper\u201c formato parduotuv\u0117, kurioje veiks 22 savitarnos ir 4 \u012fprastos kasos, taip pat atnaujintas kulinarijos cechas bei bandeli\u0173 kepykl\u0117l\u0117.<\/p>\n<p class=\"wp-block-paragraph\">Paskelbta, kad atnaujinimo metu beveik visa \u012franga buvo pakeista nauja. Vien parduotuv\u0117s prekybos sal\u0117s plotas \u010dia siekia beveik 5 t\u016bkst. kv. metr\u0173.<\/p>\n<p class=\"wp-block-paragraph\">\u012e prekybos vietos modernizavim\u0105 investuota 2,5 mln. eur\u0173. Pertvarkant prekybos centr\u0105, daug d\u0117mesio skirta ne tik parduotuv\u0117s funkcionalumui, bet ir vidaus interjerui. Taip pat atnaujintas ir pastato fasadas. Parduotuv\u0117je dirbs 56 darbuotojai.<\/p>\n<p class=\"wp-block-paragraph\">\u201eN baz\u0117je\u201c lankytoj\u0173 lauks ir atnaujinta vaistin\u0117, o dar 8 nuolatiniai nuomininkai baigia savo patalp\u0173 kapitalin\u012f remont\u0105. Prekybos centre taip pat \u012fsikurs naujos prekybos bei paslaug\u0173 vietos: \u201eSinsay\u201c, \u201eVynoteka\u201c bei vyr\u0173 kirpykla \u201eVizija\u201c. Be to, papildomai \u012frengtos 3 visi\u0161kai naujos nuomojamos erdv\u0117s.<\/p>\n<p class=\"wp-block-paragraph\">Prane\u0161ama, jog \u0161iuo metu Lietuvoje veikia 158 tinklo parduotuv\u0117s. 2026 m. planuojama atidaryti ar atnaujinti dar 10 prekybos viet\u0173, \u012f kurias ketinama investuoti apie 25 mln. eur\u0173.<\/p>\n<p><a href=\"https:\/\/madeinvilnius.lt\/wp-content\/uploads\/2026\/06\/1-3.jpg\" rel=\"nofollow noopener\" target=\"_blank\"><img loading=\"lazy\" decoding=\"async\" width=\"1024\" height=\"683\" data-id=\"357535\" src=\"https:\/\/www.europesays.com\/lt\/wp-content\/uploads\/2026\/06\/1-3-1024x683.jpg\" alt=\"\" class=\"wp-image-357535\"\/><\/a><a href=\"https:\/\/madeinvilnius.lt\/wp-content\/uploads\/2026\/06\/2-3.jpg\" rel=\"nofollow noopener\" target=\"_blank\"><img loading=\"lazy\" decoding=\"async\" width=\"1024\" height=\"683\" data-id=\"357557\" src=\"https:\/\/www.europesays.com\/lt\/wp-content\/uploads\/2026\/06\/2-3-1024x683.jpg\" alt=\"\" class=\"wp-image-357557\"\/><\/a><a href=\"https:\/\/madeinvilnius.lt\/wp-content\/uploads\/2026\/06\/3-3.jpg\" rel=\"nofollow noopener\" target=\"_blank\"><img loading=\"lazy\" decoding=\"async\" width=\"1024\" height=\"683\" data-id=\"357541\" src=\"https:\/\/www.europesays.com\/lt\/wp-content\/uploads\/2026\/06\/3-3-1024x683.jpg\" alt=\"\" class=\"wp-image-357541\"\/><\/a><a href=\"https:\/\/madeinvilnius.lt\/wp-content\/uploads\/2026\/06\/4-1.jpg\" rel=\"nofollow noopener\" target=\"_blank\"><img loading=\"lazy\" decoding=\"async\" width=\"1024\" height=\"683\" data-id=\"357543\" src=\"https:\/\/www.europesays.com\/lt\/wp-content\/uploads\/2026\/06\/4-1-1024x683.jpg\" alt=\"\" class=\"wp-image-357543\"\/><\/a><a href=\"https:\/\/madeinvilnius.lt\/wp-content\/uploads\/2026\/06\/5-1.jpg\" rel=\"nofollow noopener\" target=\"_blank\"><img loading=\"lazy\" decoding=\"async\" width=\"1024\" height=\"683\" data-id=\"357551\" src=\"https:\/\/www.europesays.com\/lt\/wp-content\/uploads\/2026\/06\/5-1-1024x683.jpg\" alt=\"\" class=\"wp-image-357551\"\/><\/a><a href=\"https:\/\/madeinvilnius.lt\/wp-content\/uploads\/2026\/06\/6-1.jpg\" rel=\"nofollow noopener\" target=\"_blank\"><img loading=\"lazy\" decoding=\"async\" width=\"1024\" height=\"683\" data-id=\"357561\" src=\"https:\/\/www.europesays.com\/lt\/wp-content\/uploads\/2026\/06\/6-1-1024x683.jpg\" alt=\"\" class=\"wp-image-357561\"\/><\/a><a href=\"https:\/\/madeinvilnius.lt\/wp-content\/uploads\/2026\/06\/7-1.jpg\" rel=\"nofollow noopener\" target=\"_blank\"><img loading=\"lazy\" decoding=\"async\" width=\"1024\" height=\"683\" data-id=\"357549\" src=\"https:\/\/www.europesays.com\/lt\/wp-content\/uploads\/2026\/06\/7-1-1024x683.jpg\" alt=\"\" class=\"wp-image-357549\"\/><\/a><a href=\"https:\/\/madeinvilnius.lt\/wp-content\/uploads\/2026\/06\/8-1.jpg\" rel=\"nofollow noopener\" target=\"_blank\"><img loading=\"lazy\" decoding=\"async\" width=\"1024\" height=\"683\" data-id=\"357545\" src=\"https:\/\/www.europesays.com\/lt\/wp-content\/uploads\/2026\/06\/8-1-1024x683.jpg\" alt=\"\" class=\"wp-image-357545\"\/><\/a><a href=\"https:\/\/madeinvilnius.lt\/wp-content\/uploads\/2026\/06\/9-1.jpg\" rel=\"nofollow noopener\" target=\"_blank\"><img loading=\"lazy\" decoding=\"async\" width=\"1024\" height=\"683\" data-id=\"357553\" src=\"https:\/\/www.europesays.com\/lt\/wp-content\/uploads\/2026\/06\/9-1-1024x683.jpg\" alt=\"\" class=\"wp-image-357553\"\/><\/a><a href=\"https:\/\/madeinvilnius.lt\/wp-content\/uploads\/2026\/06\/10-1.jpg\" rel=\"nofollow noopener\" target=\"_blank\"><img loading=\"lazy\" decoding=\"async\" width=\"1024\" height=\"683\" data-id=\"357537\" src=\"https:\/\/www.europesays.com\/lt\/wp-content\/uploads\/2026\/06\/10-1-1024x683.jpg\" alt=\"\" class=\"wp-image-357537\"\/><\/a><a href=\"https:\/\/madeinvilnius.lt\/wp-content\/uploads\/2026\/06\/12.jpg\" rel=\"nofollow noopener\" target=\"_blank\"><img loading=\"lazy\" decoding=\"async\" width=\"1024\" height=\"683\" data-id=\"357539\" src=\"https:\/\/www.europesays.com\/lt\/wp-content\/uploads\/2026\/06\/12-1024x683.jpg\" alt=\"\" class=\"wp-image-357539\"\/><\/a><a href=\"https:\/\/madeinvilnius.lt\/wp-content\/uploads\/2026\/06\/13.jpg\" rel=\"nofollow noopener\" target=\"_blank\"><img loading=\"lazy\" decoding=\"async\" width=\"1024\" height=\"683\" data-id=\"357559\" src=\"https:\/\/www.europesays.com\/lt\/wp-content\/uploads\/2026\/06\/13-1024x683.jpg\" alt=\"\" class=\"wp-image-357559\"\/><\/a><a href=\"https:\/\/madeinvilnius.lt\/wp-content\/uploads\/2026\/06\/14.jpg\" rel=\"nofollow noopener\" target=\"_blank\"><img loading=\"lazy\" decoding=\"async\" width=\"1024\" height=\"683\" data-id=\"357555\" src=\"https:\/\/www.europesays.com\/lt\/wp-content\/uploads\/2026\/06\/14-1024x683.jpg\" alt=\"\" class=\"wp-image-357555\"\/><\/a><a href=\"https:\/\/madeinvilnius.lt\/wp-content\/uploads\/2026\/06\/15.jpg\" rel=\"nofollow noopener\" target=\"_blank\"><img loading=\"lazy\" decoding=\"async\" width=\"1024\" height=\"683\" data-id=\"357547\" src=\"https:\/\/www.europesays.com\/lt\/wp-content\/uploads\/2026\/06\/15-1024x683.jpg\" alt=\"\" class=\"wp-image-357547\"\/><\/a><a href=\"https:\/\/madeinvilnius.lt\/wp-content\/uploads\/2026\/06\/111.jpg\" rel=\"nofollow noopener\" target=\"_blank\"><img loading=\"lazy\" decoding=\"async\" width=\"1024\" height=\"683\" data-id=\"357563\" src=\"https:\/\/www.europesays.com\/lt\/wp-content\/uploads\/2026\/06\/111-1024x683.jpg\" alt=\"\" class=\"wp-image-357563\"\/><\/a><\/p>\n","protected":false},"excerpt":{"rendered":"Ketvirtadienio popiet\u0119 Vilniuje duris atv\u0117r\u0117 atnaujintas did\u017eiausias \u0161alyje \u201eNorfos\u201c prekybos centras \u201eN baz\u0117\u201c. Savanori\u0173 pr. 176 \u012fsik\u016br\u0119s kompleksas&hellip;\n","protected":false},"author":2,"featured_media":201472,"comment_status":"","ping_status":"","sticky":false,"template":"","format":"standard","meta":{"footnotes":"","_share_on_mastodon":"0"},"categories":[6],"tags":[25,30,31,34,35,24,32,33,37,39,36,38,40,65,23,22,2820,28,29,26,27],"class_list":["post-201471","post","type-post","status-publish","format-standard","has-post-thumbnail","category-antrastes","tag-antrastes","tag-breaking-news","tag-breakingnews","tag-featured-news","tag-featurednews","tag-headlines","tag-latest-news","tag-latestnews","tag-lietuva","tag-lietuviu","tag-lithuania","tag-lithuanian","tag-lt","tag-naujiena","tag-naujienos","tag-news","tag-norfa","tag-populiariausios-naujienos","tag-populiariausiosnaujienos","tag-top-stories","tag-topstories"],"share_on_mastodon":{"url":"https:\/\/pubeurope.com\/@lt\/116736728178438461","error":""},"_links":{"self":[{"href":"https:\/\/www.europesays.com\/lt\/wp-json\/wp\/v2\/posts\/201471","targetHints":{"allow":["GET"]}}],"collection":[{"href":"https:\/\/www.europesays.com\/lt\/wp-json\/wp\/v2\/posts"}],"about":[{"href":"https:\/\/www.europesays.com\/lt\/wp-json\/wp\/v2\/types\/post"}],"author":[{"embeddable":true,"href":"https:\/\/www.europesays.com\/lt\/wp-json\/wp\/v2\/users\/2"}],"replies":[{"embeddable":true,"href":"https:\/\/www.europesays.com\/lt\/wp-json\/wp\/v2\/comments?post=201471"}],"version-history":[{"count":0,"href":"https:\/\/www.europesays.com\/lt\/wp-json\/wp\/v2\/posts\/201471\/revisions"}],"wp:featuredmedia":[{"embeddable":true,"href":"https:\/\/www.europesays.com\/lt\/wp-json\/wp\/v2\/media\/201472"}],"wp:attachment":[{"href":"https:\/\/www.europesays.com\/lt\/wp-json\/wp\/v2\/media?parent=201471"}],"wp:term":[{"taxonomy":"category","embeddable":true,"href":"https:\/\/www.europesays.com\/lt\/wp-json\/wp\/v2\/categories?post=201471"},{"taxonomy":"post_tag","embeddable":true,"href":"https:\/\/www.europesays.com\/lt\/wp-json\/wp\/v2\/tags?post=201471"}],"curies":[{"name":"wp","href":"https:\/\/api.w.org\/{rel}","templated":true}]}}