{"id":201954,"date":"2026-06-12T21:03:41","date_gmt":"2026-06-12T21:03:41","guid":{"rendered":"https:\/\/www.europesays.com\/lt\/201954\/"},"modified":"2026-06-12T21:03:41","modified_gmt":"2026-06-12T21:03:41","slug":"riebus-katinas-apsilanke-palangos-bare-ir-ivertino-kaip-pasikeite-maisto-kainos-delfi","status":"publish","type":"post","link":"https:\/\/www.europesays.com\/lt\/201954\/","title":{"rendered":"Riebus katinas apsilank\u0117 Palangos bare ir \u012fvertino, kaip pasikeit\u0117 maisto kainos &#8211; Delfi"},"content":{"rendered":"<ol>\n<li><a href=\"https:\/\/news.google.com\/rss\/articles\/CBMi0wFBVV95cUxPaVA4UXdqSHdwMmx1d0lBNE9vUXFGTzJtYjlFc1NsMmVWM1JRRmNvWjVhSl9zVDF3RFNrVTd0T3Q2bmdpRHJvRWJQNGx2Y1lPU2tCME5PTUQ4cnIyUmdjWVZBUEpuWTI1dnlKODE0VkwtaXVGdjVmMzN0bUFGTVFHQ1hlY0NibmV6eU9KeWhxTG1LMlJWbEZ1OXNHUTBYanlZSk90WVZqWGxmY3E5UGRzck84U2xHblNRSWNGeGdBTEUwZVQxR012SXNBX3c3Mzg1bktv?oc=5\" target=\"_blank\" rel=\"nofollow noopener\">Riebus katinas apsilank\u0117 Palangos bare ir \u012fvertino, kaip pasikeit\u0117 maisto kainos<\/a>&nbsp;&nbsp;Delfi<\/li>\n<li><a href=\"https:\/\/news.google.com\/rss\/articles\/CBMi0gFBVV95cUxOeDdlQ1kwRXlCR3lodTRtZk1fSE9BOXBKVW5QVFFLRGFjTFA5N2l3VV9ETEhNUTNKS0g5c3JoTVlsUzE3ZzVzckFacUhhb0xFbnFETzg4cTdtbWZ3ZWZBU1Q3NEFjT2xOSWtLYzA1WTJSYVlodUtnaVhrUm1nem9VLVVkVWcya3JtNzRzYkd2aDZZZGd1RlZsN0U2WlpiYy14dW1nVVZQd09Nb0RvWlpKcWwtaFpDcXpEVWVsRWJWOEFQTUlQUmxkNWthY2xHSW14Z0E?oc=5\" target=\"_blank\" rel=\"nofollow noopener\">Ro\u017einis vasaros simbolis skai\u010diais: kiek \u0161iemet kainuoja \u0161altibar\u0161\u010diai namuose?<\/a>&nbsp;&nbsp;15min.lt<\/li>\n<li><a href=\"https:\/\/news.google.com\/rss\/articles\/CBMisgFBVV95cUxOOWNLTzA1djBvMHM1MzhoRldwbEgwaEFMcWlWZmJSN2NCYU5ySGVlSVNTcEFLR2I0ZE1XaHM2R1ZhbVlsZ1JxMmtlc0FvV3VPZ0JQVGVSekJKTW1wVW1TMHpjcGNUOXJFZlZ4bnExZ0ZnbXo1Qmp4RkNfaTZ6b1gtUkJzcTJHaHRod2JhT0J2OGFjWnF3bmJDWTJvcDNmcWFlTEw5eXJKN2xDbHdyeFliOGlB?oc=5\" target=\"_blank\" rel=\"nofollow noopener\">Ryto espresso &#8211; Kokiomis kainomis ir nuotaikomis vasaros sezon\u0105 pradeda Palanga?<\/a>&nbsp;&nbsp;\u017dini\u0173 radijas<\/li>\n<li><a href=\"https:\/\/news.google.com\/rss\/articles\/CBMinwFBVV95cUxNX0JtMURsZ25DazFXYmU2bnluQWFqbzFoelI4NTVwYVBaZUxZRWtQQ2RhOXp4VUdjVHpEXzJHbm1ieTJvOXZfMVFCUU1kcnVJekNVQlBmZFJ2LXRabFlaSmhRX2xtVlZ4YXF3T0lfeG5BTlZUU2Zic3VaSW5zNkZBZjZyaVpXX1dUcXctWElvRzBjMXIxRHUtY1o0dXVyOW8?oc=5\" target=\"_blank\" rel=\"nofollow noopener\">Palangos verslininkai: \u0161is sezonas bus labai geras<\/a>&nbsp;&nbsp;Delfi<\/li>\n<li><a href=\"https:\/\/news.google.com\/rss\/articles\/CBMitwFBVV95cUxPcHVIV3ZHbTE1c3htMG96Yk5uS01ZV0tiV21fRmRmSGQ0V05iRmlLQS03aFJRekk2NjlGdEJrcVlCSFVBN05ObndOei1neks1QWsxM2h0S0dkT3VSMjlabFphel9EUVlXZmZweVBQSjk5V0Q3Z3REaktjTVdXM2JqMXBEMzhmRGp6N25nenBUZW85RU15OTdGX0NFNjVfS1IzbEZwMG5RTmNWdnFTYXRnaEd6MGFnRVU?oc=5\" target=\"_blank\" rel=\"nofollow noopener\">Cepelin\u0173 kainos Palangoje gali nustebinti: u\u017e vien\u0105 pra\u0161o net 8 eur\u0173<\/a>&nbsp;&nbsp;Delfi<\/li>\n<\/ol>\n","protected":false},"excerpt":{"rendered":"Riebus katinas apsilank\u0117 Palangos bare ir \u012fvertino, kaip pasikeit\u0117 maisto kainos&nbsp;&nbsp;Delfi Ro\u017einis vasaros simbolis skai\u010diais: kiek \u0161iemet kainuoja&hellip;\n","protected":false},"author":2,"featured_media":201955,"comment_status":"","ping_status":"","sticky":false,"template":"","format":"standard","meta":{"footnotes":"","_share_on_mastodon":"0"},"categories":[13],"tags":[25,30,31,34,35,24,32,33,37,39,36,38,40,23,22,2801,28,29,3839,22295,26,27],"class_list":["post-201954","post","type-post","status-publish","format-standard","has-post-thumbnail","category-lietuva","tag-antrastes","tag-breaking-news","tag-breakingnews","tag-featured-news","tag-featurednews","tag-headlines","tag-latest-news","tag-latestnews","tag-lietuva","tag-lietuviu","tag-lithuania","tag-lithuanian","tag-lt","tag-naujienos","tag-news","tag-palanga","tag-populiariausios-naujienos","tag-populiariausiosnaujienos","tag-restoranas","tag-riebus-katinas","tag-top-stories","tag-topstories"],"share_on_mastodon":{"url":"https:\/\/pubeurope.com\/@lt\/116739165847770881","error":""},"_links":{"self":[{"href":"https:\/\/www.europesays.com\/lt\/wp-json\/wp\/v2\/posts\/201954","targetHints":{"allow":["GET"]}}],"collection":[{"href":"https:\/\/www.europesays.com\/lt\/wp-json\/wp\/v2\/posts"}],"about":[{"href":"https:\/\/www.europesays.com\/lt\/wp-json\/wp\/v2\/types\/post"}],"author":[{"embeddable":true,"href":"https:\/\/www.europesays.com\/lt\/wp-json\/wp\/v2\/users\/2"}],"replies":[{"embeddable":true,"href":"https:\/\/www.europesays.com\/lt\/wp-json\/wp\/v2\/comments?post=201954"}],"version-history":[{"count":0,"href":"https:\/\/www.europesays.com\/lt\/wp-json\/wp\/v2\/posts\/201954\/revisions"}],"wp:featuredmedia":[{"embeddable":true,"href":"https:\/\/www.europesays.com\/lt\/wp-json\/wp\/v2\/media\/201955"}],"wp:attachment":[{"href":"https:\/\/www.europesays.com\/lt\/wp-json\/wp\/v2\/media?parent=201954"}],"wp:term":[{"taxonomy":"category","embeddable":true,"href":"https:\/\/www.europesays.com\/lt\/wp-json\/wp\/v2\/categories?post=201954"},{"taxonomy":"post_tag","embeddable":true,"href":"https:\/\/www.europesays.com\/lt\/wp-json\/wp\/v2\/tags?post=201954"}],"curies":[{"name":"wp","href":"https:\/\/api.w.org\/{rel}","templated":true}]}}