{"id":202083,"date":"2026-06-13T06:15:04","date_gmt":"2026-06-13T06:15:04","guid":{"rendered":"https:\/\/www.europesays.com\/lt\/202083\/"},"modified":"2026-06-13T06:15:04","modified_gmt":"2026-06-13T06:15:04","slug":"elta-glaustai-stt-pradejo-ikiteismini-tyrima-del-pinskuvienes-mamos-buto-isigijimo-aplinkybiu","status":"publish","type":"post","link":"https:\/\/www.europesays.com\/lt\/202083\/","title":{"rendered":"ELTA glaustai: STT prad\u0117jo ikiteismin\u012f tyrim\u0105 d\u0117l Pinskuvien\u0117s mamos buto \u012fsigijimo aplinkybi\u0173"},"content":{"rendered":"<p>Taip pat buvo prane\u0161ta, kad Speciali\u0173j\u0173 tyrim\u0173 tarnyba (<a rel=\"noopener nofollow\" target=\"_blank\" href=\"https:\/\/www.delfi.lt\/temos\/stt\" tag-id=\"56511821\">STT<\/a>) prad\u0117jo ikiteismin\u012f tyrim\u0105 d\u0117l \u0160irvint\u0173 rajono mer\u0117s <a rel=\"noopener nofollow\" target=\"_blank\" href=\"https:\/\/www.delfi.lt\/temos\/zivile-pinskuviene\" tag-id=\"60840615\">\u017divil\u0117s Pinskuvien\u0117s<\/a> mamos Marijos Gudonien\u0117s buto Palangoje \u012fsigijimo aplinkybi\u0173.\u00a0Anot teis\u0117saugos, tyrimas prad\u0117tas, siekiant nustatyti, ar \u0160irvint\u0173 rajono savivaldybei vykdant vie\u0161uosius pirkimus, gal\u0117jo b\u016bti sudaromos i\u0161skirtinai palankios s\u0105lygos konkre\u010diam rangovui, u\u017e kurias gal\u0117jo b\u016bti atsilyginta nekilnojamojo turto perleidimu u\u017e galimai ma\u017eesn\u0119 nei rinkos kain\u0105<\/p>\n<p>Lietuvos politikos aktualijos<\/p>\n<p>Nauj\u0105 valdan\u010di\u0105j\u0105 daugum\u0105 ketinan\u010dios suformuoti partijos baig\u0117 rengti koalicin\u0117s sutarties tekst\u0105. Pasak laikinojo Demokrat\u0173 s\u0105jungos \u201eVardan Lietuvos\u201c pirmininko Virginijaus Sinkevi\u010diaus, \u0161\u012f dokument\u0105 pasira\u0161yti ketinama ateinan\u010di\u0105 savait\u0119. \u201eValstie\u010di\u0173\u201c derybinink\u0117 Au\u0161rin\u0117 Norkien\u0117 teig\u0117, kad dokumento rengimo procesas buvo sklandus. Tik d\u0117l ma\u017eos dalies nuostat\u0173, pasak A. Norkien\u0117s, sutarim\u0105 dar tur\u0117s rasti partij\u0173 pirmininkai.\u00a0<\/p>\n<p>Prezidentas Gitanas Naus\u0117da pasira\u0161\u0117 Seime priimtas Lietuvos nacionalinio radijo ir televizijos \u012fstatymo pataisas. Tai Eltai patvirtino Prezident\u016bra.\u00a0Savo ruo\u017etu Seimo opozicijos atstovai neatsitraukia nuo ketinim\u0173 d\u0117l \u0161i\u0173 pakeitim\u0173 kreiptis \u012f Konstitucin\u012f Teism\u0105.\u00a0<\/p>\n<p>    <img decoding=\"async\" src=\"https:\/\/www.europesays.com\/lt\/wp-content\/uploads\/2026\/06\/4cb1fde9-4c9f-4be7-adec-b24daa15fb98.jpg\" loading=\"lazy\" alt=\"Gitanas Naus\u0117da\"\/>      <\/p>\n<p>STT prad\u0117jo ikiteismin\u012f tyrim\u0105 d\u0117l \u0160irvint\u0173 rajono mer\u0117s \u017d. Pinskuvien\u0117s mamos, savivaldyb\u0117s tarybos nar\u0117s Marijos Gudonien\u0117s buto Palangoje \u012fsigijimo aplinkybi\u0173.\u00a0Anot teis\u0117saugos, tyrimas prad\u0117tas, siekiant nustatyti, ar \u0160irvint\u0173 rajono savivaldybei vykdant vie\u0161uosius pirkimus, gal\u0117jo b\u016bti sudaromos i\u0161skirtinai palankios s\u0105lygos konkre\u010diam rangovui, u\u017e kurias gal\u0117jo b\u016bti atsilyginta nekilnojamojo turto perleidimu u\u017e galimai ma\u017eesn\u0119 nei rinkos kain\u0105. Tyrimas yra atliekamas d\u0117l ky\u0161ininkavimo ir papirkimo.\u00a0STT sprendim\u0105 d\u0117l ikiteisminio tyrimo pri\u0117m\u0117, \u012fvertin\u0119 portalo \u201eDelfi\u201c \u017eurnalistiniame tyrime paskelbt\u0105 informacij\u0105, jog \u017d. Pinskuvien\u0117s mama M. Gudonien\u0117 gal\u0117jo u\u017e gerokai \u017eemesn\u0119 nei rinkos kaina \u012fsigyti but\u0105 Kunigi\u0161k\u0117se, kur\u012f politikei pardav\u0117 anks\u010diau milijonin\u0117s vert\u0117s vie\u0161uosius \u0160irvint\u0173 savivaldyb\u0117s konkursus laim\u0117jusios \u012fmon\u0117s \u201eVilmstata\u201c savininkas Vilmantas Guobys.<\/p>\n<p>Prokurat\u016bra kreip\u0117si \u012f teism\u0105 d\u0117l paramediko Manto Sadausko nu\u017eudymu \u012ftariamos buvusios jo sutuoktin\u0117s Justinos Sadauskien\u0117s su\u0117mimo prat\u0119simo. Pra\u0161oma prat\u0119sti su\u0117mim\u0105 maksimaliam trij\u0173 m\u0117nesi\u0173 laikotarpiui. Prat\u0119sti su\u0117mim\u0105 trims m\u0117nesiams pra\u0161oma ir kitam \u012ftariamajam \u0161ioje byloje, Viliui Solkanui. J. Sadauskien\u0117s advokatas Vaidotas Sviderskis sako, kad jis ir jo klient\u0117 nesutinka su prokurat\u016bros pra\u0161ymu toliau t\u0119sti su\u0117mim\u0105. Moteris savo kalt\u0119 d\u0117l sutuoktinio nu\u017eudymo toliau kategori\u0161kai neigia. J. Sadauskien\u0117s advokatas sako, kad klient\u0117 sutikt\u0173 laisv\u0117je d\u0117v\u0117ti apykoj\u0119, sumok\u0117ti pinigin\u012f u\u017estat\u0105, ji es\u0105 ne\u017eada nei b\u0117gti, nei sl\u0117ptis, nei daryti poveik\u012f tyrimui.<\/p>\n<p>Apeliacinis teismas kal\u0117ti pusketvirt\u0173 met\u0173 nuteisto Antano Kandroto, pravarde Celofanas, bylos dokumentus i\u0161siunt\u0117 nuosprend\u017eio vykdymui. Pagal nustatyt\u0105 tvark\u0105, nuosprend\u017eio vykdym\u0105 organizuoja byl\u0105 nagrin\u0117j\u0119s pirmosios instancijos teismas. Tuo metu Lietuvos policija sako, kad, pasitvirtinus vie\u0161ai skelbiamai informacijai, kad A. Kandrotas-Celofanas yra i\u0161vyk\u0119s i\u0161 \u012f Baltarusij\u0105, b\u016bt\u0173 skelbiama tarptautin\u0117 \u0161io nuteistojo paie\u0161ka. Anot pareig\u016bn\u0173, nusta\u010dius, kad asmuo yra u\u017esienio valstyb\u0117je, b\u016bt\u0173 paskelbta jo tarptautin\u0117 paie\u0161ka Interpolo kanalais. Interpolo \u0161alimis yra ir Baltarusija bei Rusija.\u00a0<\/p>\n<p>       <img decoding=\"async\" src=\"https:\/\/www.europesays.com\/lt\/wp-content\/uploads\/2026\/06\/1781331303_628_719361fb-0b95-4472-b2d7-9930ed0dc663.jpg\" loading=\"lazy\" alt=\"Antanas Kandrotas-Celofanas\"\/>      <\/p>\n<p>Lietuvos verslo aktualijos<\/p>\n<p>Po ketvirtadien\u012f per \u0161al\u012f slinkusios audros dalis \u0161alies gyventoj\u0173 vis dar neturi elektros. 15.50 val. \u201eEnergijos skirstymo operatoriaus\u201c (ESO) duomenimis, be elektros teb\u0117ra 1,1 t\u016bkst. gyventoj\u0173. Bendrov\u0117s atstov\u0117 ry\u0161iams su visuomene Rasa Juodkien\u0117\u00a0sako, kad tiekim\u0105 visiems vartotojams siekiama atkurti dar penktadien\u012f.\u00a0Pasak jos, nuo ryto d\u0117l sutrikim\u0173 atjungt\u0173 klient\u0173 skai\u010dius svyravo tarp 2 ir 2,5 t\u016bkst. R. Juodkien\u0117 ai\u0161kino, kad skai\u010dius kei\u010diasi, nes panaikinus sutrikimus, yra aptinkami nauji. ESO atstov\u0117 akcentavo, kad elektros tiekimo tinklas smarkiai nuniokotas, daugiausia sutrikim\u0173 tebefiksuojama Utenos regione: Ignalinos, Zaras\u0173, Roki\u0161kio rajonuose, taip pat prie Mol\u0117t\u0173. Jos teigimu, penktadien\u012f tebedirba padidintos specialist\u0173 paj\u0117gos ir neatmetama, kad darbai gali t\u0119stis ir nakt\u012f.<\/p>\n<p>Po gegu\u017e\u0119 \u012fvykusios traukinio avarijos K\u0117daini\u0173 rajono Gud\u017ei\u016bn\u0173 miestelyje, \u201eLietuvos gele\u017einkeli\u0173\u201c (LTG) grup\u0117 baigia pagrindinius gele\u017einkelio ruo\u017eo infrastrukt\u016bros atstatymo darbus. Bir\u017eelio pabaigoje \u0161ioje atkarpoje planuojama nustatyti anks\u010diau galiojus\u012f leistin\u0105 greit\u012f.\u00a0Kaip prane\u0161\u0117 LTG grup\u0117, per atstatymo darbus pakloti ir sumontuoti paskutiniai\u00a0ilgab\u0117giai\u00a0\u2013 vientisi b\u0117giai be sujungim\u0173, u\u017etikrinantys sklandesn\u012f,\u00a0saugesn\u012f\u00a0ir tylesn\u012f\u00a0traukini\u0173 eism\u0105. Anot susisiekimo ministro Juro Taminsko, per Gud\u017ei\u016bnus einantis gele\u017einkelio ruo\u017eas itin svarbus keleivi\u0173 ir traukini\u0173 jud\u0117jimui, tod\u0117l jo atk\u016brimas buvo prioritetas.\u00a0Teigiama, jog artimiausiu metu ruo\u017eu dar tur\u0117s prava\u017eiuoti grup\u0117s\u00a0infrastrukt\u016bros \u012fmon\u0117s\u00a0\u201eLTG\u00a0Infra\u201c\u00a0kelmatis, kuris patikrins reikiamus geometrijos parametrus visame atkurtame ruo\u017ee.\u00a0U\u017etikrinus, kad eismas \u0161iuo ruo\u017eu saugus, bir\u017eelio pabaigoje planuojama\u00a0iki 120 kilometr\u0173 per valand\u0105 atkurti iki \u0161iol ruo\u017ee suma\u017eint\u0105 keleivini\u0173\u00a0bei krovinini\u0173 traukini\u0173 greit\u012f.\u00a0Pro\u00a0Gud\u017ei\u016bnus, kaip vien\u0105\u00a0svarbiausi\u0173 gele\u017einkelio arterij\u0173, kasdien vyksta traukiniai\u00a0mar\u0161rutais\u00a0Vilnius\u2013Klaip\u0117da\u2013Vilnius, Vilnius\u2013\u0160iauliai\u2013Vilnius, Kaunas\u2013\u0160iauliai\u2013Kaunas ir Vilnius\u2013Ryga\u2013Valga.\u00a0<\/p>\n<p>       <img decoding=\"async\" src=\"https:\/\/www.europesays.com\/lt\/wp-content\/uploads\/2026\/06\/dc6de3ba-408d-4b2d-87bb-d09be7104a28.jpg\" loading=\"lazy\" alt=\"Nuvirt\u0119 traukinio vagonai K\u0117daini\u0173 raj. Gud\u017ei\u016bnuose\"\/>      <\/p>\n<p>U\u017esienio aktualijos<\/p>\n<p>Penktadien\u012f lankydamasis Ispanijos Kanar\u0173 salose popie\u017eius Leonas XIV kar\u0161tai ragino atgailauti kontrabandininkus ir kitus asmenis, kurie naudojasi migrantais ir \u017emoni\u0173 kan\u010diomis. 1,4 mlrd. pasaulio katalik\u0173 vadovas Tenerif\u0117je susitiko su migrantais ir sak\u0117, kad j\u0173 integracija turi b\u016bti suprantama kaip abipus\u0117 kelion\u0117. Anot popie\u017eiaus, migrantai netur\u0117t\u0173 b\u016bti ver\u010diami atsisakyti savo paveldo ir prisiminim\u0173, netur\u0117t\u0173 atsirasti lygiagre\u010di\u0173 visuomeni\u0173.<\/p>\n<p>Ukrainos oro paj\u0117gos persp\u0117jo apie didel\u0119 tikimyb\u0119, kad Rusijos kariuomen\u0117 per artimiausias 24 valandas i\u0161 Kapustin Jaro poligono paleis vidutinio nuotolio balistin\u0119 raket\u0105 \u201eOre\u0161nik\u201c. Remiantis Rusijos ir Ukrainos prane\u0161imais, Rusija nuo 2024 m. jau tris kartus paleido \u0161ias raketas \u012f Ukrain\u0105. Ta\u010diau per atakas \u012f taikinius Dnipro mieste, Vakar\u0173 Ukrainos Lvivo regione ir Bila Cerkvoje netoli sostin\u0117s Kyjivo raketos netur\u0117jo aktyvi\u0173 kovini\u0173 galvu\u010di\u0173. \u201eOre\u0161nik\u201c skryd\u017eio nuotolis siekia iki 6 t\u016bkst. kilometr\u0173, raketa gali ne\u0161ti branduolin\u0119 galvut\u0119, skrieja kelis kartus grei\u010diau nei garsas, gali lengvai per kelias minutes pasiekti taikinius Vakar\u0173 Europoje.\u00a0<\/p>\n<p>Pakistanas u\u017esimin\u0117 apie JAV ir Irano derybose pasiekt\u0105 pa\u017eang\u0105. Islamabadas penktadien\u012f u\u017esimin\u0117, kad kelet\u0105 savai\u010di\u0173 trunkan\u010dios derybos d\u0117l karo u\u017ebaigimo duoda vaisi\u0173. Pakistano u\u017esienio reikal\u0173 ministras Ishaqas Daras parei\u0161k\u0117, kad \u201eabi \u0161alys palankiai \u012fvertino pa\u017eang\u0105, pasiekt\u0105 nuolatin\u0117mis diplomatin\u0117mis pastangomis\u201c, o jo kanceliarija prane\u0161\u0117, kad jos taip pat \u201ei\u0161rei\u0161k\u0117 vilt\u012f, kad \u0161ios pastangos netrukus pad\u0117s pasiekti ilgalaik\u012f susitarim\u0105 ir taik\u0173 sprendim\u0105\u201c. Apie pa\u017eang\u0105 derybose pirmiau yra prane\u0161usios ir Jungtin\u0117s Valstijos bei Iranas.<\/p>\n","protected":false},"excerpt":{"rendered":"Taip pat buvo prane\u0161ta, kad Speciali\u0173j\u0173 tyrim\u0173 tarnyba (STT) prad\u0117jo ikiteismin\u012f tyrim\u0105 d\u0117l \u0160irvint\u0173 rajono mer\u0117s \u017divil\u0117s Pinskuvien\u0117s&hellip;\n","protected":false},"author":2,"featured_media":202084,"comment_status":"","ping_status":"","sticky":false,"template":"","format":"standard","meta":{"footnotes":"","_share_on_mastodon":"0"},"categories":[13],"tags":[25,30,31,34,35,24,32,33,37,39,36,38,40,23,22,28,29,997,26,27,678],"class_list":["post-202083","post","type-post","status-publish","format-standard","has-post-thumbnail","category-lietuva","tag-antrastes","tag-breaking-news","tag-breakingnews","tag-featured-news","tag-featurednews","tag-headlines","tag-latest-news","tag-latestnews","tag-lietuva","tag-lietuviu","tag-lithuania","tag-lithuanian","tag-lt","tag-naujienos","tag-news","tag-populiariausios-naujienos","tag-populiariausiosnaujienos","tag-stt","tag-top-stories","tag-topstories","tag-zivile-pinskuviene"],"share_on_mastodon":{"url":"https:\/\/pubeurope.com\/@lt\/116741336480328905","error":""},"_links":{"self":[{"href":"https:\/\/www.europesays.com\/lt\/wp-json\/wp\/v2\/posts\/202083","targetHints":{"allow":["GET"]}}],"collection":[{"href":"https:\/\/www.europesays.com\/lt\/wp-json\/wp\/v2\/posts"}],"about":[{"href":"https:\/\/www.europesays.com\/lt\/wp-json\/wp\/v2\/types\/post"}],"author":[{"embeddable":true,"href":"https:\/\/www.europesays.com\/lt\/wp-json\/wp\/v2\/users\/2"}],"replies":[{"embeddable":true,"href":"https:\/\/www.europesays.com\/lt\/wp-json\/wp\/v2\/comments?post=202083"}],"version-history":[{"count":0,"href":"https:\/\/www.europesays.com\/lt\/wp-json\/wp\/v2\/posts\/202083\/revisions"}],"wp:featuredmedia":[{"embeddable":true,"href":"https:\/\/www.europesays.com\/lt\/wp-json\/wp\/v2\/media\/202084"}],"wp:attachment":[{"href":"https:\/\/www.europesays.com\/lt\/wp-json\/wp\/v2\/media?parent=202083"}],"wp:term":[{"taxonomy":"category","embeddable":true,"href":"https:\/\/www.europesays.com\/lt\/wp-json\/wp\/v2\/categories?post=202083"},{"taxonomy":"post_tag","embeddable":true,"href":"https:\/\/www.europesays.com\/lt\/wp-json\/wp\/v2\/tags?post=202083"}],"curies":[{"name":"wp","href":"https:\/\/api.w.org\/{rel}","templated":true}]}}