{"id":202310,"date":"2026-06-13T12:25:10","date_gmt":"2026-06-13T12:25:10","guid":{"rendered":"https:\/\/www.europesays.com\/lt\/202310\/"},"modified":"2026-06-13T12:25:10","modified_gmt":"2026-06-13T12:25:10","slug":"ukrainos-dronai-zaporizeje-sunaikino-rusu-kariu-poligona","status":"publish","type":"post","link":"https:\/\/www.europesays.com\/lt\/202310\/","title":{"rendered":"Ukrainos dronai Zapori\u017e\u0117je sunaikino rus\u0173 kari\u0173 poligon\u0105"},"content":{"rendered":"<p>Ukrainos dronai smog\u0117 Rusijos kariams, kurie \u0161iame poligone ruo\u0161\u0117si i\u0161vykti \u012f front\u0105, ir pridar\u0117 jiems dideli\u0173 nuostoli\u0173, prane\u0161\u0117 BSP vadas Robertas Brovdi (Madiaras).<\/p>\n<p class=\"MsoNormal\">Jo teigimu, daugybiniai sm\u016bgiai buvo suduoti poligonui \u201eVostochnyj\u201c netoli Novopetrivkos kaimo. Jame, anot Ukrainos kariuomen\u0117s duomen\u0173, buvo apmokomi keli\u0173 Rusijos dalini\u0173 kariai, \u012fskaitant Kam\u010datkos 40-\u0105j\u0105 atskir\u0105j\u0105 j\u016br\u0173 p\u0117stinink\u0173 brigad\u0105, taip pat 1461-\u0105j\u012f ir 1466-\u0105j\u012f motorizuot\u0173j\u0173 \u0161auli\u0173 pulkus, skelbia \u201eKyiv Post\u201c ir unian.net.<\/p>\n<p class=\"MsoNormal\">Be poligono, Ukrainos dron\u0173 operatoriai tos pa\u010dios atakos metu sunaikino virtin\u0119 kit\u0173 Rusijos karini\u0173 taikini\u0173, tarp kuri\u0173 yra zenitinis raket\u0173 kompleksas \u201eTor-M2\u201c netoli Ver\u0161ina Druhos gyvenviet\u0117s, zenitin\u0117 sistema ZU-23 ir mobilaus zenitinio raket\u0173 komplekso ekipa\u017eas netoli Novopetrivkos.<\/p>\n<p class=\"MsoNormal\">Taip pat prane\u0161ama, jog buvo sunaikintas vienas Rusijos paj\u0117g\u0173 dron\u0173 padalinio valdymo punktas Novoandrivkoje, Donecko srityje, ir laikinoji bepilo\u010di\u0173 orlaivi\u0173 operatori\u0173 dislokacijos vieta Dov\u017eanske, okupuotoje Luhansko srityje.<\/p>\n<p class=\"MsoNormal\">Anot R. Brovd\u017ei, poligone \u201eVosto\u010dnyj\u201c ruo\u0161iami kariai yra siun\u010diami \u012f karo veiksmus Huliaipol\u0117s kryptimi Zapori\u017e\u0117s srityje.<\/p>\n","protected":false},"excerpt":{"rendered":"Ukrainos dronai smog\u0117 Rusijos kariams, kurie \u0161iame poligone ruo\u0161\u0117si i\u0161vykti \u012f front\u0105, ir pridar\u0117 jiems dideli\u0173 nuostoli\u0173, prane\u0161\u0117&hellip;\n","protected":false},"author":2,"featured_media":202311,"comment_status":"","ping_status":"","sticky":false,"template":"","format":"standard","meta":{"footnotes":"","_share_on_mastodon":"0"},"categories":[15],"tags":[25,4302,30,31,92,34,35,24,121,32,33,37,39,36,38,40,23,22,44,28,29,26,27,74,75,76],"class_list":["post-202310","post","type-post","status-publish","format-standard","has-post-thumbnail","category-pasaulis","tag-antrastes","tag-bepilociai-orlaiviai","tag-breaking-news","tag-breakingnews","tag-dronas","tag-featured-news","tag-featurednews","tag-headlines","tag-karas-ukrainoje","tag-latest-news","tag-latestnews","tag-lietuva","tag-lietuviu","tag-lithuania","tag-lithuanian","tag-lt","tag-naujienos","tag-news","tag-pasaulis","tag-populiariausios-naujienos","tag-populiariausiosnaujienos","tag-top-stories","tag-topstories","tag-world","tag-world-news","tag-worldnews"],"share_on_mastodon":{"url":"https:\/\/pubeurope.com\/@lt\/116742791230077028","error":""},"_links":{"self":[{"href":"https:\/\/www.europesays.com\/lt\/wp-json\/wp\/v2\/posts\/202310","targetHints":{"allow":["GET"]}}],"collection":[{"href":"https:\/\/www.europesays.com\/lt\/wp-json\/wp\/v2\/posts"}],"about":[{"href":"https:\/\/www.europesays.com\/lt\/wp-json\/wp\/v2\/types\/post"}],"author":[{"embeddable":true,"href":"https:\/\/www.europesays.com\/lt\/wp-json\/wp\/v2\/users\/2"}],"replies":[{"embeddable":true,"href":"https:\/\/www.europesays.com\/lt\/wp-json\/wp\/v2\/comments?post=202310"}],"version-history":[{"count":0,"href":"https:\/\/www.europesays.com\/lt\/wp-json\/wp\/v2\/posts\/202310\/revisions"}],"wp:featuredmedia":[{"embeddable":true,"href":"https:\/\/www.europesays.com\/lt\/wp-json\/wp\/v2\/media\/202311"}],"wp:attachment":[{"href":"https:\/\/www.europesays.com\/lt\/wp-json\/wp\/v2\/media?parent=202310"}],"wp:term":[{"taxonomy":"category","embeddable":true,"href":"https:\/\/www.europesays.com\/lt\/wp-json\/wp\/v2\/categories?post=202310"},{"taxonomy":"post_tag","embeddable":true,"href":"https:\/\/www.europesays.com\/lt\/wp-json\/wp\/v2\/tags?post=202310"}],"curies":[{"name":"wp","href":"https:\/\/api.w.org\/{rel}","templated":true}]}}