{"id":202565,"date":"2026-06-13T18:59:53","date_gmt":"2026-06-13T18:59:53","guid":{"rendered":"https:\/\/www.europesays.com\/lt\/202565\/"},"modified":"2026-06-13T18:59:53","modified_gmt":"2026-06-13T18:59:53","slug":"opozicijai-premjere-nebe-premjere-respublika-lt","status":"publish","type":"post","link":"https:\/\/www.europesays.com\/lt\/202565\/","title":{"rendered":"Opozicijai premjer\u0117 &#8211; nebe premjer\u0117 &#8211; Respublika.lt"},"content":{"rendered":"<p><img loading=\"lazy\" decoding=\"async\" src=\"https:\/\/www.respublika.lt\/lt\/naujienos\/lietuva\/lietuvos_politika\/opozicijai-premjere---nebe-premjere\/images\/ico_camera_white.gif\" class=\"camera\" width=\"22\" height=\"15\" alt=\"nuotr.\" style=\"position:relative; top:-2px; right:2px;\"\/> 1 nuotr.<\/p>\n<p>Viktorija \u010cmilyt\u0117-Nielsen ir Inga Ruginien\u0117. Eltos nuotr.<\/p>\n<p style=\"text-align: justify;\" class=\"desktop_banner\">\u00a0<\/p>\n<p>Tradici\u0161kai progos kreiptis \u012f ministr\u0119 pirminink\u0119 nepraleido liberal\u0117 Viktorija \u010cmilyt\u0117-Nielsen.<\/p>\n<p>\u201eGerbiama premjere, visi \u017eenklai rodo, kad, tik\u0117tina, jau netrukus tur\u0117sime nauj\u0105 XXI Vyriausyb\u0119. Ar gal\u0117tum\u0117te trumpai pasidalinti, kokius tris savo nepadarytus ar neu\u017ebaigtus darbus j\u016bs perduosite naujai Vyriausybei?&#8221; &#8211; smalsavo politik\u0117, pra\u0117jusi\u0105 kadencij\u0105 vadovavusi Seimui.<\/p>\n<p>\u201e\u0160iandien Vyriausyb\u0117 dirba skland\u017eiai, daro eilinius darbus pagal Vyriausyb\u0117s program\u0105. Taip, visi \u017eenklai rodo, kad pana\u0161i programa galios ir toliau. Matyt, palaukime laikotarpio, kuomet \u012fvyks arba ne\u012fvyks pokytis, tada gal\u0117sime detaliau pasi\u0161nek\u0117ti&#8221;, &#8211; nedaug\u017eod\u017eiavo I.Ruginien\u0117,<\/p>\n<p>Kitas liberalas Eugenijus Gentvilas pasidom\u0117jo premjer\u0117s reitingais.<\/p>\n<p>\u201ePremjer\u0173 reitinguose j\u016bs buvote penktoje vietoje atsilikdama net nuo savo bendrapartiet\u0117s Vilijos Blinkevi\u010di\u016bt\u0117s, kuri pasak\u0117, kad tokio am\u017eiaus \u017emogus kaip ji nebegali eiti premjero pareig\u0173. Socialdemokrat\u0173 paskutinis reitingas yra 8,9 proc., j\u016bs\u0173 asmeninis &#8211; 3,7 proc. Tai rei\u0161kia, kad nuo socialdemokrat\u0173 rink\u0117j\u0173 u\u017e jus, kaip premjer\u0119, pasisako tik 41 proc. socialdemokrat\u0173 rink\u0117j\u0173.<\/p>\n<p>Kada \u017eadate teikti atsistatydinimo parei\u0161kim\u0105, kada \u017eadate gr\u012f\u017eti \u012f Seim\u0105, apie kur\u012f j\u016bs \u012f\u017eeid\u017eian\u010diai lapkri\u010dio 24 dien\u0105 sak\u0117te, cituoju: \u201eSeime jie u\u017esiima tuo, kad parodyt\u0173, kas yra kietesnis, gra\u017eesnis, pas k\u0105 stuburas tvirtesnis, pasimatuoja \u012fvairiais organais.&#8221; Laukiame, kada gr\u012f\u0161ite. Rulet\u0117s paruo\u0161tos&#8221;, &#8211; ironizavo E.Gentvilas.<\/p>\n<p>\u201eReitingai yra \u012fvair\u016bs. Viena \u012fmon\u0117 vienus atsiun\u010dia, kita kitus. Nuva\u017eiuoji \u012f regionus, \u017emon\u0117s taip pat i\u0161rei\u0161kia savo nuomones. Nuomoni\u0173 yra \u012fvairi\u0173. Tuo Lietuva ir yra \u017eavinga, kad kiekvienas turi teis\u0119 ir laisv\u0119 i\u0161reik\u0161ti savo nuomon\u0119. M\u016bs\u0173 Vyriausyb\u0117s pagrindinis prioritetas ir tikslas &#8211; dirbti ir daryti darbus&#8221;, &#8211; atkirto Vyriausyb\u0117s vadov\u0117.<\/p>\n<p>Ta\u010diau \u012f tras\u0105 nusprend\u0117 i\u0161\u0161okti ir dar vienas liberalas Vitalijus Gailius.<\/p>\n<p>\u201eGerbiama Inga Ruginiene, prognozes turite. Biud\u017eeto rengimo procesas jau tur\u0117jo b\u016bti \u012fpus\u0117j\u0119s, nes poreikius i\u0161 ministerij\u0173 gavote. Juos kartu su finans\u0173 ministru iki \u0161ios savait\u0117s pabaigos tur\u0117jote \u012fvertinti. Kokios kokyb\u0117s biud\u017eeto projekt\u0105 paliekate naujai Vyriausybei? Kokius did\u017eiausius nesutarimus d\u0117l ministr\u0173 pateikt\u0173 poreiki\u0173 paliekate naujai Vyriausybei? Kokius nepopuliarius sprendimus paliekate naujai Vyriausybei? K\u0105 galite pa\u017ead\u0117ti Lietuvos \u017emon\u0117ms?&#8221;, &#8211; klausin\u0117jo V.Gailius.<\/p>\n<p>\u201eNesuprantu, kod\u0117l palieku. Biud\u017eeto poreikiai gauti. I\u0161 tikr\u0173j\u0173 \u010dia tik pirmas etapas, dar laukia deryb\u0173 etapas. Vasara tikrai nebus lengva, vasara bus darbinga. Tam visos ministerijos pasirengusios, lygiai taip pat ir ministrai, kurie ateis ruden\u012f dar vienam, tre\u010diam, etapui. \u010cia yra normalus biud\u017eeto formavimo procesas. Daromi tik pirmi jo \u017eingsniai. Palaukime rudens&#8221;, &#8211; patar\u0117 I.Ruginien\u0117.<\/p>\n","protected":false},"excerpt":{"rendered":"1 nuotr. Viktorija \u010cmilyt\u0117-Nielsen ir Inga Ruginien\u0117. Eltos nuotr. \u00a0 Tradici\u0161kai progos kreiptis \u012f ministr\u0119 pirminink\u0119 nepraleido liberal\u0117&hellip;\n","protected":false},"author":2,"featured_media":202566,"comment_status":"","ping_status":"","sticky":false,"template":"","format":"standard","meta":{"footnotes":"","_share_on_mastodon":"0"},"categories":[13],"tags":[4610,25,4486,30,31,10879,34,35,4919,498,24,32,33,37,39,36,38,40,23,22,1137,28,29,5286,412,26,27],"class_list":["post-202565","post","type-post","status-publish","format-standard","has-post-thumbnail","category-lietuva","tag-reitingai","tag-antrastes","tag-atsistatydinimas","tag-breaking-news","tag-breakingnews","tag-cmilyte","tag-featured-news","tag-featurednews","tag-gailius","tag-gentvilas","tag-headlines","tag-latest-news","tag-latestnews","tag-lietuva","tag-lietuviu","tag-lithuania","tag-lithuanian","tag-lt","tag-naujienos","tag-news","tag-opozicija","tag-populiariausios-naujienos","tag-populiariausiosnaujienos","tag-premjere","tag-ruginiene","tag-top-stories","tag-topstories"],"share_on_mastodon":{"url":"https:\/\/pubeurope.com\/@lt\/116744344552591825","error":""},"_links":{"self":[{"href":"https:\/\/www.europesays.com\/lt\/wp-json\/wp\/v2\/posts\/202565","targetHints":{"allow":["GET"]}}],"collection":[{"href":"https:\/\/www.europesays.com\/lt\/wp-json\/wp\/v2\/posts"}],"about":[{"href":"https:\/\/www.europesays.com\/lt\/wp-json\/wp\/v2\/types\/post"}],"author":[{"embeddable":true,"href":"https:\/\/www.europesays.com\/lt\/wp-json\/wp\/v2\/users\/2"}],"replies":[{"embeddable":true,"href":"https:\/\/www.europesays.com\/lt\/wp-json\/wp\/v2\/comments?post=202565"}],"version-history":[{"count":0,"href":"https:\/\/www.europesays.com\/lt\/wp-json\/wp\/v2\/posts\/202565\/revisions"}],"wp:featuredmedia":[{"embeddable":true,"href":"https:\/\/www.europesays.com\/lt\/wp-json\/wp\/v2\/media\/202566"}],"wp:attachment":[{"href":"https:\/\/www.europesays.com\/lt\/wp-json\/wp\/v2\/media?parent=202565"}],"wp:term":[{"taxonomy":"category","embeddable":true,"href":"https:\/\/www.europesays.com\/lt\/wp-json\/wp\/v2\/categories?post=202565"},{"taxonomy":"post_tag","embeddable":true,"href":"https:\/\/www.europesays.com\/lt\/wp-json\/wp\/v2\/tags?post=202565"}],"curies":[{"name":"wp","href":"https:\/\/api.w.org\/{rel}","templated":true}]}}