{"id":202646,"date":"2026-06-13T22:03:10","date_gmt":"2026-06-13T22:03:10","guid":{"rendered":"https:\/\/www.europesays.com\/lt\/202646\/"},"modified":"2026-06-13T22:03:10","modified_gmt":"2026-06-13T22:03:10","slug":"valstybes-kontrole-neradus-tvariu-pajamu-saltiniu-negalima-didinti-pensiju-respublika-lt","status":"publish","type":"post","link":"https:\/\/www.europesays.com\/lt\/202646\/","title":{"rendered":"Valstyb\u0117s kontrol\u0117: neradus tvari\u0173 pajam\u0173 \u0161altini\u0173 &#8211; negalima didinti pensij\u0173 &#8211; Respublika.lt"},"content":{"rendered":"<p style=\"text-align: justify;\" class=\"desktop_banner\">\u00a0<\/p>\n<p style=\"text-align: left;\">\u00a0<\/p>\n<p style=\"text-align: left;\">\u0160iemet i\u0161 antros pakopos jau pasitraukus daugiau nei 0,5 mln. \u017emoni\u0173, \u012f \u201eSodr\u0105\u201c sugr\u0105\u017einta valstyb\u0117s subsidijos dalis, skiriama visiems, papildomai kaupiantiems priva\u010diuose pensij\u0173 fonduose.<\/p>\n<p style=\"text-align: left;\">Numatoma, kad d\u0117l pasitraukusi\u0173j\u0173 i\u0161 antros pakopos valstyb\u0117s biud\u017eetas kasmet sutaupys daugiau nei 150 mln. eur\u0173.<\/p>\n<p style=\"text-align: left;\">\u201eDidesnis \u201eSodros\u201c rezervas po \u012fsigaliojusi\u0173 pakeitim\u0173 nerei\u0161kia strukt\u016bri\u0161kai geresn\u0117s pensij\u0173 sistemos finansin\u0117s b\u016bkl\u0117s. Pasitraukusi\u0173 i\u0161 kaupimo dalyvi\u0173 \u201eSodros\u201c ir valstyb\u0117s \u012fmokos tampa pensij\u0173 apskaitos vienetais, o tai rei\u0161kia b\u016bsimus \u012fsipareigojimus ateityje\u201c, \u2013 teigia VK.<\/p>\n<p style=\"text-align: left;\">VK ekonomist\u0173 vertinimu, susilpn\u0117jus antros pakopos ind\u0117liui gyventoj\u0173 pensijoms, spaudimas u\u017etikrinti didesn\u0119 pajam\u0173 pakeitimo norm\u0105 teks socialiniam draudimui.<\/p>\n<p style=\"text-align: left;\">Tod\u0117l, kaip teigiama, \u0161io laikotarpio fiskalin\u0117 rizika yra ne pats \u201eSodros\u201c rezervo padid\u0117jimas, bet nepagr\u012fstas polinkis j\u012f naudoti sprendimams, kurie dar labiau didint\u0173 valstyb\u0117s ilgalaikius \u012fsipareigojimus.<\/p>\n<p style=\"text-align: left;\">\u201eNaujus \u012fsipareigojimus b\u016bt\u0173 galima prisiimti tik jiems numatant atitinkamus tvarius pajam\u0173 \u0161altinius. Norint vykdyti jau esamus \u012fsipareigojimus ir neapleisti kit\u0173 socialini\u0173 tiksl\u0173, toki\u0173 kaip pensinio am\u017eiaus \u017emoni\u0173 skurdo ma\u017einimas, b\u016btina derinti \u012fvairias priemones\u201c, \u2013 nurodo VK.<\/p>\n<p style=\"text-align: left;\">Teigiama, kad i\u0161augusio \u201eSodros\u201c rezervo l\u0117\u0161\u0173 naudojimas bazin\u0117ms pensijoms didinti kelt\u0173 ilgalaiki\u0173 i\u0161\u0161\u016bki\u0173, vietoje to \u0161ie pinigai gal\u0117t\u0173 prisid\u0117ti ma\u017einant valstyb\u0117s biud\u017eeto deficit\u0105 ir skolinimosi poreik\u012f.\u00a0<\/p>\n<p style=\"text-align: left;\">\u201eSpartus bazin\u0117s pensijos dyd\u017eio didinimas ma\u017eint\u0173 ry\u0161\u012f tarp gyventoj\u0173 sumokam\u0173 socialinio draudimo \u012fmok\u0173 ir gaunam\u0173 i\u0161mok\u0173. Kitaip tariant, dabartiniams dirbantiesiems ma\u017e\u0117t\u0173 paskatos mok\u0117ti socialinio draudimo \u012fmokas\u201c, \u2013 teigia VK ekonomistai.<\/p>\n<p style=\"text-align: left;\">\u201eSenatv\u0117s pensij\u0173 didinimas visiems j\u0105 gaunantiems asmenims n\u0117ra taikli priemon\u0117, siekiant suma\u017einti pensinio am\u017eiaus \u017emoni\u0173 skurd\u0105. Tod\u0117l svarbu galvoti apie socialin\u0117s paramos sistemos priemones\u201c, \u2013 pa\u017eymi institucija.<\/p>\n<p style=\"text-align: left;\">Antroji pensij\u0173 pakopa gali tapti ni\u0161ine sistema<\/p>\n<p style=\"text-align: left;\">Seimas pernai leido gyventojams dvej\u0173 met\u0173 laikotarpiu \u2013 nuo \u0161io sausio iki kit\u0173 met\u0173 pabaigos \u2013 laisvai atsiimti l\u0117\u0161as, kurias jie \u012fmok\u0117jo \u012f antros pakopos pensij\u0173 fondus kartu su investicine gr\u0105\u017ea, pasitraukimas vyksta ketvir\u010diais.<\/p>\n<p style=\"text-align: left;\">Fiskalin\u0117s institucijos vertinimu, per pirmus tris reformos m\u0117nesius i\u0161 kaupimo labiausiai trauk\u0117si jauni dalyviai, o senstant visuomenei tai kels spaudim\u0105 didinti ilgalaikius valstyb\u0117s \u012fsipareigojimus.<\/p>\n<p style=\"text-align: left;\">\u201eTai yra fiskalin\u0117 rizika, kuri\u0105 buvo bandoma valdyti kuriant pensij\u0173 kaupimo sistem\u0105 Lietuvoje. Pa\u017eym\u0117tina, kad pasitraukimo i\u0161 antros pensij\u0173 pakopos mastas jau yra itin reik\u0161mingas, ta\u010diau jis gali toliau augti, kol nepasibaig\u0117 laikotarpis, kai gyventojai gali priimti sprendim\u0105. Tokiu atveju antroji pensij\u0173 kaupimo pakopa tapt\u0173 ni\u0161in\u0117\u201c, \u2013 teigia VK.<\/p>\n<p style=\"text-align: left;\">Institucijos skai\u010diavimu, pra\u0117jusi\u0173 met\u0173 pabaigoje rezervinis \u201eSodros\u201c fondas sudar\u0117 apie 4,5 mlrd. eur\u0173.<\/p>\n<p style=\"text-align: left;\">Senstant visuomenei, skai\u010diuojama, kad pernai vienam senyvo am\u017eiaus asmeniui teko daugiau nei 3 darbingo am\u017eiaus gyventojai, o 2050 m. \u0161is skai\u010dius gali suma\u017e\u0117ti iki dviej\u0173, kas lemt\u0173 strukt\u016brinio deficito formavim\u0105si, kur\u012f reik\u0117t\u0173 finansuoti \u201eSodros\u201c rezervo s\u0105skaita.<\/p>\n<p style=\"text-align: left;\">VK analiz\u0117 rodo, kad nekintant valstyb\u0117s politikai d\u0117l demografinio spaudimo rezervas b\u016bt\u0173 visi\u0161kai i\u0161naudotas anks\u010diau nei 2050-aisiais, o jo nykim\u0105 dar labiau paspartint\u0173 papildomas pensij\u0173 indeksavimas.<\/p>\n<p style=\"text-align: left;\">Nepaisant po pensij\u0173 reformos i\u0161augusi\u0173 \u012fplauk\u0173 \u012f \u201eSodr\u0105\u201c, ekonomistai skai\u010diuoja, jog pagal pra\u0117jusi\u0173 met\u0173 pabaigoje tur\u0117tus \u012fsipareigojimus rezervo situacijos ilgalaik\u0117je perspektyvoje papildomos l\u0117\u0161os situacijos reik\u0161mingai nepakeis, naujos \u012fmokos leis i\u0161laikyti rezerv\u0105 papildomai vienerius metus.\u00a0<\/p>\n<p style=\"text-align: left;\">\u201eSodros\u201c rezervas veikia kaip ciklinio stabilizavimo \u012frankis, o ne pensij\u0173 indeksavimo \u0161altinis, atskiro rezervo ilgalaikiams i\u0161\u0161\u016bkiams valdyti valstyb\u0117je n\u0117ra numatyta.<\/p>\n<p style=\"text-align: left;\">I\u0161 viso per pirm\u0105 reformos ketvirt\u012f pensij\u0173 fondai neteko 4,4 mlrd. eur\u0173 \u2013 i\u0161 j\u0173 2,9 mlrd. eur\u0173 gr\u0105\u017einta gyventojams, 1,3 mlrd. eur\u0173 \u2013 \u201eSodrai\u201c.<\/p>\n<p style=\"text-align: left;\">Diskutuojant apie tai, kaip tur\u0117t\u0173 b\u016bti naudojamas \u201eSodros\u201c rezervas, finans\u0173 ministras Kristupas Vaitiek\u016bnas sako, kad galimyb\u0117s panaudoji dal\u012f \u0161i\u0173 l\u0117\u0161\u0173 kitais metais keliant pensijos bus vertinamos biud\u017eeto formavimo procese, ta\u010diau tikino, kad krizin\u0117ms situacijoms skirta rezerv\u0105 reikia i\u0161laikyti d\u0117l esamos sud\u0117tingos geopolitin\u0117s situacijos.<\/p>\n<p style=\"text-align: left;\">Pernai Seim\u0105 pasiek\u0117 prezidento iniciatyva spartesniam individualiosios pirmos pakopos pensijos dalies indeksavimui skirti ma\u017eiausiai 20 proc. \u201eSodros\u201c biud\u017eeto pervir\u0161io \u2013 papildomai pensijoms didinti galima b\u016bt\u0173 skirti 20-75 proc. \u0161i\u0173 l\u0117\u0161\u0173, likusi suma atitekt\u0173 rezervui.<\/p>\n","protected":false},"excerpt":{"rendered":"\u00a0 \u00a0 \u0160iemet i\u0161 antros pakopos jau pasitraukus daugiau nei 0,5 mln. \u017emoni\u0173, \u012f \u201eSodr\u0105\u201c sugr\u0105\u017einta valstyb\u0117s subsidijos&hellip;\n","protected":false},"author":2,"featured_media":202647,"comment_status":"","ping_status":"","sticky":false,"template":"","format":"standard","meta":{"footnotes":"","_share_on_mastodon":"0"},"categories":[6],"tags":[25,30,31,34,35,24,8811,32,33,37,39,36,38,40,23,22,495,28,29,18696,420,26,27,555],"class_list":["post-202646","post","type-post","status-publish","format-standard","has-post-thumbnail","category-antrastes","tag-antrastes","tag-breaking-news","tag-breakingnews","tag-featured-news","tag-featurednews","tag-headlines","tag-kontrole","tag-latest-news","tag-latestnews","tag-lietuva","tag-lietuviu","tag-lithuania","tag-lithuanian","tag-lt","tag-naujienos","tag-news","tag-pensijos","tag-populiariausios-naujienos","tag-populiariausiosnaujienos","tag-rezervas","tag-sodra","tag-top-stories","tag-topstories","tag-valstybes"],"share_on_mastodon":{"url":"https:\/\/pubeurope.com\/@lt\/116745063768155216","error":""},"_links":{"self":[{"href":"https:\/\/www.europesays.com\/lt\/wp-json\/wp\/v2\/posts\/202646","targetHints":{"allow":["GET"]}}],"collection":[{"href":"https:\/\/www.europesays.com\/lt\/wp-json\/wp\/v2\/posts"}],"about":[{"href":"https:\/\/www.europesays.com\/lt\/wp-json\/wp\/v2\/types\/post"}],"author":[{"embeddable":true,"href":"https:\/\/www.europesays.com\/lt\/wp-json\/wp\/v2\/users\/2"}],"replies":[{"embeddable":true,"href":"https:\/\/www.europesays.com\/lt\/wp-json\/wp\/v2\/comments?post=202646"}],"version-history":[{"count":0,"href":"https:\/\/www.europesays.com\/lt\/wp-json\/wp\/v2\/posts\/202646\/revisions"}],"wp:featuredmedia":[{"embeddable":true,"href":"https:\/\/www.europesays.com\/lt\/wp-json\/wp\/v2\/media\/202647"}],"wp:attachment":[{"href":"https:\/\/www.europesays.com\/lt\/wp-json\/wp\/v2\/media?parent=202646"}],"wp:term":[{"taxonomy":"category","embeddable":true,"href":"https:\/\/www.europesays.com\/lt\/wp-json\/wp\/v2\/categories?post=202646"},{"taxonomy":"post_tag","embeddable":true,"href":"https:\/\/www.europesays.com\/lt\/wp-json\/wp\/v2\/tags?post=202646"}],"curies":[{"name":"wp","href":"https:\/\/api.w.org\/{rel}","templated":true}]}}