{"id":20270,"date":"2025-10-18T15:07:07","date_gmt":"2025-10-18T15:07:07","guid":{"rendered":"https:\/\/www.europesays.com\/lt\/20270\/"},"modified":"2025-10-18T15:07:07","modified_gmt":"2025-10-18T15:07:07","slug":"geriausia-sezono-rezultata-prancuzijoje-pasiekusius-ambruleviciu-ir-reed-lenkia-tik-britai-delfi","status":"publish","type":"post","link":"https:\/\/www.europesays.com\/lt\/20270\/","title":{"rendered":"Geriausi\u0105 sezono rezultat\u0105 Pranc\u016bzijoje pasiekusius Ambrulevi\u010di\u0173 ir Reed lenkia tik britai &#8211; Delfi"},"content":{"rendered":"<ol>\n<li><a href=\"https:\/\/news.google.com\/rss\/articles\/CBMi4gFBVV95cUxPTW5oMnhYMFEzeEJ4Z0I1eWMwejA3cUJNbG4yUUR5UU5DU2tPNXRoZEQzQlB4RTVwTG1oTFo0U1g5NExWdFNtdXpZQkh0eE1SS0xmejR1T3NzV0pSRklPcW80WENLOTJsX01xNnlmdzg4VFBDcTJpS0ZCM1hGU25FSmp6cEwtNTRfQUx3NEpjVm1yNDZoN3lRQkFNWDNpamUyZFk1MGlJbTV0MTNLb3JqY2pRWmVOWDZGelJycW5IMERxekRCdmhtUDhxaEVVSnVENjZXN1AtUFdHRnNValdSblV3?oc=5\" target=\"_blank\" rel=\"nofollow noopener\">Geriausi\u0105 sezono rezultat\u0105 Pranc\u016bzijoje pasiekusius Ambrulevi\u010di\u0173 ir Reed lenkia tik britai<\/a>&nbsp;&nbsp;Delfi<\/li>\n<li><a href=\"https:\/\/news.google.com\/rss\/articles\/CBMi2AFBVV95cUxQVVdJU2dDSkpNeUdkQjRYRlhBamprdl9YcWVsQ0VRZDUzTUtfVnp3ejVtTXVZdXdVNzR4VUt3V21KRGctYXhteC1yUGNoRVRyWXM1Qm02MmZDUlBRVXFuSkVFanpnTDdkNzZ2VTdSLWdtX3RHMDQwVV9YMUM5eHAzbkRUanVwOXk3REVVa0MtMGI3UlRNN0VNMnBMUk9EVFRxaWgwX1pEbzZHVXl5VFdRbUI1T2NqTUI0ZlNORFE0d2VjZmo0R2VpaUtjVFFoQ1pody1XczhMOGg?oc=5\" target=\"_blank\" rel=\"nofollow noopener\">Reed ir Ambrulevi\u010diaus pasirodymas: Pranc\u016bzijoje \u2013 geriausias sezono rezultatas<\/a>&nbsp;&nbsp;15min.lt<\/li>\n<li><a href=\"https:\/\/news.google.com\/rss\/articles\/CBMisAFBVV95cUxPWUlRQ2U2NWtteFkwMGFYYTUwTkc0b2R6NUV3c2piVjBucmUzTDlrdTRkUlFPaEZtVTdQV2lvRVhmbmVLOXljNEVqX1g4YnBRS1YtQ1F3TEwwNmk0Y0hmRlU5LVQ0VjZNMEZhV2lfRHcxZ3d6dGt4SlJZNUpvU0F2X2xtMVF2blRNVFdrelJJZW15em1ZN0ZGemR4dGFyRjlCaEE5TXB5QXZ0NU9kVXJfUQ?oc=5\" target=\"_blank\" rel=\"nofollow noopener\">Dailusis \u010diuo\u017eimas Pranc\u016bzijoje: dalyvauja Ambrulevi\u010dius ir Reed<\/a>&nbsp;&nbsp;LRT<\/li>\n<li><a href=\"https:\/\/news.google.com\/rss\/articles\/CBMi3gFBVV95cUxNU1lJanNua3B2bTYzdFdobUJHcFpJY3lYNWpjMXVFQkZWZzJrUEoxX1RTbzdoM2doVldEUmwwd00xTklnMGEzSGpMdzRzUzUzMEJrSDFMS2VXUkJEbWpoSUZhOXR4RDlJR2x4MHhYdmZ1WmlCdGVQd3AtUnU0SktObXBKUDdFX1JDNExwSS1YXzJMY0FYalFyVWtTNGk0QTBWMHFzMlJDX3EwbGhoZ3BtSGV4T2RCX2RGT3VwNXFKSnV6MjhZN2d1bngwVU01bVhjZDFlZ0ZxUlpyQjg5bHc?oc=5\" target=\"_blank\" rel=\"nofollow noopener\">Geriausiai \u0161iame sezone \u010diuo\u017e\u0119 Ambrulevi\u010dius ir Reed ritmin\u0117je programoje pranoko \u0161io sporto legend\u0105<\/a>&nbsp;&nbsp;tv3.lt<\/li>\n<li><a href=\"https:\/\/news.google.com\/rss\/articles\/CBMi0gFBVV95cUxOaUtqRkdkSEhSMHJHQi1jTGFZRU5JY0NMcW9aN2N6UWNFWVpJaFFnR2h5YTlTemRZYUxRbjRxV0Rfb095RWplZWRfMXVkaTdsRGJkTHctTWg4RUotWG9EUUZLcWVfZlhDS0pzeERCeXM0WXdpOW4xd05RaGVzQmVuam44b3RaTFZjRGRUWGR4cHhjUjJfdGtYa2tNM2dmZXhpYTBicENzdERwVkl4M0lGSXFDUHYzcUtUSzZsd1VTY2ZmcTUtU0VBOGNCVzlWWVNMOEE?oc=5\" target=\"_blank\" rel=\"nofollow noopener\">Pranc\u016bzijoje A. Reed ir S. Ambrulevi\u010dius pasiek\u0117 geriausi\u0105 sezono rezultat\u0105<\/a>&nbsp;&nbsp;Lrytas<\/li>\n<\/ol>\n","protected":false},"excerpt":{"rendered":"Geriausi\u0105 sezono rezultat\u0105 Pranc\u016bzijoje pasiekusius Ambrulevi\u010di\u0173 ir Reed lenkia tik britai&nbsp;&nbsp;Delfi Reed ir Ambrulevi\u010diaus pasirodymas: Pranc\u016bzijoje \u2013 geriausias&hellip;\n","protected":false},"author":2,"featured_media":20271,"comment_status":"","ping_status":"","sticky":false,"template":"","format":"standard","meta":{"footnotes":""},"categories":[19],"tags":[6567,37,39,36,38,40,6566,47,104],"class_list":{"0":"post-20270","1":"post","2":"type-post","3":"status-publish","4":"format-standard","5":"has-post-thumbnail","7":"category-sportas","8":"tag-allison-reed","9":"tag-lietuva","10":"tag-lietuviu","11":"tag-lithuania","12":"tag-lithuanian","13":"tag-lt","14":"tag-saulius-ambrulevicius","15":"tag-sportas","16":"tag-sports"},"share_on_mastodon":{"url":"","error":""},"_links":{"self":[{"href":"https:\/\/www.europesays.com\/lt\/wp-json\/wp\/v2\/posts\/20270","targetHints":{"allow":["GET"]}}],"collection":[{"href":"https:\/\/www.europesays.com\/lt\/wp-json\/wp\/v2\/posts"}],"about":[{"href":"https:\/\/www.europesays.com\/lt\/wp-json\/wp\/v2\/types\/post"}],"author":[{"embeddable":true,"href":"https:\/\/www.europesays.com\/lt\/wp-json\/wp\/v2\/users\/2"}],"replies":[{"embeddable":true,"href":"https:\/\/www.europesays.com\/lt\/wp-json\/wp\/v2\/comments?post=20270"}],"version-history":[{"count":0,"href":"https:\/\/www.europesays.com\/lt\/wp-json\/wp\/v2\/posts\/20270\/revisions"}],"wp:featuredmedia":[{"embeddable":true,"href":"https:\/\/www.europesays.com\/lt\/wp-json\/wp\/v2\/media\/20271"}],"wp:attachment":[{"href":"https:\/\/www.europesays.com\/lt\/wp-json\/wp\/v2\/media?parent=20270"}],"wp:term":[{"taxonomy":"category","embeddable":true,"href":"https:\/\/www.europesays.com\/lt\/wp-json\/wp\/v2\/categories?post=20270"},{"taxonomy":"post_tag","embeddable":true,"href":"https:\/\/www.europesays.com\/lt\/wp-json\/wp\/v2\/tags?post=20270"}],"curies":[{"name":"wp","href":"https:\/\/api.w.org\/{rel}","templated":true}]}}