{"id":202842,"date":"2026-06-14T07:41:19","date_gmt":"2026-06-14T07:41:19","guid":{"rendered":"https:\/\/www.europesays.com\/lt\/202842\/"},"modified":"2026-06-14T07:41:19","modified_gmt":"2026-06-14T07:41:19","slug":"atvira-klaipeda-laivelis-parplauks-i-atgimimo-aikste","status":"publish","type":"post","link":"https:\/\/www.europesays.com\/lt\/202842\/","title":{"rendered":"Atvira Klaip\u0117da | Laivelis\u00a0parplauks \u012f Atgimimo aik\u0161t\u0119*"},"content":{"rendered":"<tr>\n<td><img loading=\"lazy\" decoding=\"async\" src=\"https:\/\/www.europesays.com\/lt\/wp-content\/uploads\/2026\/06\/1781422878_430_spyglys96.jpg\" class=\"avatar avatar-100 photo\" width=\"100\" height=\"100\"\/><\/td>\n<td>Spyglys<br \/>2026-06-12<\/td>\n<\/tr>\n<p>Klaip\u0117dos meras Arvydas Vaitkus, pasiramstydamas proto bok\u0161tu Jurgiu, penktadien\u012f i\u0161vyko \u012f Vilni\u0173 dalyvauti renginyje \u201eLinkiu tau Klaip\u0117dos\u201c. Tik\u0117tina, jog i\u0161 sostin\u0117s kartu su link\u0117jimais bus paskelbta ir \u017einia, kad \u012f Atgimimo aik\u0161t\u0119 sugr\u0105\u017einama r\u016btomis, na\u0161lait\u0117mis ir pinavijomis padabinta dekoratyvin\u0117 skulpt\u016bra \u201eLaivelis\u201c<\/p>\n<p><img fetchpriority=\"high\" decoding=\"async\" width=\"960\" height=\"640\" src=\"https:\/\/www.europesays.com\/lt\/wp-content\/uploads\/2026\/06\/20210323_105133.jpg\" alt=\"\" class=\"wp-image-186132\"  \/><\/p>\n<p>Ji buvo i\u0161 tos aik\u0161t\u0117s i\u0161pa\u0161alvonyta\u00a0pirm\u0105 A. Vaitkaus darbo dien\u0105 mero poste. O dabar bus gr\u0105\u017einta atgal ir papuo\u0161ta \u0161\u016bkiu \u201eVisk\u0105 gerai apgalvojau, ypa\u010d geologij\u0105!\u201c Gulb\u0117s giesm\u0117\u2026<\/p>\n<p>\u017dinia, mero \u0161efas labai pyko, kad tas nesugeb\u0117jo po\u017eeminio gara\u017eo jam po Atgimimo aik\u0161te \u012frengti. Nors kaip kompensacij\u0105 u\u017e pa\u017eado netes\u0117jim\u0105 Arvydas leido \u0161efo \u0161eimos valdomame vie\u0161butyje \u012frengti\u00a0lo\u0161imo ir siel\u0173 main\u0173 namus, \u0161iam to nepakako \u2013 pareikalavo gr\u0105\u017einti atnaujint\u0105 \u201eLaivel\u012f\u201c. O toks reikalavimas \u010dia tau ne koks nors klebono pra\u0161ymas d\u0117l Lurdo. <\/p>\n<p>Spyglio moralas: ale, kaip gra\u017eu viskas ant m\u016bs\u0173 Klaip\u0117dos, net drebas jama&#8230;<\/p>\n<p>*\u0160ios rubrikos nerekomenduojama skaityti susipykusiems su humoro jausmu ar stokojantiems fantazijos, nes nieko rimto \u010dia tikrai nerasite, Spyglio ir draug\u0173 humoras i\u0161 viso yra sunkiai suprantamas, l\u0117k\u0161tas, juodas ir kandus. Rimt\u0173 dalyk\u0173 ie\u0161kokite visose kitose \u201eAtviros Klaip\u0117dos\u201c rubrikose.<\/p>\n<p>\u017dymos: <a href=\"https:\/\/www.atviraklaipeda.lt\/zyma\/arvydas-vaitkus\/\" rel=\"tag nofollow noopener\" target=\"_blank\">Arvydas Vaitkus<\/a> | <a href=\"https:\/\/www.atviraklaipeda.lt\/zyma\/atgimimo-aikste\/\" rel=\"tag nofollow noopener\" target=\"_blank\">Atgimimo aik\u0161t\u0117<\/a> | <a href=\"https:\/\/www.atviraklaipeda.lt\/zyma\/atgimimo-aikstes-laivelis\/\" rel=\"tag nofollow noopener\" target=\"_blank\">Atgimimo aik\u0161t\u0117s laivelis<\/a> | <a href=\"https:\/\/www.atviraklaipeda.lt\/zyma\/kazino\/\" rel=\"tag nofollow noopener\" target=\"_blank\">kazino<\/a> | <a href=\"https:\/\/www.atviraklaipeda.lt\/zyma\/spyglys\/\" rel=\"tag nofollow noopener\" target=\"_blank\">Spyglys<\/a><\/p>\n<p>\tPrane\u0161ti apie klaid\u0105  <br \/>PANA\u0160\u016aS STRAIPSNIAI<br \/>\n\t\t\t\t\t\t<a class=\"naujienos_nuotrauka\" href=\"https:\/\/www.atviraklaipeda.lt\/meras-emesi-mokiniu-valgiarasciu\/\" style=\"background: url(&#039;https:\/\/www.atviraklaipeda.lt\/wp-content\/uploads\/mokvalg960-2-300x200.jpg&#039;);\" rel=\"nofollow noopener\" target=\"_blank\"><\/p>\n<p>\u0160vietimas<\/p>\n<p>\t\t\t\t\t\t\t<a href=\"https:\/\/www.atviraklaipeda.lt\/meras-emesi-mokiniu-valgiarasciu\/\" rel=\"nofollow noopener\" target=\"_blank\">Meras \u0117m\u0117si mokini\u0173 valgiara\u0161\u010di\u0173<\/a><\/p>\n<p>Arvydas Vaitkus patvirtino Klaip\u0117dos miesto savivaldyb\u0117s biud\u017eetini\u0173 \u0161vietimo \u012fstaig\u0173 maitinimo paslaug\u0173 sutar\u010di\u0173 vykdymo kontrol\u0117s priemoni\u0173 plan\u0105. Siekiama u\u017etikrinti, jog maitinimo &#8230;<\/p>\n<p>2026-06-14<\/p>\n<p>\t\t\t\t\t\t\t<a class=\"daugiau\" href=\"https:\/\/www.atviraklaipeda.lt\/meras-emesi-mokiniu-valgiarasciu\/\" rel=\"nofollow noopener\" target=\"_blank\">Skaityti daugiau<\/a><\/p>\n<p>\t\t\t\t\t\t<br class=\"cb\"\/><\/p>\n","protected":false},"excerpt":{"rendered":"Spyglys2026-06-12 Klaip\u0117dos meras Arvydas Vaitkus, pasiramstydamas proto bok\u0161tu Jurgiu, penktadien\u012f i\u0161vyko \u012f Vilni\u0173 dalyvauti renginyje \u201eLinkiu tau Klaip\u0117dos\u201c.&hellip;\n","protected":false},"author":2,"featured_media":202843,"comment_status":"","ping_status":"","sticky":false,"template":"","format":"standard","meta":{"footnotes":"","_share_on_mastodon":"0"},"categories":[17],"tags":[5524,12556,31209,81,6481,37,39,36,38,40,23532,46],"class_list":["post-202842","post","type-post","status-publish","format-standard","has-post-thumbnail","category-verslas","tag-arvydas-vaitkus","tag-atgimimo-aikste","tag-atgimimo-aikstes-laivelis","tag-business","tag-kazino","tag-lietuva","tag-lietuviu","tag-lithuania","tag-lithuanian","tag-lt","tag-spyglys","tag-verslas"],"share_on_mastodon":{"url":"https:\/\/pubeurope.com\/@lt\/116747337117000036","error":""},"_links":{"self":[{"href":"https:\/\/www.europesays.com\/lt\/wp-json\/wp\/v2\/posts\/202842","targetHints":{"allow":["GET"]}}],"collection":[{"href":"https:\/\/www.europesays.com\/lt\/wp-json\/wp\/v2\/posts"}],"about":[{"href":"https:\/\/www.europesays.com\/lt\/wp-json\/wp\/v2\/types\/post"}],"author":[{"embeddable":true,"href":"https:\/\/www.europesays.com\/lt\/wp-json\/wp\/v2\/users\/2"}],"replies":[{"embeddable":true,"href":"https:\/\/www.europesays.com\/lt\/wp-json\/wp\/v2\/comments?post=202842"}],"version-history":[{"count":0,"href":"https:\/\/www.europesays.com\/lt\/wp-json\/wp\/v2\/posts\/202842\/revisions"}],"wp:featuredmedia":[{"embeddable":true,"href":"https:\/\/www.europesays.com\/lt\/wp-json\/wp\/v2\/media\/202843"}],"wp:attachment":[{"href":"https:\/\/www.europesays.com\/lt\/wp-json\/wp\/v2\/media?parent=202842"}],"wp:term":[{"taxonomy":"category","embeddable":true,"href":"https:\/\/www.europesays.com\/lt\/wp-json\/wp\/v2\/categories?post=202842"},{"taxonomy":"post_tag","embeddable":true,"href":"https:\/\/www.europesays.com\/lt\/wp-json\/wp\/v2\/tags?post=202842"}],"curies":[{"name":"wp","href":"https:\/\/api.w.org\/{rel}","templated":true}]}}