{"id":203340,"date":"2026-06-14T20:22:15","date_gmt":"2026-06-14T20:22:15","guid":{"rendered":"https:\/\/www.europesays.com\/lt\/203340\/"},"modified":"2026-06-14T20:22:15","modified_gmt":"2026-06-14T20:22:15","slug":"jav-kariu-rotacija-lietuvoje-ekspertu-izvalgos","status":"publish","type":"post","link":"https:\/\/www.europesays.com\/lt\/203340\/","title":{"rendered":"JAV kari\u0173 rotacija Lietuvoje: ekspert\u0173 \u012f\u017evalgos"},"content":{"rendered":"<p>Sprendim\u0173 pri\u0117m\u0117j\u0173 komunikacija \u2013 abstrakti<\/p>\n<p>Pasibaigus dabartinei rotacijai, i\u0161 Lietuvos i\u0161vyksta daugiau nei t\u016bkstantis JAV kari\u0173 su technika. Juos tur\u0117t\u0173 pakeisti nauja grup\u0117 kari\u0173, ta\u010diau kada tai \u012fvyks ir kiek j\u0173 bus, JAV per\u017ei\u016brint ginkluot\u0173j\u0173 paj\u0117g\u0173 dislokavim\u0105 Europoje, dar n\u0117ra ai\u0161ku.<\/p>\n<p>JAV kariams i\u0161vykstant i\u0161 Lietuvos, premjer\u0117 Inga Ruginien\u0117 sak\u0117, kad tai yra techninio pob\u016bd\u017eio veiksmas, tod\u0117l panikos d\u0117l to netur\u0117t\u0173 kilti. <\/p>\n<p>    <img decoding=\"async\" src=\"https:\/\/www.europesays.com\/lt\/wp-content\/uploads\/2026\/06\/1781468532_476_bf296f13-5b59-467a-8b42-db3f99861d7b.jpg\" loading=\"lazy\" alt=\"Inga Ruginien\u0117\"\/>    <\/p>\n<p>Savo ruo\u017etu kra\u0161to apsaugos ministras Robertas Kaunas teig\u0117, kad turi patikinim\u0105 i\u0161 s\u0105junginink\u0173, jog pasibaigus kari\u0173 rotacijai, juos pakeis nauji.<\/p>\n<p>    <img decoding=\"async\" src=\"https:\/\/www.europesays.com\/lt\/wp-content\/uploads\/2026\/06\/8321561f-ae18-41b6-b314-f1924a449772.jpg\" loading=\"lazy\" alt=\"Robertas Kaunas\"\/>    <\/p>\n<p>Vilniaus universiteto Tarptautini\u0173 santyki\u0173 ir politikos moksl\u0173 instituto (VU TSPMI) profesor\u0117 Dovil\u0117 Jakni\u016bnait\u0117 sako, kad sprendim\u0173 pri\u0117m\u0117jai, kurie vie\u0161ai komunikuoja apie \u0161i\u0105 situacij\u0105, \u2013 Ministr\u0117 pirminink\u0117, Prezident\u016bra ir Kra\u0161to apsaugos ministerija, \u2013 kalba gana abstrak\u010diai. D\u0117l to, anot jos, kol kas sunku daryti i\u0161vadas apie susiklos\u010diusi\u0105 pad\u0117t\u012f.  <\/p>\n<p>\u201ePana\u0161u, kad tai daroma s\u0105moningai, galb\u016bt nenorint pasakyti per daug. Motyvai gali b\u016bti pagr\u012fsti, ta\u010diau b\u016btent d\u0117l to ir kyla neai\u0161kumas, ko galima tik\u0117tis ir apie k\u0105 galvoti\u201c, \u2013 \u012f\u017evalgomis dalijasi profesor\u0117. <\/p>\n<p>\u201eI\u0161 esm\u0117s visuomenei sakoma: \u201eb\u016bkite ram\u016bs\u201c. Vis d\u0117lto kyla klausimas, kod\u0117l tur\u0117tume b\u016bti ram\u016bs, kai matome Donaldo Trumpo elges\u012f ir jo sprendimus platesniame, globaliame kontekste. Situacija \u2013 sud\u0117tinga\u201c, \u2013 priduria ji. <\/p>\n<p>    <img decoding=\"async\" src=\"https:\/\/www.europesays.com\/lt\/wp-content\/uploads\/2026\/06\/898609ea-dc52-4855-b491-ce6716f4ca7a.jpg\" loading=\"lazy\" alt=\"Dovil\u0117 Jakni\u016bnait\u0117\"\/>    <\/p>\n<p>JAV demonstruoja, kad kari\u0173 buvimas Europoje n\u0117ra savaime suprantamas<\/p>\n<p>D. Jakni\u016bnait\u0117 taip pat pa\u017eymi, kad tokiu neapibr\u0117\u017etumu d\u0117l JAV kari\u0173 rotacijos Lietuvoje, pana\u0161u, Lietuvai tiesiogiai n\u0117ra siun\u010diami ka\u017ekokie signalai.<\/p>\n<p>\u201eSprendimu sustabdyti JAV kari\u0173 rotacij\u0105 kol kas netransliuojami ry\u0161k\u016bs poky\u010diai. N\u0117ra iki galo ai\u0161ku, ar tai rei\u0161kia visi\u0161k\u0105 kari\u0173 pasitraukim\u0105, ar j\u0173 perk\u0117lim\u0105 \u012f kit\u0105 viet\u0105\u201c, \u2013 svarsto \u201eDelfi\u201c pa\u0161nekov\u0117.<\/p>\n<p>\u201eReikia tur\u0117ti omenyje ir kontekst\u0105, susijus\u012f su pa\u017eadu i\u0161 Vokietijos i\u0161vesti 5 000 kari\u0173. K\u0105 tai i\u0161 tikr\u0173j\u0173 rei\u0161kia? Kur jie b\u016bt\u0173 perkelti \u2013 \u012f kitas Europos valstybes? O gal apskritai b\u016bt\u0173 ma\u017einamas JAV kari\u0173 skai\u010dius Europoje? Yra daug neai\u0161kum\u0173\u201c, \u2013 kylan\u010dius klausimus vardija ji. <\/p>\n<p>Profesor\u0117s vertinimu, tokie neai\u0161kumai rei\u0161kia ir tai, kad n\u0117ra d\u0117liojama ai\u0161ki vizija.<\/p>\n<p>\u201eTai apskritai yra b\u016bdingas \u0161ios JAV administracijos bruo\u017eas \u2013 sprendimai gali b\u016bti paskelbiami, v\u0117liau at\u0161aukiami ar pakei\u010diami. Pavyzd\u017eiui, prisimenant Lenkijos atvej\u012f, i\u0161 prad\u017ei\u0173 buvo paskelbta, kad bus i\u0161vesta 4 000 kari\u0173, v\u0117liau prane\u0161ta, kad j\u0173 skai\u010dius \u0161alyje bus padidintas iki 5 000. Tokia yra \u0161ios JAV administracijos sprendim\u0173 dinamika\u201c, \u2013 \u012f\u017evalgomis dalijasi ji. <\/p>\n<p>\u201eKol kas sunku \u012f\u017evelgti siun\u010diamus ai\u0161kius signalus, i\u0161skyrus siek\u012f pademonstruoti, kad JAV kari\u0173 buvimas Europoje n\u0117ra savaime suprantamas\u201c, \u2013 priduria \u201eDelfi\u201c pa\u0161nekov\u0117.<\/p>\n<p>JAV priekai\u0161t\u0173 Lietuvai netur\u0117t\u0173 tur\u0117ti<\/p>\n<p>D. Jakni\u016bnait\u0117 taip pat atkreipia d\u0117mes\u012f, kad tiek vie\u0161ai, tiek nevie\u0161ai labai daug priekai\u0161t\u0173 Lietuva d\u0117l savo saugumo politikos netur\u0117t\u0173 sulaukti.<\/p>\n<p>\u201eKaras Ukrainoje tapo vienu i\u0161 pirm\u0173j\u0173 svarbi\u0173 l\u016b\u017ei\u0173 kei\u010diant po\u017ei\u016br\u012f \u012f gynybos ir saugumo politik\u0105. \u017dinoma, kai kas pasakyt\u0173, kad poky\u010diai vyksta per l\u0117tai, daroma per ma\u017eai. Vis d\u0117lto bent jau rytinio Europos flango valstyb\u0117s ir Europos Komisija \u0161ioje srityje juda \u012f priek\u012f, nors, kaip min\u0117jau, gali atrodyti, kad tai vyksta nepakankamai spar\u010diai\u201c, \u2013 \u012f\u017evalgomis dalijasi ji.<\/p>\n<p>       <img decoding=\"async\" src=\"https:\/\/www.europesays.com\/lt\/wp-content\/uploads\/2026\/06\/4a351f5d-52a6-45a1-8433-f8a11e46ff40.jpg\" loading=\"lazy\" alt=\"Atidarytas naujas karinis miestelis Rokanti\u0161k\u0117se\"\/>    <\/p>\n<p>\u201e\u0160iame kontekste Lietuva per pastaruosius kelet\u0105 met\u0173 taip pat ai\u0161kiai parod\u0117, kad investicijos \u012f gynyb\u0105 ir didesn\u0117s i\u0161laidos \u0161iai sri\u010diai yra svarbi valstyb\u0117s politikos dalis. Mes ne tik kalbame apie b\u016btinyb\u0119 ka\u017ek\u0105 daryti, bet ir nuosekliai dirbame \u0161ia kryptimi. Tod\u0117l, nors visada galima rasti dalyk\u0173, kuriuos b\u016bt\u0173 galima padaryti geriau, saky\u010diau, kad bent jau i\u0161 Lietuvos pus\u0117s Amerika netur\u0117t\u0173 pagrindo reik\u0161ti priekai\u0161t\u0173\u201c, \u2013 teigia \u201eDelfi\u201c pa\u0161nekov\u0117. <\/p>\n<p>JAV spaud\u017eia Europ\u0105 stiprinti gynyb\u0105 <\/p>\n<p>Vis d\u0117lto D. Jakni\u016bnait\u0117 taip pat priduria, kad negyvename izoliuotai \u2013 esame Europos S\u0105jungos ir apskritai Europos erdv\u0117s dalis. <\/p>\n<p>\u201eSkirtingos valstyb\u0117s nevienodai vertina gr\u0117smes ir skirtingai supranta, kiek l\u0117\u0161\u0173 reik\u0117t\u0173 skirti gynybai, palyginti su kitomis sritimis, pavyzd\u017eiui, socialine apsauga. Be to, nevienodos ir skirting\u0173 valstybi\u0173 \u012ftampos vidaus politikoje. Palaikymas Ukrainai irgi n\u0117ra savaime suprantamas, ypa\u010d jei \u017ei\u016br\u0117tume \u012f pietines Europos valstybes\u201c, \u2013 t\u0119sia ji.<\/p>\n<p>Anot VU TSPMI profesor\u0117s, taip pat svarbu suprasti, kad Europa kaip vieningas darinys negali priimti vis\u0173 sprendim\u0173 viena\u0161ali\u0161kai \u2013 tam reikalingi atskir\u0173 valstybi\u0173 sprendimai. D\u0117l \u0161ios prie\u017easties viskas vyksta nevienodai, o vieningos pozicijos ne visada pavyksta pasiekti.<\/p>\n<p>    <img decoding=\"async\" src=\"https:\/\/www.europesays.com\/lt\/wp-content\/uploads\/2026\/06\/379357eb-8877-41b6-9107-46d977ff6f6e.jpg\" loading=\"lazy\" alt=\"Europos Parlamentas\"\/>    <\/p>\n<p>D\u0117l to, pasak \u201eDelfi\u201c pa\u0161nekov\u0117s, JAV administracijai atsiranda galimybi\u0173 rasti \u012fvairi\u0173 pretekst\u0173 savo sprendimams pagr\u012fsti. <\/p>\n<p>\u201ePavyzd\u017eiui, Friedricho Merzo pasisakymai, regis, paskatino svarstymus apie JAV kari\u0173 i\u0161vedim\u0105 i\u0161 Vokietijos. Tai sudaro \u012fsp\u016bd\u012f, kad sprendimai priimami ne vien remiantis ilgalaike strategija \u2013 nors ji, tik\u0117tina, egzistuoja, \u2013 bet reaguojant \u012f konkre\u010di\u0105 situacij\u0105: norint parodyti nepasitenkinim\u0105 ar tiesiog pademonstruoti, koki\u0173 veiksm\u0173 galima imtis \u010dia ir dabar\u201c, \u2013 \u012f\u017evalgomis dalijasi ji.<\/p>\n<p>\u201eKita vertus, vis labiau \u012fsitvirtina suvokimas, kad europie\u010diai turi prisiimti dar  didesn\u0119 atsakomyb\u0119 u\u017e savo saugum\u0105. Vis d\u0117lto tam, kad Europa paj\u0117gt\u0173 u\u017esitikrinti reikiamus gynybos paj\u0117gumus, reikia laiko. Tuo metu amerikie\u010diai spaud\u017eia gerokai spar\u010diau didinti europie\u010di\u0173 ind\u0117l\u012f, tod\u0117l pereinamuoju laikotarpiu saugumo spraga i\u0161 ties\u0173 gali atsirasti\u201c, \u2013 apibendrina  D. Jakni\u016bnait\u0117.<\/p>\n<p>Kur dislokuota did\u017eiausia JAV kariuomen\u0117s dalis?<\/p>\n<p>Kaip jau skelb\u0117 ELTA, Va\u0161ingtonas \u0117m\u0117 nuolat rotuoti paj\u0117gas Baltijos valstyb\u0117se ir Lenkijoje po to, kai prie\u0161 ketverius metus Rusija \u012fsiver\u017e\u0117 \u012f Ukrain\u0105.<\/p>\n<p>JAV yra pri\u0117musios sprendim\u0105 d\u0117l nepertraukiamo amerikie\u010di\u0173 rotacini\u0173 paj\u0117g\u0173 dislokavimo Baltijos regione. Savo ruo\u017etu Lietuva yra \u012fsipareigojusi d\u0117ti visas pastangas, kad atvykstantiems JAV kariams b\u016bt\u0173 suteikta visa reikalinga priiman\u010diosios \u0161alies parama ir sukurta tinkama infrastrukt\u016bra. <\/p>\n<p>       <img decoding=\"async\" src=\"https:\/\/www.europesays.com\/lt\/wp-content\/uploads\/2026\/06\/51997019-da3d-48ad-99f5-6e1ec0654cc7.jpg\" loading=\"lazy\" alt=\"Kariuomen\u0117s dienos paradas\"\/>      <\/p>\n<p>JAV sunkieji batalionai Lietuvoje rotuojami nuo 2019 m.<\/p>\n<p>Remiantis JAV kariuomen\u0117s baland\u017eio vidurio duomenimis, \u0161iuo metu Europoje dislokuota apie 86 t\u016bkst. JAV kari\u0173. Vykstant kari\u0173 rotacijai ir pratyboms bei d\u0117l kitoki\u0173 prie\u017eas\u010di\u0173 \u0161is skai\u010dius nuolat kinta.<\/p>\n<p>Did\u017eioji dalis JAV kari\u0173 Europoje yra dislokuota Vokietijoje. Remiantis JAV Gynybos departamento duomenimis, 2025 m. pabaigoje \u0161ioje \u0161alyje buvo dislokuota daugiau nei 36 400 aktyviosios tarnybos kari\u0173. Italija yra antra pagal dyd\u012f JAV kariuomen\u0117s dislokacijos vieta Europoje \u2013 2025 m. pabaigoje joje buvo apie 12 700 JAV kari\u0173. Tre\u010di\u0105 viet\u0105 u\u017eima Jungtin\u0117 Karalyst\u0117, kurioje dislokuota ma\u017edaug 10 200 JAV kari\u0173. Tokius duomenis, remdamasis oficialiais \u0161altiniais, pateikia Vokietijos tarptautinis visuomeninis transliuotojas \u201eDeutsche Welle\u201c.<\/p>\n<p>Kod\u0117l JAV paj\u0117gos yra Europoje?<\/p>\n<p>Kaip toliau ra\u0161o \u201eDeutsche Welle\u201c, JAV naudoja savo bazes Europoje vykdydamos operacijas visame pasaulyje. Pavyzd\u017eiui, Vokietijos ir Did\u017eiosios Britanijos baz\u0117s buvo panaudotos \u0161i\u0173 met\u0173 prad\u017eioje vykdant oro sm\u016bgius prie\u0161 Iran\u0105. Vis d\u0117lto kelios NATO s\u0105junginink\u0117s neseniai apribojo i\u0161 j\u0173 teritorijos vykdomas operacijas, tarp j\u0173 \u2013 Italija, kuri u\u017edraud\u0117 bombone\u0161iams ir transportiniams l\u0117ktuvams leistis JAV logistikos baz\u0117je Sigonella Sicilijoje.<\/p>\n<p>Ispanija taip pat u\u017edraud\u0117 naudotis savo baz\u0117mis, be to, u\u017edar\u0117 savo oro erdv\u0119 JAV orlaiviams. D\u0117l to D. Trumpas pagrasino i\u0161vesti karius i\u0161 abiej\u0173 \u0161ali\u0173.<\/p>\n<p>    <img decoding=\"async\" src=\"https:\/\/www.europesays.com\/lt\/wp-content\/uploads\/2026\/06\/4797f73c-e4ca-4993-930a-c95aa1ae8059.jpg\" loading=\"lazy\" alt=\"Donaldas Trumpas\"\/>    <\/p>\n<p>Europos strategin\u0117 svarba JAV kyla i\u0161 jos geografin\u0117s pad\u0117ties. Jei JAV daliniai turi b\u016bti dislokuoti tokiame regione kaip Artimieji Rytai, juos si\u0173sti i\u0161 Europos bus grei\u010diau nei i\u0161 Amerikos \u017eemyno. Be to, tiesioginiai skryd\u017eiai turi ribot\u0105 nuotol\u012f.<\/p>\n<p>Rotaciniai daliniai NATO rytiniame flange atlieka labai konkret\u0173 vaidmen\u012f aljanso atgrasymo nuo Rusijos strategijoje, o JAV vadovauja Lenkijoje dislokuotai daugianacionalinei kovinei grupei. 2016 m. NATO nusprend\u0117 suformuoti keturias tokias kovines grupes, kad Rusijos atakos atveju b\u016bt\u0173 galima laim\u0117ti laiko. Tai n\u0117ra nuolatiniai kariuomen\u0117s dislokavimai \u2013 personalas kei\u010diamas kas \u0161e\u0161is m\u0117nesius.<\/p>\n<p>I\u0161 prad\u017ei\u0173 \u0161ios kovin\u0117s grup\u0117s buvo palyginti nedidel\u0117s, siekiant pabr\u0117\u017eti j\u0173 gynybin\u012f pob\u016bd\u012f. V\u0117liau, vykdant NATO operacij\u0105 \u201eAtlantic Resolve\u201c, \u012f Vokietij\u0105 ir Lenkij\u0105 kaip pastiprinimas buvo dislokuotos papildomos JAV oro, sausumos ir j\u016br\u0173 paj\u0117gos.<\/p>\n<p>Neapibr\u0117\u017etumas d\u0117l JAV paj\u0117g\u0173 Europoje<\/p>\n<p>Gegu\u017e\u0117s viduryje Pentagonas at\u0161auk\u0117 apie 4 000 kari\u0173 dislokavim\u0105 \u012f Lenkij\u0105 pagal operacijos \u201eAtlantic Resolve\u201c kari\u0173 rotacijos plan\u0105. Sprendimas buvo priimtas paskutin\u0119 akimirk\u0105, kai transporto priemon\u0117s jau buvo i\u0161si\u0173stos, o kariai \u2013 pasireng\u0119 i\u0161vykti.<\/p>\n<p>Nors JAV \u017einiasklaida prane\u0161\u0117, kad staigaus sprendimo prie\u017eastis buvo Pentagono biud\u017eeto apribojimai, kiti analitikai \u0161\u012f \u017eingsn\u012f sieja su D. Trumpo karotjamais grasinimais suma\u017einti JAV kari\u0173 skai\u010di\u0173 Europoje.<\/p>\n<p>Kiek v\u0117liau D. Trumpas pakeit\u0117 savo pozicij\u0105 ir paskelb\u0117  apie 5 000 papildom\u0173 kari\u0173 dislokavim\u0105 Lenkijoje. D. Trumpas nepatikslino, ar kari\u0173 rotacija vis d\u0117lto vyks, ar dalis paj\u0117g\u0173 bus i\u0161vestos i\u0161 Vokietijos, ar bus mobilizuoti kiti daliniai.<\/p>\n<p>Gegu\u017e\u0117s prad\u017eioje D. Trumpas paskelb\u0117, kad i\u0161 Vokietijos i\u0161ves 5 000 JAV kari\u0173 po to, kai susikirto su Vokietijos kancleriu Friedrichu Merzu d\u0117l tebevykstan\u010dio konflikto Irane. Vis d\u0117lto nepaisant grie\u017et\u0173 \u017eod\u017ei\u0173, steb\u0117tojai abejoja, ar JAV i\u0161 ties\u0173 suma\u017eins savo kari\u0173 skai\u010di\u0173 Vokietijoje. <\/p>\n<p>Kartu Va\u0161ingtonas ai\u0161kiai nurod\u0117, kad neketina laikytis ankstesnio JAV prezidento Joe Bideno ir tuometinio Vokietijos kanclerio Olafo Scholzo pasiekto susitarimo iki 2026 m. dislokuoti Vokietijoje JAV vidutinio nuotolio raketas, skirtas Rusijai atgrasyti.<\/p>\n","protected":false},"excerpt":{"rendered":"Sprendim\u0173 pri\u0117m\u0117j\u0173 komunikacija \u2013 abstrakti Pasibaigus dabartinei rotacijai, i\u0161 Lietuvos i\u0161vyksta daugiau nei t\u016bkstantis JAV kari\u0173 su technika.&hellip;\n","protected":false},"author":2,"featured_media":203341,"comment_status":"","ping_status":"","sticky":false,"template":"","format":"standard","meta":{"footnotes":"","_share_on_mastodon":"0"},"categories":[13],"tags":[25,30,31,34,35,224,24,6662,32,33,37,39,36,38,40,141,23,22,28,29,26,27],"class_list":["post-203340","post","type-post","status-publish","format-standard","has-post-thumbnail","category-lietuva","tag-antrastes","tag-breaking-news","tag-breakingnews","tag-featured-news","tag-featurednews","tag-gynyba","tag-headlines","tag-kariai","tag-latest-news","tag-latestnews","tag-lietuva","tag-lietuviu","tag-lithuania","tag-lithuanian","tag-lt","tag-nato","tag-naujienos","tag-news","tag-populiariausios-naujienos","tag-populiariausiosnaujienos","tag-top-stories","tag-topstories"],"share_on_mastodon":{"url":"https:\/\/pubeurope.com\/@lt\/116750329522990592","error":""},"_links":{"self":[{"href":"https:\/\/www.europesays.com\/lt\/wp-json\/wp\/v2\/posts\/203340","targetHints":{"allow":["GET"]}}],"collection":[{"href":"https:\/\/www.europesays.com\/lt\/wp-json\/wp\/v2\/posts"}],"about":[{"href":"https:\/\/www.europesays.com\/lt\/wp-json\/wp\/v2\/types\/post"}],"author":[{"embeddable":true,"href":"https:\/\/www.europesays.com\/lt\/wp-json\/wp\/v2\/users\/2"}],"replies":[{"embeddable":true,"href":"https:\/\/www.europesays.com\/lt\/wp-json\/wp\/v2\/comments?post=203340"}],"version-history":[{"count":0,"href":"https:\/\/www.europesays.com\/lt\/wp-json\/wp\/v2\/posts\/203340\/revisions"}],"wp:featuredmedia":[{"embeddable":true,"href":"https:\/\/www.europesays.com\/lt\/wp-json\/wp\/v2\/media\/203341"}],"wp:attachment":[{"href":"https:\/\/www.europesays.com\/lt\/wp-json\/wp\/v2\/media?parent=203340"}],"wp:term":[{"taxonomy":"category","embeddable":true,"href":"https:\/\/www.europesays.com\/lt\/wp-json\/wp\/v2\/categories?post=203340"},{"taxonomy":"post_tag","embeddable":true,"href":"https:\/\/www.europesays.com\/lt\/wp-json\/wp\/v2\/tags?post=203340"}],"curies":[{"name":"wp","href":"https:\/\/api.w.org\/{rel}","templated":true}]}}