{"id":204735,"date":"2026-06-16T10:14:07","date_gmt":"2026-06-16T10:14:07","guid":{"rendered":"https:\/\/www.europesays.com\/lt\/204735\/"},"modified":"2026-06-16T10:14:07","modified_gmt":"2026-06-16T10:14:07","slug":"kia-pv5-passenger-per-realu-bandyma-nuvaziavo-daugiau-nei-zada-wltp","status":"publish","type":"post","link":"https:\/\/www.europesays.com\/lt\/204735\/","title":{"rendered":"\u201eKia PV5 Passenger\u201c per real\u0173 bandym\u0105 nuva\u017eiavo daugiau, nei \u017eada WLTP"},"content":{"rendered":"<p class=\"wp-block-paragraph\">Naujausias \u201eKia PV5 Passenger\u201c modelis Norvegijos <a data-autolink-id=\"55\" target=\"_self\" href=\"https:\/\/www.laikas.lt\/technologijos\/automobiliai\/\" rel=\"nofollow noopener\">automobili\u0173<\/a> federacijos (NAF) ir \u017eurnalo \u201eMotor\u201c organizuojamame \u201eNAF El Prix Summer Test\u201c bandyme pademonstravo didel\u012f energijos vartojimo efektyvum\u0105 bei stabil\u0173 \u012fkrovimo na\u0161um\u0105. <\/p>\n<p class=\"wp-block-paragraph\">Tai did\u017eiausias nepriklausomas elektromobili\u0173 <a data-autolink-id=\"64\" target=\"_self\" href=\"https:\/\/www.laikas.lt\/tema\/asmenybes-testas\/\" rel=\"nofollow noopener\">testas<\/a> pasaulyje, kuriame transporto priemon\u0117s vertinamos realiomis vairavimo s\u0105lygomis, siekiant nustatyti tikr\u0105j\u012f j\u0173 nuva\u017eiuojam\u0105 atstum\u0105 ir baterij\u0173 galimybes.<\/p>\n<p>Realaus va\u017eiavimo rezultatai pranoko oficialius duomenis<\/p>\n<p><img loading=\"lazy\" decoding=\"async\" width=\"1024\" height=\"576\" src=\"https:\/\/www.europesays.com\/lt\/wp-content\/uploads\/2026\/06\/Kia-PV5-Passenger-3-1024x576.jpg\" alt=\"\"  \/><\/p>\n<p class=\"wp-block-paragraph\">Pagal WLTP (angl. Worldwide Harmonised Light Vehicles Test Procedure) standart\u0105 oficialiai deklaruojama, kad testuota \u201eKia PV5 Passenger\u201c versija su 71,2 kWh talpos padidinto nuotolio baterija gali nuva\u017eiuoti iki 412 kilometr\u0173. <\/p>\n<p class=\"wp-block-paragraph\">Ta\u010diau Norvegijoje vykusiame teste, va\u017eiuojant nustatytu mar\u0161rutu nuo visi\u0161kai \u012fkrautos iki visi\u0161kai i\u0161sikrovusios baterijos, automobilis \u012fveik\u0117 420 kilometr\u0173. Tai rei\u0161kia, kad realiomis eismo s\u0105lygomis modeliui pavyko vir\u0161yti savo sertifikuotus laboratorinius rodiklius.<\/p>\n<p class=\"wp-block-paragraph\">Vidutin\u0117s modelio energijos s\u0105naudos siek\u0117 13,8 kWh\/100 km. Tokie rezultatai leido \u0161iam automobiliui patekti \u012f geriausi\u0173 transporto priemoni\u0173 penket\u0105 <a data-autolink-id=\"90\" target=\"_self\" href=\"https:\/\/www.laikas.lt\/tema\/seima\/\" rel=\"nofollow noopener\">\u0161eimos<\/a> automobili\u0173 kategorijoje. <\/p>\n<p class=\"wp-block-paragraph\">Testas buvo vykdomas laikantis grie\u017et\u0173 standart\u0173: visi automobiliai va\u017eiavo t\u0105 pa\u010di\u0105 dien\u0105, tomis pa\u010diomis eismo s\u0105lygomis, o j\u0173 salonuose buvo palaikoma nuolatin\u0117 20 laipsni\u0173 temperat\u016bra. Tai pirk\u0117jams u\u017etikrina patikimus ir palyginamuosius duomenis apie skirting\u0173 gamintoj\u0173 pasiekimus.<\/p>\n<p>Technologinis pagrindas ir \u012fkrovimo sparta<\/p>\n<p><img loading=\"lazy\" decoding=\"async\" width=\"1024\" height=\"576\" src=\"https:\/\/www.europesays.com\/lt\/wp-content\/uploads\/2026\/06\/Kia-PV5-Passenger-1-1024x576.jpg\" alt=\"\"  \/><\/p>\n<p class=\"wp-block-paragraph\">Automobilis sukonstruotas naudojant bendrov\u0117s \u201eKia\u201c sukurt\u0105 specializuot\u0105 E-GMP.S platform\u0105, kuri pritaikyta b\u016btent elektra varomoms transporto priemon\u0117ms. Sistema palaiko 11 kW kintamosios srov\u0117s (AC) \u012fkrovim\u0105 ir spar\u010di\u0105j\u0105 nuolatin\u0117s srov\u0117s (DC) \u012fkrovimo technologij\u0105, kurios galia siekia iki 150 kW. <\/p>\n<p class=\"wp-block-paragraph\">Bandym\u0173 metu baterijos \u012fkrovimas nuo 10 iki 80 proc. truko lygiai 30 minu\u010di\u0173 \u2013 tai visi\u0161kai sutampa su gamintojo oficialiai deklaruojamais techniniais duomenimis ir u\u017etikrina prakti\u0161kum\u0105 kasdien\u0117se kelion\u0117se.<\/p>\n<p class=\"wp-block-paragraph\">\u201e\u0160ie nepriklausomi \u201eNAF El Prix Summer Test\u201c rezultatai patvirtina, kad \u201ePV5 Passenger\u201c atitinka kasdienio \u0161eimos mobilumo poreikius \u2013 tiek mieste, tiek ilgesn\u0117se kelion\u0117se\u201c, \u2013 sak\u0117 \u201eKia Europe\u201c PBV direktorius Erhanas Erenas. \u201eD\u0117l lankstumo, erdv\u0117s ir efektyvumo derinio \u0161is modelis demonstruoja patikim\u0105 real\u0173 veikim\u0105 kasdienio vairavimo s\u0105lygomis.\u201c<\/p>\n<p>Lankst\u016bs judumo sprendimai \u0161eimai ir verslui<\/p>\n<p><img loading=\"lazy\" decoding=\"async\" width=\"1024\" height=\"576\" src=\"https:\/\/www.europesays.com\/lt\/wp-content\/uploads\/2026\/06\/Kia-PV5-Passenger-4-1024x576.jpg\" alt=\"\"  \/><\/p>\n<p class=\"wp-block-paragraph\">Pristatomas kaip bendrov\u0117s PBV strategijos dalis, \u201ePV5 Passenger\u201c sujungia lankst\u0173 interjero dizain\u0105 su komfortu ir \u0161iuolaikin\u0117mis ry\u0161io technologijomis. <\/p>\n<p class=\"wp-block-paragraph\">Penki\u0173 s\u0117dim\u0173 viet\u0173 versija gali b\u016bti komplektuojama su 51,5 kWh standartine arba 71,2 kWh padidinto nuotolio baterija. In\u017eineriniai sprendimai, tokie kaip priekin\u0117je dalyje sumontuotas \u012fkrovimo lizdas, palengvina naudojim\u0105si vie\u0161osiomis stotel\u0117mis, ypa\u010d \u012fkrovimo zonose.<\/p>\n<p class=\"wp-block-paragraph\">Vartotoj\u0173 patogumui skirta \u201eKia Charge\u201c paslauga suteikia prieig\u0105 prie daugiau nei milijono \u012fkrovimo ta\u0161k\u0173 27 Europos \u0161alyse. Be to, transporto priemon\u0117je \u012fdiegta i\u0161orinio maitinimo funkcija (V2L), leid\u017eianti per vidin\u012f arba i\u0161orin\u012f lizd\u0105 tiekti energij\u0105 i\u0161oriniams elektros prietaisams, pavyzd\u017eiui, ne\u0161iojamiesiems kompiuteriams ar stovyklavimo \u012frangai.<\/p>\n<p class=\"wp-block-paragraph\">Manevringum\u0105 miesto aplinkoje u\u017etikrina geriausias klas\u0117je 5,5 metr\u0173 apsisukimo spindulys, o optimizuota vairo mechanizmo konstrukcija padeda ma\u017einti vairuotojo nuovarg\u012f. Papildomai \u201ePV5 Passenger\u201c bus galima u\u017esisakyti ir kaip 6 arba 7 viet\u0173 versij\u0105. \u0160ios modifikacijos gamyb\u0105 planuojama prad\u0117ti 2026 m. liepos 15 d.<\/p>\n","protected":false},"excerpt":{"rendered":"Naujausias \u201eKia PV5 Passenger\u201c modelis Norvegijos automobili\u0173 federacijos (NAF) ir \u017eurnalo \u201eMotor\u201c organizuojamame \u201eNAF El Prix Summer Test\u201c&hellip;\n","protected":false},"author":2,"featured_media":204736,"comment_status":"","ping_status":"","sticky":false,"template":"","format":"standard","meta":{"footnotes":"","_share_on_mastodon":"0"},"categories":[17],"tags":[81,762,37,39,36,38,40,46],"class_list":["post-204735","post","type-post","status-publish","format-standard","has-post-thumbnail","category-verslas","tag-business","tag-kia","tag-lietuva","tag-lietuviu","tag-lithuania","tag-lithuanian","tag-lt","tag-verslas"],"share_on_mastodon":{"url":"","error":""},"_links":{"self":[{"href":"https:\/\/www.europesays.com\/lt\/wp-json\/wp\/v2\/posts\/204735","targetHints":{"allow":["GET"]}}],"collection":[{"href":"https:\/\/www.europesays.com\/lt\/wp-json\/wp\/v2\/posts"}],"about":[{"href":"https:\/\/www.europesays.com\/lt\/wp-json\/wp\/v2\/types\/post"}],"author":[{"embeddable":true,"href":"https:\/\/www.europesays.com\/lt\/wp-json\/wp\/v2\/users\/2"}],"replies":[{"embeddable":true,"href":"https:\/\/www.europesays.com\/lt\/wp-json\/wp\/v2\/comments?post=204735"}],"version-history":[{"count":0,"href":"https:\/\/www.europesays.com\/lt\/wp-json\/wp\/v2\/posts\/204735\/revisions"}],"wp:featuredmedia":[{"embeddable":true,"href":"https:\/\/www.europesays.com\/lt\/wp-json\/wp\/v2\/media\/204736"}],"wp:attachment":[{"href":"https:\/\/www.europesays.com\/lt\/wp-json\/wp\/v2\/media?parent=204735"}],"wp:term":[{"taxonomy":"category","embeddable":true,"href":"https:\/\/www.europesays.com\/lt\/wp-json\/wp\/v2\/categories?post=204735"},{"taxonomy":"post_tag","embeddable":true,"href":"https:\/\/www.europesays.com\/lt\/wp-json\/wp\/v2\/tags?post=204735"}],"curies":[{"name":"wp","href":"https:\/\/api.w.org\/{rel}","templated":true}]}}