{"id":205017,"date":"2026-06-16T15:43:12","date_gmt":"2026-06-16T15:43:12","guid":{"rendered":"https:\/\/www.europesays.com\/lt\/205017\/"},"modified":"2026-06-16T15:43:12","modified_gmt":"2026-06-16T15:43:12","slug":"seimas-uz-asmenims-su-negalia-palankesne-automobilio-islaidu-kompensacijos-skyrimo-tvarka","status":"publish","type":"post","link":"https:\/\/www.europesays.com\/lt\/205017\/","title":{"rendered":"Seimas \u2013 u\u017e asmenims su negalia palankesn\u0119 automobilio i\u0161laid\u0173 kompensacijos skyrimo tvark\u0105"},"content":{"rendered":"<p>Tai numatan\u010dias Tikslini\u0173 kompensacij\u0173 \u012fstatymo pataisas antradien\u012f palaik\u0117 96 parlamentarai, prie\u0161 nebuvo, susilaik\u0117 2. Projekt\u0105 svarstys Socialini\u0173 reikal\u0173 ir darbo komitetas, vertins Vyriausyb\u0117, o ruden\u012f jis v\u0117l atsiras Seimo pos\u0117d\u017ei\u0173 darbotvark\u0117je.\u00a0<\/p>\n<p>\u012estatymo pakeitimus inicijavusi Seimo nar\u0117 konservator\u0117 Daiva Ulbinait\u0117 si\u016blo kompensacij\u0105 sieti ne su formaliais kriterijais, o su realiu \u017emogaus judumo poreikiu.<\/p>\n<p>Jei Seimas pritart\u0173, kompensacija b\u016bt\u0173 prieinama \u0161eimoms, kuri\u0173 vaikams d\u0117l ilgalaikio jud\u0117jimo funkcijos sutrikimo b\u016btinas pritaikytas automobilis, net jei vaikui nustatytas 3 ar 4 lygio individualios pagalbos poreikis.<\/p>\n<p>Pri\u0117mus \u012fstatymo pataisas, kompensacij\u0105 taip pat gal\u0117t\u0173 gauti \u017emon\u0117s su negalia, kurie patys negali vairuoti ir neturi vairuotojo pa\u017eym\u0117jimo, ta\u010diau kuriems pritaikytas automobilis yra b\u016btinas.<\/p>\n<p>\u0160iuo metu kompensacij\u0105 gali gauti tik tie, kam nustatytas 1 ar 2 lygio individualios pagalbos poreikis, ir tik jeigu asmuo su negalia turi vairuotojo pa\u017eym\u0117jim\u0105. \u0160eimos, kurios augina ne\u012fgaliojo ve\u017eim\u0117lyje judan\u010dius vaikus, kuriems nustatytas 3 ar 4 lygio pagalbos poreikis, kompensacijos pritaikytam automobiliui gauti negali.<\/p>\n<p>\u201eSi\u016blau keisti yding\u0105 ir diskriminuojan\u010di\u0105 i\u0161laid\u0173 kompensavimo tvark\u0105.\u00a0Pritaikytas automobilis n\u0117ra privilegija \u2013 tai saugumo, orumo, savaranki\u0161kumo ir galimyb\u0117s dalyvauti visuomen\u0117s gyvenime s\u0105lyga\u201c, \u2013\u00a0\u00a0pateikdama projekt\u0105 sak\u0117 D. Ulbinait\u0117.\u00a0<\/p>\n<p>Jos duomenimis, pernai d\u0117l kompensacijos skyrimo kreip\u0117si 2 t\u016bkst. 314 asmen\u0173 ir \u0161eim\u0173, auginan\u010di\u0173 vaik\u0105 su negalia, i\u0161 kuri\u0173 531 atsisakyta skirti kompensacij\u0105.<\/p>\n","protected":false},"excerpt":{"rendered":"Tai numatan\u010dias Tikslini\u0173 kompensacij\u0173 \u012fstatymo pataisas antradien\u012f palaik\u0117 96 parlamentarai, prie\u0161 nebuvo, susilaik\u0117 2. Projekt\u0105 svarstys Socialini\u0173 reikal\u0173&hellip;\n","protected":false},"author":2,"featured_media":205018,"comment_status":"","ping_status":"","sticky":false,"template":"","format":"standard","meta":{"footnotes":"","_share_on_mastodon":"0"},"categories":[13],"tags":[25,30,31,34,35,24,32,33,37,39,36,38,40,23,22,13925,28,29,128,26,27],"class_list":["post-205017","post","type-post","status-publish","format-standard","has-post-thumbnail","category-lietuva","tag-antrastes","tag-breaking-news","tag-breakingnews","tag-featured-news","tag-featurednews","tag-headlines","tag-latest-news","tag-latestnews","tag-lietuva","tag-lietuviu","tag-lithuania","tag-lithuanian","tag-lt","tag-naujienos","tag-news","tag-pataisos","tag-populiariausios-naujienos","tag-populiariausiosnaujienos","tag-seimas","tag-top-stories","tag-topstories"],"share_on_mastodon":{"url":"https:\/\/pubeurope.com\/@lt\/116760556642664457","error":""},"_links":{"self":[{"href":"https:\/\/www.europesays.com\/lt\/wp-json\/wp\/v2\/posts\/205017","targetHints":{"allow":["GET"]}}],"collection":[{"href":"https:\/\/www.europesays.com\/lt\/wp-json\/wp\/v2\/posts"}],"about":[{"href":"https:\/\/www.europesays.com\/lt\/wp-json\/wp\/v2\/types\/post"}],"author":[{"embeddable":true,"href":"https:\/\/www.europesays.com\/lt\/wp-json\/wp\/v2\/users\/2"}],"replies":[{"embeddable":true,"href":"https:\/\/www.europesays.com\/lt\/wp-json\/wp\/v2\/comments?post=205017"}],"version-history":[{"count":0,"href":"https:\/\/www.europesays.com\/lt\/wp-json\/wp\/v2\/posts\/205017\/revisions"}],"wp:featuredmedia":[{"embeddable":true,"href":"https:\/\/www.europesays.com\/lt\/wp-json\/wp\/v2\/media\/205018"}],"wp:attachment":[{"href":"https:\/\/www.europesays.com\/lt\/wp-json\/wp\/v2\/media?parent=205017"}],"wp:term":[{"taxonomy":"category","embeddable":true,"href":"https:\/\/www.europesays.com\/lt\/wp-json\/wp\/v2\/categories?post=205017"},{"taxonomy":"post_tag","embeddable":true,"href":"https:\/\/www.europesays.com\/lt\/wp-json\/wp\/v2\/tags?post=205017"}],"curies":[{"name":"wp","href":"https:\/\/api.w.org\/{rel}","templated":true}]}}