{"id":205179,"date":"2026-06-16T19:10:39","date_gmt":"2026-06-16T19:10:39","guid":{"rendered":"https:\/\/www.europesays.com\/lt\/205179\/"},"modified":"2026-06-16T19:10:39","modified_gmt":"2026-06-16T19:10:39","slug":"lukasenka-atsiprase-zelenskio-respublika-lt","status":"publish","type":"post","link":"https:\/\/www.europesays.com\/lt\/205179\/","title":{"rendered":"Luka\u0161enka atsipra\u0161\u0117 Zelenskio &#8211; Respublika.lt"},"content":{"rendered":"<p><img loading=\"lazy\" decoding=\"async\" src=\"https:\/\/www.respublika.lt\/lt\/naujienos\/pasaulis\/pasaulio_politika\/lukasenka-atsiprase-zelenskio\/images\/ico_camera_white.gif\" class=\"camera\" width=\"22\" height=\"15\" alt=\"nuotr.\" style=\"position:relative; top:-2px; right:2px;\"\/> 1 nuotr.<\/p>\n<p>Aleksandras Luka\u0161enka ir Vladimiras Putinas mano, jog \u012ftraukti Baltarusij\u0105 \u012f kar\u0105 yra \u201evisi\u0161kai nepriimtina\u201c. EPA-Eltos nuotr.<\/p>\n<p style=\"text-align: justify;\" class=\"desktop_banner\">\u00a0<\/p>\n<p style=\"text-align: left;\">\u00a0<\/p>\n<p style=\"text-align: left;\">Interviu metu kanalo \u201eAl Arabiya\u201c \u017eurnalistas papra\u0161\u0117 A. Luka\u0161enkos pakomentuoti Ukrainos pareig\u016bn\u0173 ir karini\u0173 vad\u0173 parei\u0161kimus apie Rusijos puolimo i\u0161 Baltarusijos teritorijos gr\u0117sm\u0119.<\/p>\n<p style=\"text-align: left;\">Jis atsak\u0117, kad tiek jis, tiek Rusijos prezidentas Vladimiras Putinas mano, jog \u012ftraukti Baltarusij\u0105 \u012f kar\u0105 yra \u201evisi\u0161kai nepriimtina\u201c.<\/p>\n<p style=\"text-align: left;\">Anot A. Luka\u0161enkos, \u012ftraukus Baltarusij\u0105 \u012f kar\u0105 b\u016bt\u0173 padaryta daugiau \u017ealos nei atne\u0161ta naudos.<\/p>\n<p style=\"text-align: left;\">\u201eBaltarusija yra labai pa\u017eeid\u017eiama kariniu po\u017ei\u016briu, \u2013 teig\u0117 A. Luka\u0161enka. \u2013 Nes visk\u0105, kas vyksta Baltarusijoje, Ukrainos kariuomen\u0117 ai\u0161kiai mato. Mes puikiai suprantame, kad m\u016bs\u0173 pagrindiniai kritin\u0117s infrastrukt\u016bros \u2013 gamybos ir logistikos \u2013 objektai tapt\u0173 puolimo taikiniu.\u201c<\/p>\n<p style=\"text-align: left;\">Jis teig\u0117, kad Ukraina neturi \u201eabsoliu\u010diai nieko\u201c bijoti i\u0161 Baltarusijos.<\/p>\n<p style=\"text-align: left;\">A. Luka\u0161enka pripa\u017eino, kad savo ankstesn\u0117mis pastabomis apie V. Zelensk\u012f galb\u016bt \u201eperlenk\u0117 lazd\u0105\u201c.<\/p>\n<p style=\"text-align: left;\">Jis teig\u0117, kad \u0161ias pastabas i\u0161sak\u0117 reaguodamas \u012f Ukrainos parei\u0161kimus ir grasinimus.<\/p>\n<p style=\"text-align: left;\">\u201eJei Vladimiras Aleksandrovi\u010dius [Zelenskis] \u012fsi\u017eeid\u0117, atsipra\u0161au jo u\u017e tuos \u017eod\u017eius, \u2013 kalb\u0117jo A. Luka\u0161enka. \u2013 Galb\u016bt nebuvo b\u016btina [to sakyti], turint omenyje, kad jis juk kariauja. Galb\u016bt man nereik\u0117jo apie tai kalb\u0117ti taip grie\u017etai. Bet kita vertus, jis tur\u0117t\u0173 suprasti \u2013 mes da\u017enai sakome, kad kaip pa\u0161auksi, taip ir atsilieps.\u201c<\/p>\n<p style=\"text-align: left;\">Jis taip pat sak\u0117, kad V. Zelenskiui der\u0117t\u0173 b\u016bti atsargesniam ir apdairesniam, \u201enusiraminti\u201c ir nustoti \u201eprovokuoti baltarusius\u201c.<\/p>\n<p style=\"text-align: left;\">Baland\u012f V. Zelenskis parei\u0161k\u0117, kad Baltarusijoje suaktyv\u0117jo kariuomen\u0117s veikla, ir \u012fsp\u0117jo, kad Rusija gali bandyti \u012ftraukti \u0161i\u0105 \u0161al\u012f \u012f kar\u0105.<\/p>\n<p style=\"text-align: left;\">A. Luka\u0161enka anks\u010diau teig\u0117, kad karo nenori, ta\u010diau yra pasireng\u0119s \u012f j\u012f \u012fstoti, jei Ukraina u\u017epult\u0173 Baltarusij\u0105.<\/p>\n","protected":false},"excerpt":{"rendered":"1 nuotr. Aleksandras Luka\u0161enka ir Vladimiras Putinas mano, jog \u012ftraukti Baltarusij\u0105 \u012f kar\u0105 yra \u201evisi\u0161kai nepriimtina\u201c. EPA-Eltos nuotr.&hellip;\n","protected":false},"author":2,"featured_media":205180,"comment_status":"","ping_status":"","sticky":false,"template":"","format":"standard","meta":{"footnotes":"","_share_on_mastodon":"0"},"categories":[6],"tags":[25,31498,1496,30,31,34,35,24,815,32,33,37,39,36,38,40,1499,23,22,28,29,119,26,27,360,363],"class_list":["post-205179","post","type-post","status-publish","format-standard","has-post-thumbnail","category-antrastes","tag-antrastes","tag-atsiprase","tag-baltarusija","tag-breaking-news","tag-breakingnews","tag-featured-news","tag-featurednews","tag-headlines","tag-karas","tag-latest-news","tag-latestnews","tag-lietuva","tag-lietuviu","tag-lithuania","tag-lithuanian","tag-lt","tag-lukasenka","tag-naujienos","tag-news","tag-populiariausios-naujienos","tag-populiariausiosnaujienos","tag-rusija","tag-top-stories","tag-topstories","tag-ukraina","tag-zelenskis"],"share_on_mastodon":{"url":"https:\/\/pubeurope.com\/@lt\/116761370968601631","error":""},"_links":{"self":[{"href":"https:\/\/www.europesays.com\/lt\/wp-json\/wp\/v2\/posts\/205179","targetHints":{"allow":["GET"]}}],"collection":[{"href":"https:\/\/www.europesays.com\/lt\/wp-json\/wp\/v2\/posts"}],"about":[{"href":"https:\/\/www.europesays.com\/lt\/wp-json\/wp\/v2\/types\/post"}],"author":[{"embeddable":true,"href":"https:\/\/www.europesays.com\/lt\/wp-json\/wp\/v2\/users\/2"}],"replies":[{"embeddable":true,"href":"https:\/\/www.europesays.com\/lt\/wp-json\/wp\/v2\/comments?post=205179"}],"version-history":[{"count":0,"href":"https:\/\/www.europesays.com\/lt\/wp-json\/wp\/v2\/posts\/205179\/revisions"}],"wp:featuredmedia":[{"embeddable":true,"href":"https:\/\/www.europesays.com\/lt\/wp-json\/wp\/v2\/media\/205180"}],"wp:attachment":[{"href":"https:\/\/www.europesays.com\/lt\/wp-json\/wp\/v2\/media?parent=205179"}],"wp:term":[{"taxonomy":"category","embeddable":true,"href":"https:\/\/www.europesays.com\/lt\/wp-json\/wp\/v2\/categories?post=205179"},{"taxonomy":"post_tag","embeddable":true,"href":"https:\/\/www.europesays.com\/lt\/wp-json\/wp\/v2\/tags?post=205179"}],"curies":[{"name":"wp","href":"https:\/\/api.w.org\/{rel}","templated":true}]}}