{"id":205358,"date":"2026-06-17T04:16:07","date_gmt":"2026-06-17T04:16:07","guid":{"rendered":"https:\/\/www.europesays.com\/lt\/205358\/"},"modified":"2026-06-17T04:16:07","modified_gmt":"2026-06-17T04:16:07","slug":"vyriausybe-nesutinka-kelti-npd-siulo-mma-nuo-kitu-metu-didinti-8-proc-respublika-lt","status":"publish","type":"post","link":"https:\/\/www.europesays.com\/lt\/205358\/","title":{"rendered":"Vyriausyb\u0117 nesutinka kelti NPD, si\u016blo MMA nuo kit\u0173 met\u0173 didinti 8 proc. &#8211; Respublika.lt"},"content":{"rendered":"<p style=\"text-align: justify;\" class=\"desktop_banner\">\u00a0<\/p>\n<p style=\"text-align: left;\">Finans\u0173 viceministro teigimu, nuo kit\u0173 met\u0173 jau \u012fsigalioja Seimo priimtas prezidento si\u016blymas taikyti papildom\u0105 NPD t\u0117vams, auginantiems vaikus, kuris siekia 87 eurus u\u017e vaik\u0105 arba 1044 eurus per metus.<\/p>\n<p style=\"text-align: left;\">\u201eNPD nebuvo planuojama didinti, (&#8230;) ir noriu tiesiog priminti, kad nuo kit\u0173 met\u0173 atsiranda papildomas neapmokestinam\u0173j\u0173 dydis t\u0117vams su vaikais, kuris net didesnis nei j\u016bs\u0173 si\u016blomos, ta nuostata kainuos beveik 90 mln. eur\u0173, (&#8230;) tai jeigu vertinti poveik\u012f j\u016bs\u0173 si\u016blymo, jis dar ma\u017eint\u0173 pajamas gal 40 mln. eur\u0173&#8221;, &#8211; antradien\u012f Tri\u0161al\u0117s Tarybos pos\u0117dyje kalb\u0117jo Darius Sadeckas.<\/p>\n<p style=\"text-align: left;\">Anks\u010diau Lietuvos verslo konfederacijos (LVK) vadovas Andrius Romanovskis Eltai teig\u0117, jog partneriai sutar\u0117, kad 2027 m. MMA tur\u0117t\u0173 kilti 7,19 proc., taip pat 4 proc. did\u0117ti neapmokestinam\u0173 pajam\u0173 dydis.<\/p>\n<p style=\"text-align: left;\">Sutarta, kad MMA gal\u0117t\u0173 augti 83 eurais &#8211; iki 1235,9 eur\u0173, NPD &#8211; 30 eur\u0173 iki 777 eur\u0173 (ant popieriaus).<\/p>\n<p style=\"text-align: left;\">Minimali\u0105 alg\u0105 didinti si\u016blo spar\u010diau<\/p>\n<p style=\"text-align: left;\">Visgi Socialin\u0117s apsaugos ir darbo ministerija (SADM) teigia, kad Vyriausybei bus si\u016bloma kitas variantas &#8211; NPD nekelti i\u0161vis, o MMA didinti spar\u010diau.<\/p>\n<p style=\"text-align: left;\">Vyriausyb\u0117 si\u016blo MMA didinti 8 proc. iki 1 245 eur\u0173 ( \u201eant popieriaus&#8221;).<\/p>\n<p style=\"text-align: left;\">\u201eSi\u016blysime vis d\u0117lto fiksuoti skirtingas nuomones &#8211; Vyriausyb\u0117s pozicija yra tokia, kad MMA tur\u0117t\u0173 kilti 8 proc., kas b\u016bt\u0173 92 eurai ir kas b\u016bt\u0173 (i\u0161 viso &#8211; ELTA) 1 245 eurai, tai siekjant ir 2027 metais prognozuojamu vidutinio darbo u\u017emokes\u010dio dyd\u017eiu, \u012fsivertinant ir Lietuvos banko prognozes&#8221;, &#8211; kalb\u0117jo viceministr\u0117 Au\u0161ra Putk.<\/p>\n<p style=\"text-align: left;\">NPD \u0161alyje nebuvo didintas dvejus metus, j\u012f kelti kitais metais ragino prezidentas Gitanas Naus\u0117da.<\/p>\n<p style=\"text-align: left;\">\u0160iemet NPD siekia 747 eurus ir yra taikomas tiems darbuotojams, kurie u\u017edirba iki vieno MMA.<\/p>\n<p style=\"text-align: left;\">Visgi finans\u0173 viceministras Darius Sadeckas laik\u0117si nuomon\u0117s, kad rengiant valstyb\u0117s biud\u017eet\u0105 bus svarstoma galimyb\u0117 kitais metais didinti NPD, ta\u010diau fiskalin\u0117s erdv\u0117s tam yra ma\u017eai.<\/p>\n<p style=\"text-align: left;\">\u0160iemet MMA padidinta ir siekia 1153 eurus (ant popieriaus) per m\u0117nes\u012f, minimalios algos dyd\u012f ruden\u012f patvirtina Vyriausyb\u0117, jis priimamas su valstyb\u0117s biud\u017eetu.<\/p>\n<p style=\"text-align: left;\">Premjer\u0117: turime atsakingai vertinti<\/p>\n<p style=\"text-align: left;\">Premjer\u0117 Inga Ruginien\u0117 sako, kad \u0161alis privalo atsakingai \u012fvertinti bet kokius mokes\u010di\u0173 pakeitimus.<\/p>\n<p>Partneriai Tri\u0161al\u0117je taryboje sutar\u0117, kad kit\u0173 met\u0173 minimali m\u0117nesio alga (MMA) tur\u0117t\u0173 kilti 7,19 proc., o dvejus metus nedidintas NPD augti 4 proc.<\/p>\n<p>Ta\u010diau Vyriausyb\u0117 si\u016blymui nepritaria, si\u016blo kit\u0173 met\u0173 MMA didinti 92 eurais &#8211; iki 1245 eur\u0173 \u201eprie\u0161 mokes\u010dius&#8221;.<\/p>\n<p>\u201eM\u016bs\u0173 tikslas ai\u0161kus &#8211; kad \u017emoni\u0173 pajamos augt\u0173 kartu i\u0161laikant ekonomikos stabilum\u0105 ir darbo viet\u0173 konkurencingum\u0105. Diskusijose buvo keliami ir si\u016blymai didinti neapmokestinam\u0105j\u012f pajam\u0173 dyd\u012f. Ta\u010diau \u0161iandien turime atsakingai vertinti bet kokius mokes\u010di\u0173 pakeitimus&#8221;, &#8211; savo \u201eFacebook&#8221; paskyroje antradien\u012f ra\u0161\u0117 I. Ruginien\u0117.<\/p>\n<p>\u201e\u017dmoni\u0173 pajam\u0173 augimas i\u0161lieka vienu svarbiausi\u0173 m\u016bs\u0173 prioritet\u0173. Turime u\u017etikrinti tvarius sprendimus, kurie \u017emon\u0117ms duot\u0173 reali\u0105 naud\u0105&#8221;, &#8211; teig\u0117 premjer\u0117.<\/p>\n","protected":false},"excerpt":{"rendered":"\u00a0 Finans\u0173 viceministro teigimu, nuo kit\u0173 met\u0173 jau \u012fsigalioja Seimo priimtas prezidento si\u016blymas taikyti papildom\u0105 NPD t\u0117vams, auginantiems&hellip;\n","protected":false},"author":2,"featured_media":205359,"comment_status":"","ping_status":"","sticky":false,"template":"","format":"standard","meta":{"footnotes":"","_share_on_mastodon":"0"},"categories":[13],"tags":[25,30,31,34,35,24,32,33,874,37,39,36,38,40,5084,23,22,6939,28,29,31526,412,3255,1869,26,27,31525,557],"class_list":["post-205358","post","type-post","status-publish","format-standard","has-post-thumbnail","category-lietuva","tag-antrastes","tag-breaking-news","tag-breakingnews","tag-featured-news","tag-featurednews","tag-headlines","tag-latest-news","tag-latestnews","tag-lb","tag-lietuva","tag-lietuviu","tag-lithuania","tag-lithuanian","tag-lt","tag-mma","tag-naujienos","tag-news","tag-npd","tag-populiariausios-naujienos","tag-populiariausiosnaujienos","tag-romanovskis","tag-ruginiene","tag-sadm","tag-taryba","tag-top-stories","tag-topstories","tag-trisale","tag-vyriausybe"],"share_on_mastodon":{"url":"https:\/\/pubeurope.com\/@lt\/116763517671792013","error":""},"_links":{"self":[{"href":"https:\/\/www.europesays.com\/lt\/wp-json\/wp\/v2\/posts\/205358","targetHints":{"allow":["GET"]}}],"collection":[{"href":"https:\/\/www.europesays.com\/lt\/wp-json\/wp\/v2\/posts"}],"about":[{"href":"https:\/\/www.europesays.com\/lt\/wp-json\/wp\/v2\/types\/post"}],"author":[{"embeddable":true,"href":"https:\/\/www.europesays.com\/lt\/wp-json\/wp\/v2\/users\/2"}],"replies":[{"embeddable":true,"href":"https:\/\/www.europesays.com\/lt\/wp-json\/wp\/v2\/comments?post=205358"}],"version-history":[{"count":0,"href":"https:\/\/www.europesays.com\/lt\/wp-json\/wp\/v2\/posts\/205358\/revisions"}],"wp:featuredmedia":[{"embeddable":true,"href":"https:\/\/www.europesays.com\/lt\/wp-json\/wp\/v2\/media\/205359"}],"wp:attachment":[{"href":"https:\/\/www.europesays.com\/lt\/wp-json\/wp\/v2\/media?parent=205358"}],"wp:term":[{"taxonomy":"category","embeddable":true,"href":"https:\/\/www.europesays.com\/lt\/wp-json\/wp\/v2\/categories?post=205358"},{"taxonomy":"post_tag","embeddable":true,"href":"https:\/\/www.europesays.com\/lt\/wp-json\/wp\/v2\/tags?post=205358"}],"curies":[{"name":"wp","href":"https:\/\/api.w.org\/{rel}","templated":true}]}}