{"id":205403,"date":"2026-06-17T05:30:57","date_gmt":"2026-06-17T05:30:57","guid":{"rendered":"https:\/\/www.europesays.com\/lt\/205403\/"},"modified":"2026-06-17T05:30:57","modified_gmt":"2026-06-17T05:30:57","slug":"mindaugas-sinkevicius-apsisprende-imtis-atsakomybes-ir-vadovauti-vyriausybei-respublika-lt","status":"publish","type":"post","link":"https:\/\/www.europesays.com\/lt\/205403\/","title":{"rendered":"Mindaugas Sinkevi\u010dius apsisprend\u0117 imtis atsakomyb\u0117s ir vadovauti Vyriausybei &#8211; Respublika.lt"},"content":{"rendered":"<p><img loading=\"lazy\" decoding=\"async\" src=\"https:\/\/www.respublika.lt\/lt\/naujienos\/lietuva\/lietuvos_politika\/mindaugas-sinkevicius-apsisprende-imtis-atsakomybes-ir-vadovauti-vyriausybei\/images\/ico_camera_white.gif\" class=\"camera\" width=\"22\" height=\"15\" alt=\"nuotr.\" style=\"position:relative; top:-2px; right:2px;\"\/> 1 nuotr.<\/p>\n<p>Mindaugas Sinkevi\u010dius. Eltos nuotr.<\/p>\n<p style=\"text-align: justify;\" class=\"desktop_banner\">\u00a0<\/p>\n<p style=\"text-align: left;\">\u00a0<\/p>\n<p style=\"text-align: left;\">\u201eNoriu informuoti, kad patvirtinu savo pasiry\u017eim\u0105 prisiimti atsakomyb\u0119 u\u017e naujos Vyriausyb\u0117s formavim\u0105 ir eiti ministro pirmininko pareigas\u201c, \u2013 savo \u201eFacebook\u201c paskyroje prane\u0161\u0117 M. Sinkevi\u010dius.\u00a0<\/p>\n<p style=\"text-align: left;\">Socialdemokrat\u0173 lyderis akcentuoja, kad \u0161\u012f sprendim\u0105 pri\u0117m\u0117 atsi\u017evelgdamas \u012f Lietuvos gyventoj\u0173 l\u016bkes\u010dius.<\/p>\n<p style=\"text-align: left;\">\u201e\u0160\u012f sprendim\u0105 priimu suvokdamas Lietuvos \u017emoni\u0173 l\u016bkes\u010dius ir \u012fsitikin\u0119s, kad \u0161iandien m\u016bs\u0173 valstybei reikia susitelkimo. Suprantu, kad Lietuvos \u017emon\u0117s i\u0161 m\u016bs\u0173 tikisi konkre\u010di\u0173 rezultat\u0173. Tod\u0117l pirmiausia turime sutelkti d\u0117mes\u012f \u012f svarbiausi\u0173 problem\u0173 sprendim\u0105 \u2013 augan\u010di\u0173 kain\u0173 ir pragyvenimo i\u0161laid\u0173 na\u0161t\u0105, socialin\u0119 nelygyb\u0119 bei skurd\u0105, ekonomikos augim\u0105, kokybi\u0161k\u0173 darbo viet\u0173 k\u016brim\u0105 ir sveikatos sistemos prieinamum\u0105\u201c, \u2013 socialiniame tinkle ra\u0161o LSDP pirmininkas.<\/p>\n<p style=\"text-align: left;\">\u201eGerinsime s\u0105lygas kurti \u0161eim\u0105 ir auginti vaikus. \u012egyvendinsime konkurencingum\u0105 ir produktyvum\u0105 didinan\u010di\u0105 politik\u0105. Lietuvos ekonomikos transformacij\u0105 gr\u012fsime dirbtinio intelekto, skaitmenini\u0173 sprendim\u0173, gynybos pramon\u0117s ir auk\u0161t\u0173j\u0173 technologij\u0173 pl\u0117tra. Gerinsime susisiekimo infrastrukt\u016br\u0105. Stiprinsime regionus, savivald\u0105 ir vie\u0161\u0105j\u012f administravim\u0105, pl\u0117sime modernias vie\u0161\u0105sias paslaugas, kad sprendimai \u017emones pasiekt\u0173 grei\u010diau, efektyviau ir skaidriau\u201c, \u2013 pabr\u0117\u017eia jis.<\/p>\n<p style=\"text-align: left;\">Vyriausyb\u0117s vadovo pareig\u0173 apsisprend\u0119s imtis M. Sinkevi\u010dius pabr\u0117\u017eia nacionalinio saugumo stiprinimo svarb\u0105 ir tikina es\u0105s pasireng\u0119s telkti koalicijos partnerius bendriems \u0161aliai svarbiems darbams.<\/p>\n<p style=\"text-align: left;\">\u201eAuganti geopolitin\u0117 \u012ftampa \u012fpareigoja mus dar spar\u010diau stiprinti nacionalin\u012f saugum\u0105 ir gynybos paj\u0117gumus, ypating\u0105 d\u0117mes\u012f skiriant oro gynybai. Lietuvos u\u017esienio politika turi b\u016bti aktyvi, nuosekli ir orientuota \u012f konkre\u010dius rezultatus\u201c, \u2013 ra\u0161o M. Sinkevi\u010dius.<\/p>\n<p style=\"text-align: left;\">\u201eEsu pasireng\u0119s telkti koalicijos partnerius bendram darbui, siekti reikaling\u0173 poky\u010di\u0173 ir u\u017etikrinti, kad Vyriausyb\u0117s darbas b\u016bt\u0173 orientuotas \u012f rezultatus, \u017emoni\u0173 gerov\u0119 ir Lietuvos ateities stiprinim\u0105\u201c, \u2013 tikina socialdemokrat\u0173 lyderis.<\/p>\n<p style=\"text-align: left;\">Vyriausyb\u0117s vadovo poste jis pakeis dabartin\u0119 premjer\u0119 Ing\u0105 Ruginien\u0119. \u012e \u0161ias pareigas socialdemokrat\u0117 buvo paskirta pernai rugpj\u016bt\u012f. Jos vadovaujama Vyriausyb\u0117 Seimui prisiek\u0117 pra\u0117jusi\u0173 met\u0173 rugs\u0117j\u012f.\u00a0<\/p>\n<p style=\"text-align: left;\">Kaip skelb\u0117 ELTA, bir\u017eelio prad\u017eioje LSDP taryba nusprend\u0117 keisti pernai vasar\u0105 sudaryt\u0105 valdan\u010di\u0105j\u0105 daugum\u0105, i\u0161 jos pa\u0161alinant \u201eNemuno au\u0161r\u0105\u201c ir pradedant konsultacijas su Demokrat\u0173 s\u0105junga \u201eVardan Lietuvos\u201c.\u00a0<\/p>\n<p style=\"text-align: left;\">Pra\u0117jusi\u0105 savait\u0119 koalicijos derybas prad\u0117jusi\u0173 partij\u0173 lyderiai ir derybininkai pirmadien\u012f sutar\u0117 d\u0117l ministerij\u0173. \u012e koalicij\u0105 pakviestai Demokrat\u0173 s\u0105jungai \u201eVardan Lietuvos\u201c naujai formuojamoje Vyriausyb\u0117je priskirtos \u017dem\u0117s \u016bkio, Energetikos ir Sveikatos ministerijos.\u00a0<\/p>\n<p style=\"text-align: left;\">Valdan\u010dioji LSDP ir toliau vadovaus devynioms ministerijoms, o Lietuvos valstie\u010di\u0173, \u017eali\u0173j\u0173 ir Krik\u0161\u010dioni\u0161k\u0173 \u0161eim\u0173 s\u0105jungos frakcija i\u0161laiko dviej\u0173 ministerij\u0173 kuravim\u0105.\u00a0<\/p>\n<p style=\"text-align: left;\">Tiesa, kol kas n\u0117ra ai\u0161ku d\u0117l galim\u0173 ministr\u0173 pavard\u017ei\u0173.<\/p>\n<p style=\"text-align: left;\">\u0160i\u0105 savait\u0119 pasira\u0161yti planuojama ir koalicin\u0119 sutart\u012f. Joje nurodytas \u012fsipareigojimas \u012fgyvendinti Seimo patvirtint\u0105 XXI Vyriausyb\u0117s program\u0105. Koalicin\u0117je sutartyje taip pat numatyta, kad premjer\u0105 ir Seimo pirminink\u0105 deleguoja socialdemokratai, ta\u010diau konkre\u010dios pavard\u0117s ne\u012fvardytos.\u00a0<\/p>\n<p style=\"text-align: left;\">ELTA primena, kad \u012ftampa dabartin\u0117je koalicijoje padid\u0117jo po to, kai dalis valdan\u010di\u0173j\u0173 partneri\u0173 Seime nepalaik\u0117 Kap\u010diamies\u010dio karinio poligono steigimo.<\/p>\n","protected":false},"excerpt":{"rendered":"1 nuotr. Mindaugas Sinkevi\u010dius. Eltos nuotr. \u00a0 \u00a0 \u201eNoriu informuoti, kad patvirtinu savo pasiry\u017eim\u0105 prisiimti atsakomyb\u0119 u\u017e naujos&hellip;\n","protected":false},"author":2,"featured_media":205404,"comment_status":"","ping_status":"","sticky":false,"template":"","format":"standard","meta":{"footnotes":"","_share_on_mastodon":"0"},"categories":[6],"tags":[25,30,31,34,35,24,32,33,37,39,36,38,4281,40,23,22,28,29,2937,26,27],"class_list":["post-205403","post","type-post","status-publish","format-standard","has-post-thumbnail","category-antrastes","tag-antrastes","tag-breaking-news","tag-breakingnews","tag-featured-news","tag-featurednews","tag-headlines","tag-latest-news","tag-latestnews","tag-lietuva","tag-lietuviu","tag-lithuania","tag-lithuanian","tag-lsdp","tag-lt","tag-naujienos","tag-news","tag-populiariausios-naujienos","tag-populiariausiosnaujienos","tag-sinkevicius","tag-top-stories","tag-topstories"],"share_on_mastodon":{"url":"https:\/\/pubeurope.com\/@lt\/116763812732544770","error":""},"_links":{"self":[{"href":"https:\/\/www.europesays.com\/lt\/wp-json\/wp\/v2\/posts\/205403","targetHints":{"allow":["GET"]}}],"collection":[{"href":"https:\/\/www.europesays.com\/lt\/wp-json\/wp\/v2\/posts"}],"about":[{"href":"https:\/\/www.europesays.com\/lt\/wp-json\/wp\/v2\/types\/post"}],"author":[{"embeddable":true,"href":"https:\/\/www.europesays.com\/lt\/wp-json\/wp\/v2\/users\/2"}],"replies":[{"embeddable":true,"href":"https:\/\/www.europesays.com\/lt\/wp-json\/wp\/v2\/comments?post=205403"}],"version-history":[{"count":0,"href":"https:\/\/www.europesays.com\/lt\/wp-json\/wp\/v2\/posts\/205403\/revisions"}],"wp:featuredmedia":[{"embeddable":true,"href":"https:\/\/www.europesays.com\/lt\/wp-json\/wp\/v2\/media\/205404"}],"wp:attachment":[{"href":"https:\/\/www.europesays.com\/lt\/wp-json\/wp\/v2\/media?parent=205403"}],"wp:term":[{"taxonomy":"category","embeddable":true,"href":"https:\/\/www.europesays.com\/lt\/wp-json\/wp\/v2\/categories?post=205403"},{"taxonomy":"post_tag","embeddable":true,"href":"https:\/\/www.europesays.com\/lt\/wp-json\/wp\/v2\/tags?post=205403"}],"curies":[{"name":"wp","href":"https:\/\/api.w.org\/{rel}","templated":true}]}}