{"id":205417,"date":"2026-06-17T05:43:56","date_gmt":"2026-06-17T05:43:56","guid":{"rendered":"https:\/\/www.europesays.com\/lt\/205417\/"},"modified":"2026-06-17T05:43:56","modified_gmt":"2026-06-17T05:43:56","slug":"lrt-taryba-patvirtino-visuomeninio-transliuotojo-metine-veiklos-ataskaita-respublika-lt","status":"publish","type":"post","link":"https:\/\/www.europesays.com\/lt\/205417\/","title":{"rendered":"LRT taryba patvirtino visuomeninio transliuotojo metin\u0119 veiklos ataskait\u0105 &#8211; Respublika.lt"},"content":{"rendered":"<p><img loading=\"lazy\" decoding=\"async\" src=\"https:\/\/www.respublika.lt\/lt\/naujienos\/lietuva\/kitos-lietuvos-zinios\/lrt-taryba-patvirtino-visuomeninio-transliuotojo-metine-veiklos-ataskaita\/images\/ico_camera_white.gif\" class=\"camera\" width=\"22\" height=\"15\" alt=\"nuotr.\" style=\"position:relative; top:-2px; right:2px;\"\/> 1 nuotr.<\/p>\n<p>LRT tarybos pos\u0117dis. Asociatyvi Eltos nuotr.<\/p>\n<p style=\"text-align: justify;\" class=\"desktop_banner\">\u00a0<\/p>\n<p style=\"text-align: left;\">\u00a0<\/p>\n<p style=\"text-align: left;\">Tai Eltai patvirtino LRT tarybos pirmininkas Mindaugas Jurkynas.<\/p>\n<p style=\"text-align: left;\">Tiesa, gegu\u017e\u0117s 19 d. pos\u0117d\u017eiavusi visuomeninio transliuotojo Taryba nepatvirtino 2025-\u0173j\u0173 LRT veiklos ataskaitos. Tod\u0117l, atsi\u017evelgiant \u012f nari\u0173 pastabas, dokumentas tur\u0117jo b\u016bti koreguojamas.\u00a0<\/p>\n<p style=\"text-align: left;\">ELTA primena, kad antradien\u012f vykstantis LRT tarybos pos\u0117dis \u2013 pirmasis po Seimo priimt\u0173 visuomeninio transliuotojo \u012fstatymo patais\u0173.\u00a0<\/p>\n<p style=\"text-align: left;\">Pagal skelbiam\u0105 darbotvark\u0119, atviro pos\u0117d\u017eio metu LRT vadov\u0117 Monika Garba\u010diauskait\u0117-Budrien\u0117 Tarybai pristatys visuomeninio transliuotojo auditorijos poky\u010dius.<\/p>\n<p style=\"text-align: left;\">Visi kiti klausimai bus svarstomi u\u017edaro pos\u0117d\u017eio metu. Bus aptartas LRT veikimas oro pavojaus metu, transliuotojo vidaus tarnybos vadovo atranka, planuojamas Seimui teikiamos 2025 m. veiklos ataskaitos tvirtinimas. Taip pat bus apsitariama d\u0117l Tarybos nuolatini\u0173 komitet\u0173 sud\u0117ties bei Valstyb\u0117s kontrol\u0117s (VK) ataskaitos rekomendacij\u0173 \u012fgyvendinimo.<\/p>\n<p style=\"text-align: left;\">\u012estatymas numato, kad Taryba kiekvienais metais iki liepos 1 d. LRT metin\u0119 veiklos ataskait\u0105 turi paskelbti ir pateikti Seimui, Tarybos pirmininkas u\u017e LRT veikl\u0105 atsiskaito parlamento pos\u0117dyje.<\/p>\n<p style=\"text-align: left;\">Ataskaitoje pateikiamos pajam\u0173 ir i\u0161laid\u0173 s\u0105mat\u0173 vykdymo ataskaitos, privalo b\u016bti detal\u016bs duomenys apie finansavimo \u0161altini\u0173 skai\u010di\u0173 ir vis\u0173 pajam\u0173, kurios buvo gautos ne i\u0161 vie\u0161ojo pob\u016bd\u017eio paslaug\u0173 teikimo, dyd\u012f, taip pat nurodytos i\u0161laidos, susijusios su ne vie\u0161ojo pob\u016bd\u017eio paslaug\u0173 teikimu.\u00a0<\/p>\n<p style=\"text-align: left;\">Kai LRT i\u0161tekliai naudojami ir vie\u0161osioms, ir ne vie\u0161osioms paslaugoms teikti, i\u0161laidos turi b\u016bti paskirstytos atitinkamai kaip vis\u0173 \u012fstaigos i\u0161laid\u0173 ir vis\u0173 ne vie\u0161ojo pob\u016bd\u017eio paslaug\u0173 teikimo i\u0161laid\u0173 skirtumas.\u00a0<\/p>\n","protected":false},"excerpt":{"rendered":"1 nuotr. LRT tarybos pos\u0117dis. Asociatyvi Eltos nuotr. \u00a0 \u00a0 Tai Eltai patvirtino LRT tarybos pirmininkas Mindaugas Jurkynas.&hellip;\n","protected":false},"author":2,"featured_media":205418,"comment_status":"","ping_status":"","sticky":false,"template":"","format":"standard","meta":{"footnotes":"","_share_on_mastodon":"0"},"categories":[13],"tags":[25,6861,30,31,34,35,24,1870,32,33,37,39,36,38,519,40,23,22,28,29,1869,26,27],"class_list":["post-205417","post","type-post","status-publish","format-standard","has-post-thumbnail","category-lietuva","tag-antrastes","tag-ataskaita","tag-breaking-news","tag-breakingnews","tag-featured-news","tag-featurednews","tag-headlines","tag-jurkynas","tag-latest-news","tag-latestnews","tag-lietuva","tag-lietuviu","tag-lithuania","tag-lithuanian","tag-lrt","tag-lt","tag-naujienos","tag-news","tag-populiariausios-naujienos","tag-populiariausiosnaujienos","tag-taryba","tag-top-stories","tag-topstories"],"share_on_mastodon":{"url":"https:\/\/pubeurope.com\/@lt\/116763863822640084","error":""},"_links":{"self":[{"href":"https:\/\/www.europesays.com\/lt\/wp-json\/wp\/v2\/posts\/205417","targetHints":{"allow":["GET"]}}],"collection":[{"href":"https:\/\/www.europesays.com\/lt\/wp-json\/wp\/v2\/posts"}],"about":[{"href":"https:\/\/www.europesays.com\/lt\/wp-json\/wp\/v2\/types\/post"}],"author":[{"embeddable":true,"href":"https:\/\/www.europesays.com\/lt\/wp-json\/wp\/v2\/users\/2"}],"replies":[{"embeddable":true,"href":"https:\/\/www.europesays.com\/lt\/wp-json\/wp\/v2\/comments?post=205417"}],"version-history":[{"count":0,"href":"https:\/\/www.europesays.com\/lt\/wp-json\/wp\/v2\/posts\/205417\/revisions"}],"wp:featuredmedia":[{"embeddable":true,"href":"https:\/\/www.europesays.com\/lt\/wp-json\/wp\/v2\/media\/205418"}],"wp:attachment":[{"href":"https:\/\/www.europesays.com\/lt\/wp-json\/wp\/v2\/media?parent=205417"}],"wp:term":[{"taxonomy":"category","embeddable":true,"href":"https:\/\/www.europesays.com\/lt\/wp-json\/wp\/v2\/categories?post=205417"},{"taxonomy":"post_tag","embeddable":true,"href":"https:\/\/www.europesays.com\/lt\/wp-json\/wp\/v2\/tags?post=205417"}],"curies":[{"name":"wp","href":"https:\/\/api.w.org\/{rel}","templated":true}]}}