{"id":205425,"date":"2026-06-17T05:55:45","date_gmt":"2026-06-17T05:55:45","guid":{"rendered":"https:\/\/www.europesays.com\/lt\/205425\/"},"modified":"2026-06-17T05:55:45","modified_gmt":"2026-06-17T05:55:45","slug":"vilniaus-oro-uoste-atidaryta-vno-plaza","status":"publish","type":"post","link":"https:\/\/www.europesays.com\/lt\/205425\/","title":{"rendered":"Vilniaus oro uoste atidaryta \u201eVNO Plaza\u201c"},"content":{"rendered":"<p>\u201eNaujoji \u201eVNO Plaza\u201c erdv\u0117 leis efektyviau valdyti keleivi\u0173 srautus, gerinti kelion\u0117s patirt\u012f, u\u017etikrinti sklandesn\u012f oro uosto darb\u0105 augant keleivi\u0173 skai\u010diui ir i\u0161laikyti oro uosto konkurencingum\u0105 per augan\u010dias komercines pajamas\u201c, \u2013 skelb\u0117 Lietuvos oro uostai (LTOU).<\/p>\n<p>\u201eVilniaus oro uoste u\u017ebaigiame dar vien\u0105 infrastrukt\u016bros transformacijos etap\u0105 ir keleiviams atveriame nauj\u0105 traukos centr\u0105  \u2013 \u201eVNO Plaza\u201c. Vieta, kuri de\u0161imtme\u010dius tarnavo kaip registracijos \u012f skryd\u012f sal\u0117, \u0161iandien tampa did\u017eiausia oro uosto komercini\u0173 paslaug\u0173 erdve. Tikiu, kad modernus interjeras, nat\u016brali \u0161viesa, nauji prek\u0117s \u017eenklai ir reik\u0161mingai i\u0161pl\u0117stas asortimentas atlieps klient\u0173 poreikius ir prisid\u0117s prie puikios kelion\u0117s patirties. <\/p>\n<p>Oro uostui erdv\u0117 suteiks skland\u017eiau valdyti keleivi\u0173 srautus, o papildomos komercin\u0117s pajamos leis i\u0161likti konkurencingiems pritraukiant naujus skryd\u017eius\u201c, \u2013 teigia Lietuvos oro uost\u0173 generalinis direktorius Simonas Bartkus. <\/p>\n<p>    <img decoding=\"async\" src=\"https:\/\/www.europesays.com\/lt\/wp-content\/uploads\/2026\/06\/bdf1203a-90bd-4294-a60f-3374a80c2a23.jpg\" loading=\"lazy\" alt=\"\u201eVNO Plaza\u201c erdv\u0117s pristatymas\"\/>      <\/p>\n<p>S. Bartkus skai\u010diavo, kad \u010dia \u012fsik\u016br\u0119 partneriai Lietuvos oro uostams generuos daugiau nei 10 mln. eur\u0173 pajam\u0173 kasmet.<\/p>\n<p>\u201eModernus oro uostas ir platus tiesiogini\u0173 skryd\u017ei\u0173 tinklas \u2013 neatsiejami siekiant didinti miesto konkurencingum\u0105. Tod\u0117l Vilniaus miesto savivaldyb\u0117 jau ne vienerius metus \u012fgyvendina tiesiogini\u0173 skryd\u017ei\u0173 skatinimo program\u0105, kuri padeda atverti naujas susisiekimo galimybes ir stiprina miesto ry\u0161ius su svarbiausiais ekonomikos, inovacij\u0173 ir verslo centrais\u201c, \u2013 teigia Vilniaus meras Valdas Benkunskas.<\/p>\n<p>I\u0161 pagrind\u0173 rekonstruota infrastrukt\u016bra<\/p>\n<p>Per metus trukusi\u0105 pirmojo etapo rekonstrukcij\u0105 i\u0161 pagrind\u0173 atnaujintos ne tik keleiviams matomos erdv\u0117s, bet ir \u201enematoma\u201c infrastrukt\u016bra: vandentiekis, elektros instaliacija, v\u0117dinimas, \u0161ildymo sprendimai, apsaugos ir garso sistemos. <\/p>\n<p>Atnaujintas terminalo stogas \u2013 \u012f erdves patenka daugiau dienos \u0161viesos, terminalas atrodo \u0161viesesnis ir vizualiai artimesnis naujajam i\u0161vykimo terminalui. <\/p>\n<p>Erdv\u0117s interjeras, architekt\u016bra ir apdailos med\u017eiagos sukurtos atsi\u017evelgiant \u012f nauj\u0105j\u012f i\u0161vykimo terminal\u0105 ir tampa vientiso komplekso t\u0105sa. Tai ne galutin\u0117 visos rekonstrukcijos pabaiga, o svarbus tarpinis \u017eingsnis: tolesni darbai persikels \u012f ne \u0160engeno zonos erdves.<\/p>\n<p>Kaip teigiama, naujosios erdv\u0117s generuojamos papildomos komercin\u0117s pajamos \u012fgalins Vilniaus oro uost\u0105 i\u0161laikyti \u017eemas oro bendrov\u0117ms taikomas rinkliavas ir taip i\u0161likti patraukliam itin konkurencingoje Europos aviacijos rinkoje. Teigiama, kad naujosios erdv\u0117s atne\u0161ta komercin\u0117 nauda netiesiogiai prisid\u0117s prie nauj\u0173 oro bendrovi\u0173 ir kryp\u010di\u0173 pritraukimo ir i\u0161laikymo. <\/p>\n<p>\u201eVNO Plaza\u201c yra pagrindin\u0117 senojo i\u0161vykimo terminalo konversijos dalis, o visos rekonstrukcijos projekto vert\u0117 siekia 15 mln. eur\u0173. <\/p>\n<p>Did\u017eiausia \u201eDuty-Free\u201c parduotuv\u0117 Baltijos \u0161alyse<\/p>\n<p>Naujosios \u201eVNO Plaza\u201c centru tapo did\u017eiausia prek\u0117s \u017eenklo \u201eHeinemann\u201c \u201eDuty-Free\u201c parduotuv\u0117 Baltijos \u0161alyse, kurioje keleiviai ras ne tik populiariausius prek\u0117s \u017eenklus, bet ir \u017eenkliai i\u0161pl\u0117st\u0105 lietuvi\u0161kos produkcijos asortiment\u0105. <\/p>\n<p>Naujoji parduotuv\u0117 yra net 55 proc. didesn\u0117 ir u\u017eima net 1 300 kv. m. plot\u0105. Joje ypatingas d\u0117mesys skirtas lietuvi\u0161kai produkcijai, kuriai skirtas daugiau nei 200 kv. m. erdv\u0117, ir kurioje keliautojai gal\u0117s \u012fsigyti \u012fvairi\u0173 vietos gamintoj\u0173 maisto produkt\u0173, g\u0117rim\u0173, tekstil\u0117s, parfumerijos ir kitoki\u0173 produkt\u0173. <\/p>\n<p>       <img decoding=\"async\" src=\"https:\/\/www.europesays.com\/lt\/wp-content\/uploads\/2026\/06\/0478c5ef-15c3-4051-be67-50d3df075d1a.jpg\" loading=\"lazy\" alt=\"\u201eVNO Plaza\u201c erdv\u0117s pristatymas\"\/>      <\/p>\n<p>Parduotuv\u0117je keliautojai taip pat ras i\u0161pl\u0117st\u0105 vis populiar\u0117jan\u010dios ni\u0161in\u0117s parfumerijos asortiment\u0105. <\/p>\n<p>\u201eM\u016bs\u0173 bendradarbiavimas su Lietuvos oro uostais yra gr\u012fstas pasitik\u0117jimu, bendradarbiavimu ir bendru siekiu keliautojus laikyti auk\u0161\u010diausiu prioritetu. \u0160is atidarymas yra svarbus \u017eingsnis m\u016bs\u0173 bendroje kelion\u0117je siekiant dar labiau pagerinti keleivi\u0173 patirt\u012f ir kartu formuoti kelioni\u0173 ma\u017emenin\u0117s prekybos ateit\u012f\u201c, \u2013 teigia \u201eGebr. Heinemann\u201c generalinis direktorius  Max&#8217;as Heinemann&#8217;as.<\/p>\n<p>Teigiama, kad naujoji \u201eDuty-Free\u201c parduotuv\u0117 keliautojus pasitiks \u0161viesiu ir jaukiu interjeru, papildytu tradiciniais lietuvi\u0161kais etnografiniais elementais ir ornamentais. <\/p>\n<p>Naujos erdv\u0117s<\/p>\n<p>Su \u0161iuo etapu keleiviams atveriama daugiau kaip 3 000 kv. m naujo komercinio ploto, taigi rekonstruota i\u0161vykimo terminalo dalis keleiviams pasi\u016blys plat\u0173 preki\u0173 bei maitinimo paslaug\u0173 asortiment\u0105. <\/p>\n<p>Dalis erdvi\u0173 \u0161iandien jau veikia, o dar keli prek\u0117s \u017eenklai, kaip \u201eBurger King\u201c greitojo maisto restoranas ir \u201eAspire\u201c verslo klubas, planuojami atidaryti dar \u0161i\u0105 vasar\u0105. <\/p>\n<p>\u010cia taip pat bus \u012fsik\u016br\u0119 tokie prek\u0117s \u017eenklai kaip \u201eNarvesen\u201c, \u201eMarry me by Ribas\u201c, \u201eCreme de la Creme\u201c, \u201eCamden Food Co.,  \u201eLe Grand Comptoir\u201c.<\/p>\n<p>Finalinis etapas \u2013 ne \u0160engeno zona<\/p>\n<p>\u012e \u201eVNO Plaza\u201c erdv\u0119 persikelia Valstyb\u0117s sienos apsaugos tarnybos (VSAT) pasienio kontrol\u0117, skirta keliaujantiems \u012f ne \u0160engeno \u0161alis. <\/p>\n<p>\u012e ne \u0160engeno \u0161alis keliaujan\u010di\u0173 keleivi\u0173 kelias oro uoste taps ai\u0161kesnis ir patogesnis, o b\u016btent \u012f \u0161ias erdves persikels tolesni rekonstrukcijos darbai. <\/p>\n<p>Naujoji pasienio zona bus erdvesn\u0117 ir jaukesn\u0117, ji taip pat tur\u0117t\u0173 pagerinti darbo s\u0105lygas pasienio pareig\u016bnams. Aktualios ne \u0160engeno kryptys \u2013 Jungtin\u0117 Karalyst\u0117, Turkija, Egiptas, Izraelis, Jungtiniai Arab\u0173 Emyratai ir kt.<\/p>\n<p>Naujasis VNO keleivi\u0173 i\u0161vykimo terminalas atidarytas 2025 m. vasar\u012f.<\/p>\n<p>Pra\u0117jus\u012f lapkrit\u012f oro uost\u0173 Infrastrukt\u016bros departamento vadovas Arnas D\u016bmanas ir tarptautin\u0117s projektavimo \u012fmon\u0117s \u201eZaha Hadid Architects\u201c direktorius Ludovico Lombard pasira\u0161\u0117 VNO atvykimo terminalo projektavimo sutart\u012f.\u00a0<\/p>\n<p>Pirmasis 5,74 mln. eur\u0173 (su PVM) vert\u0117s projekto etapas vyks iki 2028\u00a0m. pabaigos. Jis apims projektavim\u0105, sen\u0173 pastat\u0173 griovimo ir teritorijos atlaisvinimo darbus.\u00a0<\/p>\n<p>Taip pat per \u0161\u012f laikotarp\u012f planuojama atlikti naujojo terminalo, aplinkini\u0173 teritorij\u0173 rangos darbus ir atverti terminal\u0105 keleiviams.\u00a0<\/p>\n","protected":false},"excerpt":{"rendered":"\u201eNaujoji \u201eVNO Plaza\u201c erdv\u0117 leis efektyviau valdyti keleivi\u0173 srautus, gerinti kelion\u0117s patirt\u012f, u\u017etikrinti sklandesn\u012f oro uosto darb\u0105 augant&hellip;\n","protected":false},"author":2,"featured_media":205426,"comment_status":"","ping_status":"","sticky":false,"template":"","format":"standard","meta":{"footnotes":"","_share_on_mastodon":"0"},"categories":[13],"tags":[25,30,31,25638,34,35,24,32,33,37,39,5796,36,38,40,23,22,28,29,12323,26,27,752],"class_list":["post-205425","post","type-post","status-publish","format-standard","has-post-thumbnail","category-lietuva","tag-antrastes","tag-breaking-news","tag-breakingnews","tag-duty-free","tag-featured-news","tag-featurednews","tag-headlines","tag-latest-news","tag-latestnews","tag-lietuva","tag-lietuviu","tag-lietuvos-oro-uostai","tag-lithuania","tag-lithuanian","tag-lt","tag-naujienos","tag-news","tag-populiariausios-naujienos","tag-populiariausiosnaujienos","tag-simonas-bartkus","tag-top-stories","tag-topstories","tag-vilniaus-oro-uostas"],"share_on_mastodon":{"url":"https:\/\/pubeurope.com\/@lt\/116763907033632006","error":""},"_links":{"self":[{"href":"https:\/\/www.europesays.com\/lt\/wp-json\/wp\/v2\/posts\/205425","targetHints":{"allow":["GET"]}}],"collection":[{"href":"https:\/\/www.europesays.com\/lt\/wp-json\/wp\/v2\/posts"}],"about":[{"href":"https:\/\/www.europesays.com\/lt\/wp-json\/wp\/v2\/types\/post"}],"author":[{"embeddable":true,"href":"https:\/\/www.europesays.com\/lt\/wp-json\/wp\/v2\/users\/2"}],"replies":[{"embeddable":true,"href":"https:\/\/www.europesays.com\/lt\/wp-json\/wp\/v2\/comments?post=205425"}],"version-history":[{"count":0,"href":"https:\/\/www.europesays.com\/lt\/wp-json\/wp\/v2\/posts\/205425\/revisions"}],"wp:featuredmedia":[{"embeddable":true,"href":"https:\/\/www.europesays.com\/lt\/wp-json\/wp\/v2\/media\/205426"}],"wp:attachment":[{"href":"https:\/\/www.europesays.com\/lt\/wp-json\/wp\/v2\/media?parent=205425"}],"wp:term":[{"taxonomy":"category","embeddable":true,"href":"https:\/\/www.europesays.com\/lt\/wp-json\/wp\/v2\/categories?post=205425"},{"taxonomy":"post_tag","embeddable":true,"href":"https:\/\/www.europesays.com\/lt\/wp-json\/wp\/v2\/tags?post=205425"}],"curies":[{"name":"wp","href":"https:\/\/api.w.org\/{rel}","templated":true}]}}