{"id":20597,"date":"2025-10-19T06:42:08","date_gmt":"2025-10-19T06:42:08","guid":{"rendered":"https:\/\/www.europesays.com\/lt\/20597\/"},"modified":"2025-10-19T06:42:08","modified_gmt":"2025-10-19T06:42:08","slug":"baltarusijos-pasienyje-vsat-apgreze-18-neteisetu-migrantu","status":"publish","type":"post","link":"https:\/\/www.europesays.com\/lt\/20597\/","title":{"rendered":"Baltarusijos pasienyje VSAT apgr\u0119\u017e\u0117 18 neteis\u0117t\u0173 migrant\u0173"},"content":{"rendered":"<p>Beveik dvigubai daugiau toki\u0173 u\u017esienie\u010di\u0173 \u0161e\u0161tadien\u012f apgr\u0119\u017e\u0117 Latvijos pareig\u016bnai \u2013 34. Tuo metu Lenkijos pareig\u016bnai skelbia penktadien\u012f apgr\u0119\u017e\u0119 100 neteis\u0117t\u0173 u\u017esienie\u010di\u0173, prane\u0161\u0117 Valstyb\u0117s sienos apsaugos tarnyba (VSAT).<\/p>\n<p>Pernai VSAT pareig\u016bnai neleistinose vietose \u012f Lietuv\u0105 i\u0161 Baltarusijos neleido \u012fsibrauti 1002 asmenims, \u0161iemet \u2013 1336.<\/p>\n<p>I\u0161 viso nuo Baltarusijos sukeltos migracijos kriz\u0117s prad\u017eios \u012f \u0161al\u012f ne\u012fleista 24,3 t\u016bkst. neteis\u0117t\u0173 migrant\u0173.<\/p>\n<p>Migrantai \u012f rytines Europos S\u0105jungos \u0161alis \u0117m\u0117 pl\u016bsti 2021 m., Vakarai d\u0117l to apkaltino Minsko re\u017eim\u0105.<\/p>\n","protected":false},"excerpt":{"rendered":"Beveik dvigubai daugiau toki\u0173 u\u017esienie\u010di\u0173 \u0161e\u0161tadien\u012f apgr\u0119\u017e\u0117 Latvijos pareig\u016bnai \u2013 34. Tuo metu Lenkijos pareig\u016bnai skelbia penktadien\u012f apgr\u0119\u017e\u0119&hellip;\n","protected":false},"author":2,"featured_media":20598,"comment_status":"","ping_status":"","sticky":false,"template":"","format":"standard","meta":{"footnotes":""},"categories":[13],"tags":[25,1496,30,31,34,35,24,32,33,37,39,36,38,40,1130,23,22,28,29,26,27],"class_list":{"0":"post-20597","1":"post","2":"type-post","3":"status-publish","4":"format-standard","5":"has-post-thumbnail","7":"category-lietuva","8":"tag-antrastes","9":"tag-baltarusija","10":"tag-breaking-news","11":"tag-breakingnews","12":"tag-featured-news","13":"tag-featurednews","14":"tag-headlines","15":"tag-latest-news","16":"tag-latestnews","17":"tag-lietuva","18":"tag-lietuviu","19":"tag-lithuania","20":"tag-lithuanian","21":"tag-lt","22":"tag-migrantai","23":"tag-naujienos","24":"tag-news","25":"tag-populiariausios-naujienos","26":"tag-populiariausiosnaujienos","27":"tag-top-stories","28":"tag-topstories"},"share_on_mastodon":{"url":"","error":""},"_links":{"self":[{"href":"https:\/\/www.europesays.com\/lt\/wp-json\/wp\/v2\/posts\/20597","targetHints":{"allow":["GET"]}}],"collection":[{"href":"https:\/\/www.europesays.com\/lt\/wp-json\/wp\/v2\/posts"}],"about":[{"href":"https:\/\/www.europesays.com\/lt\/wp-json\/wp\/v2\/types\/post"}],"author":[{"embeddable":true,"href":"https:\/\/www.europesays.com\/lt\/wp-json\/wp\/v2\/users\/2"}],"replies":[{"embeddable":true,"href":"https:\/\/www.europesays.com\/lt\/wp-json\/wp\/v2\/comments?post=20597"}],"version-history":[{"count":0,"href":"https:\/\/www.europesays.com\/lt\/wp-json\/wp\/v2\/posts\/20597\/revisions"}],"wp:featuredmedia":[{"embeddable":true,"href":"https:\/\/www.europesays.com\/lt\/wp-json\/wp\/v2\/media\/20598"}],"wp:attachment":[{"href":"https:\/\/www.europesays.com\/lt\/wp-json\/wp\/v2\/media?parent=20597"}],"wp:term":[{"taxonomy":"category","embeddable":true,"href":"https:\/\/www.europesays.com\/lt\/wp-json\/wp\/v2\/categories?post=20597"},{"taxonomy":"post_tag","embeddable":true,"href":"https:\/\/www.europesays.com\/lt\/wp-json\/wp\/v2\/tags?post=20597"}],"curies":[{"name":"wp","href":"https:\/\/api.w.org\/{rel}","templated":true}]}}