{"id":206012,"date":"2026-06-18T00:01:24","date_gmt":"2026-06-18T00:01:24","guid":{"rendered":"https:\/\/www.europesays.com\/lt\/206012\/"},"modified":"2026-06-18T00:01:24","modified_gmt":"2026-06-18T00:01:24","slug":"pirstu-beda-i-krasto-apsaugos-sistemos-problemas-perkant-ginkluote-daug-betvarkes","status":"publish","type":"post","link":"https:\/\/www.europesays.com\/lt\/206012\/","title":{"rendered":"Pir\u0161tu beda \u012f kra\u0161to apsaugos sistemos problemas \u2013 perkant ginkluot\u0119 daug betvark\u0117s"},"content":{"rendered":"<p>Lietuva karin\u0117s technikos turi vis daugiau, ir pratybose ji laksto greitai. Ginkluodamiesi nuolat lenktyniaujame su prie\u0161u i\u0161 Ryt\u0173.<\/p>\n<p>\u201e\u0160iandien \u012f tas lenktynes atvykstame su labai patikimu \u201eVolkswagen Passat\u201c, ta\u010diau mums visiems reikia pers\u0117sti tikrai \u012f \u017eenkliai modernesn\u012f transport\u0105, suprojektuot\u0105 b\u016btent tokioms grei\u010dio lenktyn\u0117ms u\u017e m\u016bs\u0173 saugum\u0105\u201c, \u2013 sak\u0117 Valstyb\u0117s kontrolier\u0117 Irena Segalovi\u010dien\u0117.<\/p>\n<p>Valstyb\u0117s kontrol\u0117, atlikusi 2020\u20132025 met\u0173 <a rel=\"noopener nofollow\" target=\"_blank\" href=\"https:\/\/www.delfi.lt\/temos\/krasto-apsauga\" tag-id=\"73672312\">kra\u0161to apsaugos<\/a> sistemos vie\u0161\u0173j\u0173 pirkim\u0173 audit\u0105, nustat\u0117, kad perkant <a rel=\"noopener nofollow\" target=\"_blank\" href=\"https:\/\/www.delfi.lt\/temos\/ginkluote\" tag-id=\"64793575\">ginkluot\u0119<\/a> dar daug betvark\u0117s. N\u0117ra vieno centro, kuris ir nustatyt\u0173, ko labiausiai reikia, ir sekt\u0173 tam skiriamus pinigus, ir \u012fvertint\u0173, kokie pirkimo rezultatai.<\/p>\n<p>\u201eAi\u0161kiai rekomendavome pereiti nuo ekseli\u0173 link informacini\u0173 sistem\u0173, kurios leist\u0173 sprendim\u0173 pri\u0117m\u0117jams labai greitai, \u010dia ir dabar, kiekvien\u0105 dien\u0105 pasakyti, kokia yra pa\u017eanga\u201c, \u2013 teig\u0117 I. Segalovi\u010dien\u0117.<\/p>\n<p>       <img decoding=\"async\" src=\"https:\/\/www.europesays.com\/lt\/wp-content\/uploads\/2026\/06\/170bebad-d621-429d-9531-c3bdff23dac5.jpg\" loading=\"lazy\" alt=\"Irena Segalovi\u010dien\u0117\"\/>      <\/p>\n<p>Pasak Valstyb\u0117s kontrol\u0117s, blogai kra\u0161to apsaugos sistemoje ir su skaitmenizacija \u2013 daug informacijos skirtingose sistemose, per daug ir vidini\u0173 organizacij\u0173, atsaking\u0173 u\u017e pirkimus.<\/p>\n<p>\u201e\u010cia tas pats, kaip moderniausi\u0105 karin\u012f radar\u0105 valdytume su televizoriaus pulteliu \u2013 taip nesigauna\u201c, \u2013 ai\u0161kino I. Segalovi\u010dien\u0117.<\/p>\n<p>Valstyb\u0117s kontrol\u0117s i\u0161vad\u0173 apie pirkimus kra\u0161to apsaugos sistemoje papra\u0161\u0117 Audito komitetas. Dar pernai gruod\u012f u\u017e jo reikalingum\u0105 balsuota Seime.<\/p>\n<p>\u201eKaras u\u017e vart\u0173, o sistema, kad panaudot\u0173 \u0161ias l\u0117\u0161as efektyviai gynybai, pasiekt\u0173 did\u017eiausi\u0105 efekt\u0105, dar atsilieka de\u0161imtme\u010diais. N\u0117ra nei skaitmenizacijos, nei geb\u0117jim\u0173, kaip efektyviai \u012fvykdyti vie\u0161uosius pirkimus\u201c, \u2013 teig\u0117 Audito komiteto pirmininkas Art\u016bras Skard\u017eius.<\/p>\n<p>Po Valstyb\u0117s kontrol\u0117s i\u0161vad\u0173 A. Skard\u017eius sako, kad pinig\u0173 kiekis gynybai did\u0117ja labai spar\u010diai, ta\u010diau geb\u0117jim\u0173 juos tinkamai administruoti ir panaudoti \u2013 per ma\u017eai.<\/p>\n<p>\u201eDaug i\u0161leid\u017eiama l\u0117\u0161\u0173 tarpininkams ir, kaip mat\u0117me, vie\u0161\u0173j\u0173 pirkim\u0173 proced\u016bros vyksta ne pagal Vie\u0161\u0173j\u0173 pirkim\u0173 \u012fstatym\u0105 ir net nesilaikant toki\u0173 elementari\u0173 reikalavim\u0173 kaip rinkos tyrimas\u201c, \u2013 tvirtino A. Skard\u017eius.<\/p>\n<p>    <img decoding=\"async\" src=\"https:\/\/www.europesays.com\/lt\/wp-content\/uploads\/2026\/06\/18aad35f-1d7b-4bfe-9fa0-509c160d7c92.jpg\" loading=\"lazy\" alt=\"Art\u016bras Skard\u017eius\"\/>      <\/p>\n<p>Kra\u0161to apsaugos ministras tikina, kad daug i\u0161vardyt\u0173 problem\u0173 jau sprend\u017eiamos.<\/p>\n<p>\u201eGynybos resurs\u0173 agent\u016bra, Infrastrukt\u016bros valdymo agent\u016bra, Kertinis valstyb\u0117s telekomunikacij\u0173 centras jau yra centrin\u0117s perkan\u010diosios organizacijos. Jau nu\u0117jome \u0161iuo keliu\u201c, \u2013 sak\u0117 kra\u0161to apsaugos ministras Robertas Kaunas.<\/p>\n<p>Atkreipiamas d\u0117mesys, kad \u0161imtai milijon\u0173 i\u0161leisti \u012fsigyjant pirkinius neskelbiam\u0173 deryb\u0173 b\u016bdu, t. y. kuo grei\u010diau ir neb\u016btinai pigiau.<\/p>\n<p>\u201e\u010cia turime rasti t\u0105 teising\u0105 balans\u0105 tarp grei\u010dio ir sprendim\u0173 skaidrumo\u201c, \u2013 pabr\u0117\u017e\u0117 R. Kaunas.<\/p>\n<p>Dabartiniam kra\u0161to apsaugos ministrui antrina ir buv\u0119s ministras Laurynas Kas\u010di\u016bnas \u2013 am\u017eina dilema: kaina ar greitis.<\/p>\n<p>\u201eTai ar eiti \u012f tas neskelbiamas derybas, bet \u012fsigyti tai, ko reikia realiai kariuomenei ir Lietuvos gynybai, pavyzd\u017eiui, dron\u0173 nukenksminimui, kovai dronas prie\u0161 dron\u0105, ar eiti \u012f konkurs\u0105 ir gauti produkt\u0105, kuris i\u0161 esm\u0117s b\u016bt\u0173 nereikalingas kariuomenei, ar t\u0105, kuris ne toks efektyvus nei jau testavimo metu atrinktas?\u201c \u2013 svarst\u0117 L. Kas\u010di\u016bnas.<\/p>\n<p>    <img decoding=\"async\" src=\"https:\/\/www.europesays.com\/lt\/wp-content\/uploads\/2026\/06\/1781740884_38_ec4a60c9-75ae-468b-8b79-1d3498a7b94b.jpg\" loading=\"lazy\" alt=\"Laurynas Kas\u010di\u016bnas\"\/>      <\/p>\n<p>Valstyb\u0117s kontrol\u0117 taip pat pasteb\u0117jo, kad net nepaprastosios pad\u0117ties ar karo atveju n\u0117ra pasiruo\u0161ta, kaip tai, ko reikia, nusipirkti dar grei\u010diau.<\/p>\n<p>\u201eN\u0117ra \u0161iandien sutarti procesai, kaip finansai ir kaip pirkimai bus valdomi kriz\u0117s, karo, mobilizacijos atveju, ir tikrai \u0161iandien juos reikia apibr\u0117\u017eti, nes dabartin\u0117 sistema karo pad\u0117\u010diai tikrai netikt\u0173, ji b\u016bt\u0173 per l\u0117ta\u201c, \u2013 teig\u0117 I. Segalovi\u010dien\u0117.<\/p>\n<p>\u0160itos i\u0161vados dalies L. Kas\u010di\u016bnas nesupranta \u2013 es\u0105 k\u0105 jau b\u016bsi nusipirk\u0119s iki to laiko, t\u0105 ir tur\u0117si, tod\u0117l svarbu kuo daugiau ginkluot\u0117s gamintis patiems.<\/p>\n<p>\u201eTuri pasidaryti nam\u0173 darbus i\u0161 anksto, akivaizdu, ir gamyb\u0105 turi tur\u0117ti vietoje, o ne galvoti, k\u0105 tu nusipirksi i\u0161 ka\u017ekur prasid\u0117jus X dienai. Ne apie tai kalba, ne apie tai galvosi. Su tuo, k\u0105 tur\u0117si, su tuo ir kariausi\u201c, \u2013 kalb\u0117jo L. Kas\u010di\u016bnas.<\/p>\n<p>Nors, pasak Valstyb\u0117s kontrol\u0117s i\u0161vad\u0173, kra\u0161to apsaugos sistemoje per didel\u0117 biurokratija, ta\u010diau, i\u0161 kitos pus\u0117s, tr\u016bksta vie\u0161\u0173j\u0173 pirkim\u0173 specialist\u0173. \u0160ios problemos, pasak ministro R. Kauno, taip pat sprend\u017eiamos.<\/p>\n","protected":false},"excerpt":{"rendered":"Lietuva karin\u0117s technikos turi vis daugiau, ir pratybose ji laksto greitai. Ginkluodamiesi nuolat lenktyniaujame su prie\u0161u i\u0161 Ryt\u0173.&hellip;\n","protected":false},"author":2,"featured_media":206013,"comment_status":"","ping_status":"","sticky":false,"template":"","format":"standard","meta":{"footnotes":"","_share_on_mastodon":"0"},"categories":[13],"tags":[25,30,31,34,35,18520,24,6117,32,33,37,39,36,38,40,23,22,28,29,26,27],"class_list":["post-206012","post","type-post","status-publish","format-standard","has-post-thumbnail","category-lietuva","tag-antrastes","tag-breaking-news","tag-breakingnews","tag-featured-news","tag-featurednews","tag-ginkluote","tag-headlines","tag-krasto-apsauga","tag-latest-news","tag-latestnews","tag-lietuva","tag-lietuviu","tag-lithuania","tag-lithuanian","tag-lt","tag-naujienos","tag-news","tag-populiariausios-naujienos","tag-populiariausiosnaujienos","tag-top-stories","tag-topstories"],"share_on_mastodon":{"url":"https:\/\/pubeurope.com\/@lt\/116768177341469733","error":""},"_links":{"self":[{"href":"https:\/\/www.europesays.com\/lt\/wp-json\/wp\/v2\/posts\/206012","targetHints":{"allow":["GET"]}}],"collection":[{"href":"https:\/\/www.europesays.com\/lt\/wp-json\/wp\/v2\/posts"}],"about":[{"href":"https:\/\/www.europesays.com\/lt\/wp-json\/wp\/v2\/types\/post"}],"author":[{"embeddable":true,"href":"https:\/\/www.europesays.com\/lt\/wp-json\/wp\/v2\/users\/2"}],"replies":[{"embeddable":true,"href":"https:\/\/www.europesays.com\/lt\/wp-json\/wp\/v2\/comments?post=206012"}],"version-history":[{"count":0,"href":"https:\/\/www.europesays.com\/lt\/wp-json\/wp\/v2\/posts\/206012\/revisions"}],"wp:featuredmedia":[{"embeddable":true,"href":"https:\/\/www.europesays.com\/lt\/wp-json\/wp\/v2\/media\/206013"}],"wp:attachment":[{"href":"https:\/\/www.europesays.com\/lt\/wp-json\/wp\/v2\/media?parent=206012"}],"wp:term":[{"taxonomy":"category","embeddable":true,"href":"https:\/\/www.europesays.com\/lt\/wp-json\/wp\/v2\/categories?post=206012"},{"taxonomy":"post_tag","embeddable":true,"href":"https:\/\/www.europesays.com\/lt\/wp-json\/wp\/v2\/tags?post=206012"}],"curies":[{"name":"wp","href":"https:\/\/api.w.org\/{rel}","templated":true}]}}