{"id":206171,"date":"2026-06-18T06:08:19","date_gmt":"2026-06-18T06:08:19","guid":{"rendered":"https:\/\/www.europesays.com\/lt\/206171\/"},"modified":"2026-06-18T06:08:19","modified_gmt":"2026-06-18T06:08:19","slug":"juokeliai-apie-zydu-deginima-uzkliuna-ne-visiems-respublika-lt","status":"publish","type":"post","link":"https:\/\/www.europesays.com\/lt\/206171\/","title":{"rendered":"Juokeliai apie \u017eyd\u0173 deginim\u0105 u\u017ekli\u016bna ne visiems &#8211; Respublika.lt"},"content":{"rendered":"<p><img loading=\"lazy\" decoding=\"async\" src=\"https:\/\/www.respublika.lt\/lt\/naujienos\/lietuva\/kitos-lietuvos-zinios\/juokeliai-apie-zydu-deginima-uzkliuna-ne-visiems\/images\/ico_camera_white.gif\" class=\"camera\" width=\"22\" height=\"15\" alt=\"nuotr.\" style=\"position:relative; top:-2px; right:2px;\"\/> 1 nuotr.<\/p>\n<p>Apie \u017eyd\u0173 deginim\u0105 neseniai pajuokauti band\u0117 komikas Justinas Jankevi\u010dius, vie\u0161\u0117j\u0119s tinklalaid\u0117je \u201eAnt lau\u017eo TV\u201c, kuri\u0105 veda Dominykas Kubilius. Stop kadras<\/p>\n<p style=\"text-align: justify;\" class=\"desktop_banner\">\u00a0<\/p>\n<p>Apie \u017eyd\u0173 deginim\u0105 neseniai pajuokauti band\u0117 komikas Justinas Jankevi\u010dius, vie\u0161\u0117j\u0119s tinklalaid\u0117je \u201eAnt lau\u017eo TV&#8221;, kuri\u0105 veda Dominykas Kubilius.<\/p>\n<p>Laidos apra\u0161yme sakoma, kad \u010dia dega melas, o tokio turinio niekur nerasite. \u201eGarsiausi\u0173 ir \u012ftakingiausi\u0173 akistata su melu&#8221;, &#8211; taip pristatomas \u0161is kanalas \u201eYoutube&#8221; platformoje.<\/p>\n<p>Vienoje i\u0161 laid\u0173 vie\u0161\u0117jo J.Jankevi\u010dius. Ved\u0117jo D.Kubiliaus paklaustas, ar ruo\u0161\u0117si laidai, sve\u010dias atsak\u0117, kad planuoja atsakin\u0117ti \u012f klausimus ri\u0161liai ir atsakingai.<\/p>\n<p>O i\u0161gird\u0119s klausim\u0105, k\u0105 \u0161iandien deginsime ant lau\u017eo, jis nedvejodamas at\u0161ov\u0117: \u201eA\u0161, kaip \u201eNemuno Au\u0161ros&#8221; rink\u0117jas, saky\u010diau, kad \u017eydus. Ar \u010dia ne taip veikia?&#8221; Ved\u0117jas atsak\u0117: \u201eNe, \u010dia ne taip. Gaila, bet ne taip. Gaila, bet ne taip.&#8221;<\/p>\n<p>Ved\u0117jas pabr\u0117\u017e\u0117, kad toks sve\u010dio atsakymas &#8211; kra\u0161tutinumas, ir paklaus\u0117, koks b\u016bt\u0173 kitos pus\u0117s kra\u0161tutinumas?<\/p>\n<p>Tuomet sve\u010dias atsak\u0117, kad ant lau\u017eo degint\u0173 \u201e\u017emones, m\u016bs\u0173 vald\u017eioje nedaran\u010dius legislatyvin\u0117s jokios iniciatyvos \u0161vietimo sistemai pakeisti.<\/p>\n<p>Va \u010dia yra mano pagrindin\u0117&#8230; Bet \u017einai, a\u0161 ko gero nepataikau \u012f tem\u0105? Bet ka\u017ekuria prasme pataikau, nes d\u0117l m\u016bs\u0173 \u0161vietimo tam tikr\u0173 yd\u0173, netobulum\u0173 ir turime situacij\u0105, kad turime daug paveiki\u0173 propagandai \u017emoni\u0173. Tad ko gero \u010dia yra susisiekiantys indai.&#8221;<\/p>\n<p>Tokiais pasisakymais laidoje stebisi net antisemitu vadinamas R.\u017demaitaitis. \u201eNormaliai \u017eyd\u0173 bendruomen\u0117 ar \u017eyd\u0173 atstovas kelt\u0173 visuomen\u0117je diskusin\u012f klausim\u0105, kaip toks visuomen\u0117je \u017einomas \u017emogus vie\u0161ai si\u016blo \u012fgyvendinti holokaust\u0105 &#8211; deginti \u017eydus.<\/p>\n<p>Kas turi b\u016bti \u017emogaus galvoje, kad jis kalb\u0117t\u0173 apie \u017eyd\u0173 deginim\u0105, net jeigu tai ir yra tik juoko forma. Jeigu taip kalb\u0117\u010diau a\u0161, jau b\u016bt\u0173 i\u0161keltos dvide\u0161imt penkios baud\u017eiamosios bylos. Bet dabar visi s\u0117di ir stebi.<\/p>\n<p>Man keista, kad visuomen\u0117 mato, bet nesikreipia \u012f policij\u0105, nepara\u0161o parei\u0161kimo d\u0117l neapykantos kalbos. Nes tai n\u0117ra \u0161iaip pajuokavimas, tai yra neapykantos kalba. \u010cia ne ka\u017ekoks pokalbis pirtyje.<\/p>\n<p>Lietuvoje yra veikian\u010dios institucijos? Tokia Lietuvoje \u0161iandien yra situacija&#8221;, &#8211; \u201eVakaro \u017einioms&#8221; sak\u0117 R.\u017demaitaitis.<\/p>\n<p>\u201eVakaro \u017einios&#8221; kreip\u0117si \u012f policij\u0105 ir Generalin\u0119 prokurat\u016br\u0105 d\u0117l min\u0117tos laidos ir teiravosi, ar buvo gautas bent vienas skundas d\u0117l eteryje nuskamb\u0117jusio juokelio. O gal pareig\u016bnai, pa\u017ei\u016br\u0117j\u0119 laid\u0105, tyrim\u0105 prad\u0117jo savo iniciatyva?<\/p>\n<p>\u201eKiekvienu atveju, gavus skund\u0105, policijos tyr\u0117jai, kartu su prokurorais, tikslina aplinkybes ir esant pakankamam pagrindui gali prad\u0117ti ikiteismin\u012f tyrim\u0105 arba priimti nutarim\u0105 atsisakyti prad\u0117ti ikiteismin\u012f tyrim\u0105. M\u016bs\u0173 turimais duomenimis, policija n\u0117ra gavusi skund\u0173 d\u0117l j\u016bs\u0173 minimos laidos&#8221;, &#8211; nurod\u0117 policijos atstovas Ram\u016bnas Matonis.<\/p>\n<p>Generalin\u0117s prokurat\u016bros atstov\u0117 Elena Martinonien\u0117 taip pat nurod\u0117, kad kol kas d\u0117l \u0161ios laidos \u012f prokurat\u016br\u0105 niekas nesikreip\u0117.<\/p>\n<p>\u201eVakaro \u017einios&#8221; kreip\u0117si \u012f Lietuvos \u017eyd\u0173 bendruomen\u0119 su pra\u0161ymu pasidalinti \u0161ios laidos vertinimu, ta\u010diau bendruomen\u0117s administracija komentuoti situacij\u0105 \u017einiasklaidai atsisak\u0117.<\/p>\n","protected":false},"excerpt":{"rendered":"1 nuotr. Apie \u017eyd\u0173 deginim\u0105 neseniai pajuokauti band\u0117 komikas Justinas Jankevi\u010dius, vie\u0161\u0117j\u0119s tinklalaid\u0117je \u201eAnt lau\u017eo TV\u201c, kuri\u0105 veda&hellip;\n","protected":false},"author":2,"featured_media":206172,"comment_status":"","ping_status":"","sticky":false,"template":"","format":"standard","meta":{"footnotes":"","_share_on_mastodon":"0"},"categories":[13],"tags":[1445,25,30,31,34,35,24,5691,31634,3096,5879,32,33,37,39,36,38,40,31635,4630,23,25284,22,28,29,26,27,413,1453],"class_list":["post-206171","post","type-post","status-publish","format-standard","has-post-thumbnail","category-lietuva","tag-antisemitizmas","tag-antrastes","tag-breaking-news","tag-breakingnews","tag-featured-news","tag-featurednews","tag-headlines","tag-jankauskas","tag-juokeliai","tag-kubilius","tag-kurstymas","tag-latest-news","tag-latestnews","tag-lietuva","tag-lietuviu","tag-lithuania","tag-lithuanian","tag-lt","tag-matonis","tag-na","tag-naujienos","tag-neapykantos","tag-news","tag-populiariausios-naujienos","tag-populiariausiosnaujienos","tag-top-stories","tag-topstories","tag-zemaitaitis","tag-zydai"],"share_on_mastodon":{"url":"https:\/\/pubeurope.com\/@lt\/116769620490380679","error":""},"_links":{"self":[{"href":"https:\/\/www.europesays.com\/lt\/wp-json\/wp\/v2\/posts\/206171","targetHints":{"allow":["GET"]}}],"collection":[{"href":"https:\/\/www.europesays.com\/lt\/wp-json\/wp\/v2\/posts"}],"about":[{"href":"https:\/\/www.europesays.com\/lt\/wp-json\/wp\/v2\/types\/post"}],"author":[{"embeddable":true,"href":"https:\/\/www.europesays.com\/lt\/wp-json\/wp\/v2\/users\/2"}],"replies":[{"embeddable":true,"href":"https:\/\/www.europesays.com\/lt\/wp-json\/wp\/v2\/comments?post=206171"}],"version-history":[{"count":0,"href":"https:\/\/www.europesays.com\/lt\/wp-json\/wp\/v2\/posts\/206171\/revisions"}],"wp:featuredmedia":[{"embeddable":true,"href":"https:\/\/www.europesays.com\/lt\/wp-json\/wp\/v2\/media\/206172"}],"wp:attachment":[{"href":"https:\/\/www.europesays.com\/lt\/wp-json\/wp\/v2\/media?parent=206171"}],"wp:term":[{"taxonomy":"category","embeddable":true,"href":"https:\/\/www.europesays.com\/lt\/wp-json\/wp\/v2\/categories?post=206171"},{"taxonomy":"post_tag","embeddable":true,"href":"https:\/\/www.europesays.com\/lt\/wp-json\/wp\/v2\/tags?post=206171"}],"curies":[{"name":"wp","href":"https:\/\/api.w.org\/{rel}","templated":true}]}}