{"id":206480,"date":"2026-06-18T10:48:10","date_gmt":"2026-06-18T10:48:10","guid":{"rendered":"https:\/\/www.europesays.com\/lt\/206480\/"},"modified":"2026-06-18T10:48:10","modified_gmt":"2026-06-18T10:48:10","slug":"paskirstyta-apie-10-mln-euru-investiciju-dirbtinio-intelekto-sprendimams-vystyti-alkas-lt","status":"publish","type":"post","link":"https:\/\/www.europesays.com\/lt\/206480\/","title":{"rendered":"Paskirstyta apie 10 mln. eur\u0173 investicij\u0173 dirbtinio intelekto sprendimams vystyti \u2013 Alkas.lt"},"content":{"rendered":"<p>77 Lietuvos \u012fmoni\u0173 projektams, kuriuose vystomi <a href=\"https:\/\/alkas.lt\/tag\/di\/\" rel=\"nofollow noopener\" target=\"_blank\">dirbtinio intelekto<\/a> sprendimai, skiriamas 9,9 mln. eur\u0173 finansavimas \u00a0\u2013 tai numatyta ekonomikos ir inovacij\u0173 ministro Edvino Grik\u0161o pasira\u0161ytame \u012fsakyme. <\/p>\n<p>\u201eDirbtinis intelektas tampa vienu svarbiausi\u0173 konkurencingumo veiksni\u0173 \u0161iuolaikin\u0117je ekonomikoje. \u0160ios investicijos pad\u0117s Lietuvos \u012fmon\u0117ms kurti pa\u017eangius, rinkai pritaikytus dirbtinio intelekto produktus ir sprendimus, stiprins inovacij\u0173 ekosistem\u0105 bei skatins auk\u0161tos prid\u0117tin\u0117s vert\u0117s technologij\u0173 pl\u0117tr\u0105 regionuose\u201c, \u2013 sako ekonomikos ir inovacij\u0173 ministras Edvinas Grik\u0161as.\u00a0<\/p>\n<p>Tarp finansavim\u0105 gavusi\u0173 projekt\u0173 \u2013 dirbtiniu intelektu paremta ligoni\u0173 b\u016bkl\u0117s steb\u0117senos sistema, ankstyvos Parkinsono ligos rizikos vertinimo sprendimas, individualizuot\u0173 ortopedini\u0173 \u0161ablon\u0173 automatizuoto generavimo sistema, i\u0161manioji mokymosi platforma ir semantinis dirbtinio intelekto asistentas.\u00a0<\/p>\n<p>Nema\u017ea dalis projekt\u0173 orientuoti \u012f verslo ir pramon\u0117s transformacij\u0105. Bus kuriamos i\u0161maniosios gamybos ir robotikos technologijos, autonominio pramon\u0117s proces\u0173 optimizavimo \u012frankiai, 3D spausdintuv\u0173 ferm\u0173 valdymo platformos, dirbtiniu intelektu paremtos automobili\u0173 statymo sistemos, informacini\u0173 gr\u0117smi\u0173 rizik\u0173 valdymo sprendimai bei generatyviojo dirbtinio intelekto platformos, geban\u010dios didelius duomen\u0173 kiekius paversti suprantamais vaizdiniais ir tekstiniais naratyvais.\u00a0<\/p>\n<p>Finansavimas taip pat skiriamas am\u017eiaus identifikavimo, maisto gamini\u0173 atpa\u017einimo ir kit\u0173 pa\u017eangi\u0173 technologij\u0173 projektams, kuri\u0173 kuriami produktai bus prieinami platesnei rinkai.\u00a0<\/p>\n<p>Parengta pagal EIMIN prane\u0161im\u0105<\/p>\n","protected":false},"excerpt":{"rendered":"77 Lietuvos \u012fmoni\u0173 projektams, kuriuose vystomi dirbtinio intelekto sprendimai, skiriamas 9,9 mln. eur\u0173 finansavimas \u00a0\u2013 tai numatyta ekonomikos&hellip;\n","protected":false},"author":2,"featured_media":206481,"comment_status":"","ping_status":"","sticky":false,"template":"","format":"standard","meta":{"footnotes":"","_share_on_mastodon":"0"},"categories":[17],"tags":[81,994,295,11257,3515,875,37,39,36,38,40,46],"class_list":["post-206480","post","type-post","status-publish","format-standard","has-post-thumbnail","category-verslas","tag-business","tag-di","tag-dirbtinis-intelektas","tag-edvinas-griksas","tag-finansavimas","tag-lesos","tag-lietuva","tag-lietuviu","tag-lithuania","tag-lithuanian","tag-lt","tag-verslas"],"share_on_mastodon":{"url":"https:\/\/pubeurope.com\/@lt\/116770721530573750","error":""},"_links":{"self":[{"href":"https:\/\/www.europesays.com\/lt\/wp-json\/wp\/v2\/posts\/206480","targetHints":{"allow":["GET"]}}],"collection":[{"href":"https:\/\/www.europesays.com\/lt\/wp-json\/wp\/v2\/posts"}],"about":[{"href":"https:\/\/www.europesays.com\/lt\/wp-json\/wp\/v2\/types\/post"}],"author":[{"embeddable":true,"href":"https:\/\/www.europesays.com\/lt\/wp-json\/wp\/v2\/users\/2"}],"replies":[{"embeddable":true,"href":"https:\/\/www.europesays.com\/lt\/wp-json\/wp\/v2\/comments?post=206480"}],"version-history":[{"count":0,"href":"https:\/\/www.europesays.com\/lt\/wp-json\/wp\/v2\/posts\/206480\/revisions"}],"wp:featuredmedia":[{"embeddable":true,"href":"https:\/\/www.europesays.com\/lt\/wp-json\/wp\/v2\/media\/206481"}],"wp:attachment":[{"href":"https:\/\/www.europesays.com\/lt\/wp-json\/wp\/v2\/media?parent=206480"}],"wp:term":[{"taxonomy":"category","embeddable":true,"href":"https:\/\/www.europesays.com\/lt\/wp-json\/wp\/v2\/categories?post=206480"},{"taxonomy":"post_tag","embeddable":true,"href":"https:\/\/www.europesays.com\/lt\/wp-json\/wp\/v2\/tags?post=206480"}],"curies":[{"name":"wp","href":"https:\/\/api.w.org\/{rel}","templated":true}]}}