{"id":206642,"date":"2026-06-18T13:41:37","date_gmt":"2026-06-18T13:41:37","guid":{"rendered":"https:\/\/www.europesays.com\/lt\/206642\/"},"modified":"2026-06-18T13:41:37","modified_gmt":"2026-06-18T13:41:37","slug":"del-mma-ir-npd-astri-kritika-vyriausybei-nepagarba-respublika-lt","status":"publish","type":"post","link":"https:\/\/www.europesays.com\/lt\/206642\/","title":{"rendered":"D\u0117l MMA ir NPD \u2013 a\u0161tri kritika Vyriausybei: nepagarba &#8211; Respublika.lt"},"content":{"rendered":"<p style=\"text-align: justify;\" class=\"desktop_banner\">\u00a0<\/p>\n<p>Verslo atstovai teigia, jog taip ministr\u0173 kabinetas nesilaiko savo pa\u017ead\u0173 ir rodo nepagarb\u0105 tiek darbdaviams, tiek darbuotojams.<\/p>\n<p>\u201eManau, \u0161is susitarimas parod\u0117, kad netgi prie\u0161ingi poliai &#8211; pliusas ir minusas, darbdaviai kartu su profs\u0105jungomis &#8211; geba surasti bendr\u0105 kalb\u0105 ilg\u0173 diskusij\u0173 keliu. M\u016bs\u0173 akimis, tai, (kad Vyriausyb\u0117 nesutinka su Tri\u0161al\u0117je taryboje sutartu MMA ir NPD didinimu &#8211; ELTA) yra nepagarba ne tiktai profs\u0105jungoms, bet ir tiems patiems darbuotojams, darbdaviams&#8221;, &#8211; \u017eurnalistams ketvirtadien\u012f sak\u0117 Lietuvos pramoninink\u0173 konfederacijos (LPK) prezidentas Vidmantas Janulevi\u010dius.<\/p>\n<p>\u0160\u012f antradien\u012f partneriai Tri\u0161al\u0117je taryboje sutar\u0117, kad 2027 m. MMA tur\u0117t\u0173 kilti 7,19 proc., o dvejus metus nedidintas bazinis NPD augti 4 proc., ta\u010diau Vyriausyb\u0117 su pastaruoju si\u016blymu nesutinka, o minimali\u0105 alg\u0105 si\u016blo kelti kiek spar\u010diau.<\/p>\n<p>Pasak LPK vadovo, Vyriausyb\u0117 jau kur\u012f laik\u0105 yra \u012fsipareigojusi patvirtinti darbdavi\u0173 ir profs\u0105jung\u0173 pasiektus susitarimus d\u0117l MMA ir NPD didinim\u0173, o d\u0117l dabartin\u0117s vald\u017eios pozicijos atrodo, jog \u0161is \u012fsipareigojimas &#8211; tu\u0161\u010dias.<\/p>\n<p>V. Janulevi\u010diaus manymu, jei tai tokia praktika t\u0119sis,Tri\u0161al\u0117s tarybos formatas neteks savo prasm\u0117s.<\/p>\n<p>\u201eVis\u0105 laik\u0105 visose Vyriausyb\u0117se buvo kalbama, kad jeigu j\u016bs jau susitarsite su profs\u0105jungomis, mes visada pritarsime j\u016bs\u0173 dalykams, ir \u0161itoj vietoj tie \u017eod\u017eiai atrodo tu\u0161ti&#8221;, &#8211; kalb\u0117jo jis.<\/p>\n<p>\u201eMano akimis, Tri\u0161al\u0117 taryba tai yra viena\u0161al\u0117 taryba, ir kol jinai bus viena\u0161al\u0117 taryba, galb\u016bt mes ir negai\u0161ime laiko tenai susitikin\u0117ti, nes tai yra tiesiog laiko gai\u0161imas. Ir manome, kad, jeigu taip ir toliau, tai tiesiog nematome prasm\u0117s \u0161itoj vietoj dalyvauti&#8221;, &#8211; pabr\u0117\u017e\u0117 verslo atstovas.<\/p>\n<p>Susitarimas nusipelno b\u016bti rimtai apsvarstytas<\/p>\n<p>Lietuvos profesini\u0173 s\u0105jung\u0173 konfederacijos (LPSK) laikinoji vadov\u0117 Dalia Jakutavi\u010d\u0117 tuo metu ai\u0161kino, jog darbuotoj\u0173 ir darbdavi\u0173 sutarimas yra retas bei ypatingas atvejis, tad jis turi b\u016bti realiai apsvarstytas, o jei atmestas &#8211; tai argumentuotai. Jei taip n\u0117ra, jos manymu, vald\u017eia nesilaiko bazini\u0173 socialin\u0117s partneryst\u0117s princip\u0173.<\/p>\n<p>\u201eDarbuotoj\u0173 ir darbdavi\u0173 bendras susitarimas nusipelno i\u0161 tikr\u0173j\u0173 bent jau b\u016bti rimtai apsvarstytas, i\u0161samiai \u012fvertintas ir argumentuotai atmestas. Prie\u0161ingu atveju kyla nat\u016bralus klausimas, koks yra vald\u017eios po\u017ei\u016bris \u012f socialin\u0119 partneryst\u0119 net tais atvejais, kai darbuotoj\u0173 ir darbdavi\u0173 organizacijos pasiekia bendr\u0105 sutarim\u0105, o jis netampa rimto svarstymo objektu&#8221;, &#8211; \u017eurnalistams sak\u0117 D. Jakutavi\u010d\u0117.<\/p>\n<p>Tiesa, anot jos, Vyriausyb\u0117s pasi\u016blymas MMA didinti 8 proc. ir nekeisti NPD yra neblogas.<\/p>\n<p>\u201eKita vertus, Lietuvos profesini\u0173 s\u0105jung\u0173 konfederacijai svarbiausia yra darbuotoj\u0173 gerov\u0117, tod\u0117l vertiname tai, kad Vyriausyb\u0117 si\u016blo minimali\u0105 m\u0117nesin\u0119 alg\u0105 didinti 8 proc. Esant dabartin\u0117ms ekonomin\u0117ms aplinkyb\u0117ms, svarbu, kad ir ma\u017eiausiai u\u017edirban\u010di\u0173 darbuotoj\u0173 pajamos bei perkamoji galia nema\u017e\u0117t\u0173, o augt\u0173, ir kad sprendimai b\u016bt\u0173 priimami laiku&#8221;, &#8211; kalb\u0117jo LPSK pirminink\u0117.<\/p>\n<p>\u201e\u0160iandien darbuotojams tikrai reikia ai\u0161kumo ir stabilumo: jie turi \u017einoti, koki\u0173 pajam\u0173 gali tik\u0117tis ateityje, o verslas &#8211; kokiomis s\u0105lygomis veiks kitais metais ir kokioje aplinkoje tai darys&#8221;, &#8211; prid\u016br\u0117 ji.<\/p>\n<p>Siekia sug\u0117dinti I. Ruginien\u0119<\/p>\n<p>Lietuvos verslo konfederacijos (LVK) prezidentas Andrius Romanovskis tuo metu teig\u0117, kad premjer\u0117 Inga Ruginien\u0117 \u201epakeit\u0117 barikad\u0173 puses&#8221; ir tod\u0117l pamir\u0161o, kaip tur\u0117t\u0173 atrodyti darbas tarp socialini\u0173 partneri\u0173.<\/p>\n<p>\u201eM\u016bs\u0173 tikslas, ta prasme, yra \u0161iek tiek pag\u0117dinti nueinan\u010di\u0105 Vyriausyb\u0119, nes, jeigu pamenate, vienintelis susitarimas, kuris buvo pasiektas tarp profesini\u0173 s\u0105jung\u0173 ir darbdavi\u0173 pagal \u0161i\u0105 formul\u0119, buvo tada, kai dabartin\u0117 premjer\u0117 vadovavo profs\u0105jungoms. Tas pag\u0117dinimas yra susij\u0119s su tuo, kad staiga, kai tu pakeiti pozicijas, tu u\u017emir\u0161ti, kaip tareisi ir pasiekei susitarim\u0105 prie ankstesn\u0117s Vyriausyb\u0117s, kai tiek MMA, tiek NPD padidinimas buvo sutartas&#8221;, &#8211; \u017eurnalistams sak\u0117 A. Romanovskis.<\/p>\n<p>Anot jo, partneriai Tri\u0161al\u0117je taryboje dabar laukia naujos oficialaus naujosios Seimo valdan\u010diosios koalicijos ir ministro pirmininko post\u0105 u\u017eimti ketinan\u010dio Mindaugo Sinkevi\u010diaus darbo prad\u017eios.<\/p>\n<p>\u201eSimboli\u0161ka tai, kad \u0161iandien yra pasira\u0161oma nauja koalicin\u0117 sutartis, ir m\u016bs\u0173 tikriausiai pagrindin\u0117 \u017einut\u0117, vilties \u017einut\u0117, yra naujai Vyriausybei, naujam jos vadovui M Sinkevi\u010diui, kad jie gal turi galimyb\u0119 prad\u0117ti savo darb\u0105 nuo atviro, \u0161varaus, pozityvaus \u017eingsnio, \u012fsiklausyti \u012f socialini\u0173 partneri\u0173 sutarim\u0105, nes tai yra labai sunkus susitarimas&#8221;, &#8211; tikino A. Romanovskis.<\/p>\n<p>Finans\u0173 viceministras anks\u010diau skai\u010diavo, kad \u012fgyvendinus darbdavi\u0173 ir profs\u0105jung\u0173 si\u016blym\u0105 biud\u017eeto pajamos kitais metais suma\u017e\u0117t\u0173 40 mln. eur\u0173.<\/p>\n<p>Tod\u0117l Vyriausyb\u0117 si\u016blymui nepritar\u0117 ir si\u016blo MMA didinti 92 eurais (8 proc.) &#8211; iki 1245 eur\u0173 \u201eprie\u0161 mokes\u010dius&#8221;, o bazinio NPD neliesti.<\/p>\n<p>Kitais metais taip pat \u012fsigalioja Seimo priimtas prezidento si\u016blymas taikyti papildom\u0105 NPD t\u0117vams, auginantiems vaikus, jis siekia 87 eurus u\u017e vaik\u0105 arba 1044 eurus per metus.<\/p>\n<p>Anot LPSK laikinosios pirminink\u0117s D. Jakutavi\u010d\u0117s, Tri\u0161al\u0117je taryboje pasiektas MMA ir NPD did\u0117jimas m\u0117nesines pajamas gyventojams \u201e\u012f rankas&#8221; padidint\u0173 1,19 euro daugiau nei pagal Vyriausyb\u0117s si\u016blym\u0105.<\/p>\n<p>\u0160iemet NPD siekia 747 eurus ir yra taikomas tiems darbuotojams, kurie u\u017edirba iki vieno MMA, ji siekia 1153 eurus \u201eant popieriaus&#8221;.<\/p>\n<p>Minimalios algos dyd\u012f ruden\u012f patvirtina Vyriausyb\u0117, jis priimamas su valstyb\u0117s biud\u017eetu.<\/p>\n","protected":false},"excerpt":{"rendered":"\u00a0 Verslo atstovai teigia, jog taip ministr\u0173 kabinetas nesilaiko savo pa\u017ead\u0173 ir rodo nepagarb\u0105 tiek darbdaviams, tiek darbuotojams.&hellip;\n","protected":false},"author":2,"featured_media":206643,"comment_status":"","ping_status":"","sticky":false,"template":"","format":"standard","meta":{"footnotes":"","_share_on_mastodon":"0"},"categories":[13],"tags":[25,30,31,7882,34,35,24,14649,32,33,37,39,36,38,22183,40,5084,23,22,6939,28,29,31727,1869,26,27,31525,557],"class_list":["post-206642","post","type-post","status-publish","format-standard","has-post-thumbnail","category-lietuva","tag-antrastes","tag-breaking-news","tag-breakingnews","tag-darbdaviai","tag-featured-news","tag-featurednews","tag-headlines","tag-janulevicius","tag-latest-news","tag-latestnews","tag-lietuva","tag-lietuviu","tag-lithuania","tag-lithuanian","tag-lpk","tag-lt","tag-mma","tag-naujienos","tag-news","tag-npd","tag-populiariausios-naujienos","tag-populiariausiosnaujienos","tag-profsajungos","tag-taryba","tag-top-stories","tag-topstories","tag-trisale","tag-vyriausybe"],"share_on_mastodon":{"url":"https:\/\/pubeurope.com\/@lt\/116771401663369533","error":""},"_links":{"self":[{"href":"https:\/\/www.europesays.com\/lt\/wp-json\/wp\/v2\/posts\/206642","targetHints":{"allow":["GET"]}}],"collection":[{"href":"https:\/\/www.europesays.com\/lt\/wp-json\/wp\/v2\/posts"}],"about":[{"href":"https:\/\/www.europesays.com\/lt\/wp-json\/wp\/v2\/types\/post"}],"author":[{"embeddable":true,"href":"https:\/\/www.europesays.com\/lt\/wp-json\/wp\/v2\/users\/2"}],"replies":[{"embeddable":true,"href":"https:\/\/www.europesays.com\/lt\/wp-json\/wp\/v2\/comments?post=206642"}],"version-history":[{"count":0,"href":"https:\/\/www.europesays.com\/lt\/wp-json\/wp\/v2\/posts\/206642\/revisions"}],"wp:featuredmedia":[{"embeddable":true,"href":"https:\/\/www.europesays.com\/lt\/wp-json\/wp\/v2\/media\/206643"}],"wp:attachment":[{"href":"https:\/\/www.europesays.com\/lt\/wp-json\/wp\/v2\/media?parent=206642"}],"wp:term":[{"taxonomy":"category","embeddable":true,"href":"https:\/\/www.europesays.com\/lt\/wp-json\/wp\/v2\/categories?post=206642"},{"taxonomy":"post_tag","embeddable":true,"href":"https:\/\/www.europesays.com\/lt\/wp-json\/wp\/v2\/tags?post=206642"}],"curies":[{"name":"wp","href":"https:\/\/api.w.org\/{rel}","templated":true}]}}