{"id":207647,"date":"2026-06-19T15:21:14","date_gmt":"2026-06-19T15:21:14","guid":{"rendered":"https:\/\/www.europesays.com\/lt\/207647\/"},"modified":"2026-06-19T15:21:14","modified_gmt":"2026-06-19T15:21:14","slug":"endrijaitis-vadovaus-vmi-delfi-verslas","status":"publish","type":"post","link":"https:\/\/www.europesays.com\/lt\/207647\/","title":{"rendered":"Endrijaitis vadovaus VMI &#8211; Delfi verslas"},"content":{"rendered":"<p>\u201e<a rel=\"noopener nofollow\" target=\"_blank\" href=\"https:\/\/www.delfi.lt\/temos\/vmi\" tag-id=\"40278623\">VMI<\/a> tenka itin svarbus vaidmuo u\u017etikrinant valstyb\u0117s finansin\u012f stabilum\u0105, s\u0105\u017eining\u0105 mokes\u010di\u0173 surinkim\u0105 ir kokybi\u0161k\u0173 paslaug\u0173 teikim\u0105 gyventojams bei verslui. Tikim\u0117s, kad ilgamet\u0117 <a rel=\"noopener nofollow\" target=\"_blank\" href=\"https:\/\/www.delfi.lt\/temos\/martynas-endrijaitis\" tag-id=\"90004235\">M. Endrijai\u010dio<\/a> patirtis mokes\u010di\u0173 administravimo srityje, strateginis po\u017ei\u016bris ir profesin\u0117s kompetencijos leis s\u0117kmingai t\u0119sti institucijos modernizavim\u0105, didinti veiklos efektyvum\u0105 ir stiprinti pasitik\u0117jim\u0105 mokes\u010di\u0173 sistema\u201c, \u2013 prane\u0161ime sako finans\u0173 ministras K. Vaitiek\u016bnas.<\/p>\n<p>M. Endrijaitis VMI dirba daugiau nei de\u0161imtmet\u012f. Nuo 2021 m. kovo jis eina VMI vir\u0161ininko pavaduotojo pareigas. Anks\u010diau jis buvo laikinasis VMI vir\u0161ininko pavaduotojas (2020\u20132021 m.), VMI vadovyb\u0117s vyresnysis patar\u0117jas (2018\u20132020 m.), o karjer\u0105 institucijoje prad\u0117jo Teis\u0117s departamento Tiesiogini\u0173 mokes\u010di\u0173 skyriuje (2012\u20132016 m.). 2016\u20132018 m. M. Endrijaitis taip pat buvo Mokestini\u0173 gin\u010d\u0173 komisijos narys.<\/p>\n<p>       <img decoding=\"async\" src=\"https:\/\/www.europesays.com\/lt\/wp-content\/uploads\/2026\/06\/6b0354fa-9298-4134-b9f8-754991b0aab1.jpg\" loading=\"lazy\" alt=\"Martynas Endrijaitis\"\/>      <\/p>\n<p>Naujasis VMI vir\u0161ininkas yra 2015 m. \u012fgij\u0119s teis\u0117s krypties daktaro laipsn\u012f Vilniaus universitete, kuriame baig\u0117 ir apskaitos ir audito magistrant\u016bros studijas. 2022 m. jis taip pat baig\u0117 auk\u0161\u010diausio lygio vadovams skirt\u0105 Organizacij\u0173 poky\u010di\u0173 valdymo modul\u012f ISM Vadybos ir ekonomikos universitete.<\/p>\n<p>Konkurse \u012f VMI vir\u0161ininko pareigas dalyvavo 32 pretendentai. M. Endrijaitis skiriamas penkeri\u0173 met\u0173 kadencijai.<\/p>\n<p>VMI prie Lietuvos Respublikos finans\u0173 ministerijos administruoja mokes\u010dius, u\u017etikrina valstyb\u0117s biud\u017eeto pajam\u0173 surinkim\u0105, konsultuoja gyventojus ir versl\u0105 mokes\u010di\u0173 klausimais bei vykdo mokes\u010di\u0173 prievoli\u0173 kontrol\u0119.<\/p>\n","protected":false},"excerpt":{"rendered":"\u201eVMI tenka itin svarbus vaidmuo u\u017etikrinant valstyb\u0117s finansin\u012f stabilum\u0105, s\u0105\u017eining\u0105 mokes\u010di\u0173 surinkim\u0105 ir kokybi\u0161k\u0173 paslaug\u0173 teikim\u0105 gyventojams bei&hellip;\n","protected":false},"author":2,"featured_media":207648,"comment_status":"","ping_status":"","sticky":false,"template":"","format":"standard","meta":{"footnotes":"","_share_on_mastodon":"0"},"categories":[13],"tags":[25,30,31,34,35,24,32,33,37,39,36,38,40,21350,23,22,28,29,26,27,1572],"class_list":["post-207647","post","type-post","status-publish","format-standard","has-post-thumbnail","category-lietuva","tag-antrastes","tag-breaking-news","tag-breakingnews","tag-featured-news","tag-featurednews","tag-headlines","tag-latest-news","tag-latestnews","tag-lietuva","tag-lietuviu","tag-lithuania","tag-lithuanian","tag-lt","tag-martynas-endrijaitis","tag-naujienos","tag-news","tag-populiariausios-naujienos","tag-populiariausiosnaujienos","tag-top-stories","tag-topstories","tag-vmi"],"share_on_mastodon":{"url":"https:\/\/pubeurope.com\/@lt\/116777457676621083","error":""},"_links":{"self":[{"href":"https:\/\/www.europesays.com\/lt\/wp-json\/wp\/v2\/posts\/207647","targetHints":{"allow":["GET"]}}],"collection":[{"href":"https:\/\/www.europesays.com\/lt\/wp-json\/wp\/v2\/posts"}],"about":[{"href":"https:\/\/www.europesays.com\/lt\/wp-json\/wp\/v2\/types\/post"}],"author":[{"embeddable":true,"href":"https:\/\/www.europesays.com\/lt\/wp-json\/wp\/v2\/users\/2"}],"replies":[{"embeddable":true,"href":"https:\/\/www.europesays.com\/lt\/wp-json\/wp\/v2\/comments?post=207647"}],"version-history":[{"count":0,"href":"https:\/\/www.europesays.com\/lt\/wp-json\/wp\/v2\/posts\/207647\/revisions"}],"wp:featuredmedia":[{"embeddable":true,"href":"https:\/\/www.europesays.com\/lt\/wp-json\/wp\/v2\/media\/207648"}],"wp:attachment":[{"href":"https:\/\/www.europesays.com\/lt\/wp-json\/wp\/v2\/media?parent=207647"}],"wp:term":[{"taxonomy":"category","embeddable":true,"href":"https:\/\/www.europesays.com\/lt\/wp-json\/wp\/v2\/categories?post=207647"},{"taxonomy":"post_tag","embeddable":true,"href":"https:\/\/www.europesays.com\/lt\/wp-json\/wp\/v2\/tags?post=207647"}],"curies":[{"name":"wp","href":"https:\/\/api.w.org\/{rel}","templated":true}]}}