{"id":207659,"date":"2026-06-19T15:40:35","date_gmt":"2026-06-19T15:40:35","guid":{"rendered":"https:\/\/www.europesays.com\/lt\/207659\/"},"modified":"2026-06-19T15:40:35","modified_gmt":"2026-06-19T15:40:35","slug":"paskelbta-apie-komisaro-alekso-siutilo-laidotuves","status":"publish","type":"post","link":"https:\/\/www.europesays.com\/lt\/207659\/","title":{"rendered":"Paskelbta apie komisaro Alekso Siutilo laidotuves"},"content":{"rendered":"<p>\u201eVakar\u0173 ekspresas\u201c ra\u0161\u0117, kad buv\u0119s ilgametis Klaip\u0117dos apskrities VPK Smurtini\u0173 nusikaltim\u0173 tyrimo skyriaus vir\u0161ininkas A. Siutilas mir\u0117 tre\u010diadien\u012f (bir\u017eelio 17 d.).<\/p>\n<p>Legendiniam paj\u016brio policijos <a rel=\"noopener nofollow\" target=\"_blank\" href=\"https:\/\/www.delfi.lt\/temos\/komisaras\" tag-id=\"62985418\">komisarui<\/a> buvo 80 met\u0173.<\/p>\n<p>A. Siutilas pa\u0161arvotas pietin\u0117je uostamies\u010dio dalyje esan\u010dioje Klaip\u0117dos \u0160v. Juozapo Darbininko ba\u017eny\u010dioje (Smiltel\u0117s g. 27).<\/p>\n<p>Su juo <a rel=\"noopener nofollow\" target=\"_blank\" href=\"https:\/\/www.delfi.lt\/temos\/atsisveikinimas\" tag-id=\"60889175\">atsisveikinti<\/a> dar galima ir iki \u0161io penktadienio (bir\u017eelio 19 d.) 16 val.<\/p>\n<p>\u0160iandien A. Siutilas bus <a rel=\"noopener nofollow\" target=\"_blank\" href=\"https:\/\/www.delfi.lt\/temos\/laidotuves\" tag-id=\"59259447\">palaidotas<\/a> L\u0117bart\u0173 kapin\u0117se.<\/p>\n","protected":false},"excerpt":{"rendered":"\u201eVakar\u0173 ekspresas\u201c ra\u0161\u0117, kad buv\u0119s ilgametis Klaip\u0117dos apskrities VPK Smurtini\u0173 nusikaltim\u0173 tyrimo skyriaus vir\u0161ininkas A. Siutilas mir\u0117 tre\u010diadien\u012f&hellip;\n","protected":false},"author":2,"featured_media":207660,"comment_status":"","ping_status":"","sticky":false,"template":"","format":"standard","meta":{"footnotes":"","_share_on_mastodon":"0"},"categories":[13],"tags":[25,809,30,31,34,35,24,2938,1124,32,33,37,39,36,38,40,23,621,22,28,29,26,27],"class_list":["post-207659","post","type-post","status-publish","format-standard","has-post-thumbnail","category-lietuva","tag-antrastes","tag-atsisveikinimas","tag-breaking-news","tag-breakingnews","tag-featured-news","tag-featurednews","tag-headlines","tag-komisaras","tag-laidotuves","tag-latest-news","tag-latestnews","tag-lietuva","tag-lietuviu","tag-lithuania","tag-lithuanian","tag-lt","tag-naujienos","tag-netektis","tag-news","tag-populiariausios-naujienos","tag-populiariausiosnaujienos","tag-top-stories","tag-topstories"],"share_on_mastodon":{"url":"https:\/\/pubeurope.com\/@lt\/116777531812371246","error":""},"_links":{"self":[{"href":"https:\/\/www.europesays.com\/lt\/wp-json\/wp\/v2\/posts\/207659","targetHints":{"allow":["GET"]}}],"collection":[{"href":"https:\/\/www.europesays.com\/lt\/wp-json\/wp\/v2\/posts"}],"about":[{"href":"https:\/\/www.europesays.com\/lt\/wp-json\/wp\/v2\/types\/post"}],"author":[{"embeddable":true,"href":"https:\/\/www.europesays.com\/lt\/wp-json\/wp\/v2\/users\/2"}],"replies":[{"embeddable":true,"href":"https:\/\/www.europesays.com\/lt\/wp-json\/wp\/v2\/comments?post=207659"}],"version-history":[{"count":0,"href":"https:\/\/www.europesays.com\/lt\/wp-json\/wp\/v2\/posts\/207659\/revisions"}],"wp:featuredmedia":[{"embeddable":true,"href":"https:\/\/www.europesays.com\/lt\/wp-json\/wp\/v2\/media\/207660"}],"wp:attachment":[{"href":"https:\/\/www.europesays.com\/lt\/wp-json\/wp\/v2\/media?parent=207659"}],"wp:term":[{"taxonomy":"category","embeddable":true,"href":"https:\/\/www.europesays.com\/lt\/wp-json\/wp\/v2\/categories?post=207659"},{"taxonomy":"post_tag","embeddable":true,"href":"https:\/\/www.europesays.com\/lt\/wp-json\/wp\/v2\/tags?post=207659"}],"curies":[{"name":"wp","href":"https:\/\/api.w.org\/{rel}","templated":true}]}}