{"id":207845,"date":"2026-06-19T19:56:12","date_gmt":"2026-06-19T19:56:12","guid":{"rendered":"https:\/\/www.europesays.com\/lt\/207845\/"},"modified":"2026-06-19T19:56:12","modified_gmt":"2026-06-19T19:56:12","slug":"sie-paprasti-elektromobiliai-gali-mesti-issuki-ferrari","status":"publish","type":"post","link":"https:\/\/www.europesays.com\/lt\/207845\/","title":{"rendered":"\u0160ie paprasti elektromobiliai gali mesti i\u0161\u0161\u016bk\u012f \u201eFerrari\u201c"},"content":{"rendered":"<p>  <img decoding=\"async\" src=\"https:\/\/www.europesays.com\/lt\/wp-content\/uploads\/2026\/06\/d29d8f20-6b69-4e93-9945-431466057aa9.jpg\" loading=\"eager\" fetchpriority=\"high\" alt=\"Paprasti elektromobiliai gali prilygti \u201eFerrari\u201c?\"\/> <\/p>\n<p>Paprasti elektromobiliai gali prilygti \u201eFerrari\u201c?<\/p>\n<p>FOTO:  Delfi \/ Shutterstock \/ Gamintojo nuotr. | Delfi \/ Shutterstock \/ Gamintojo nuotr. <\/p>\n<p>Ilg\u0105 laik\u0105 vienintelis kelias \u012f tikrai greit\u0105 automobil\u012f ved\u0117 per i\u0161skirtinius superautomobili\u0173 salonus, kuriuose karaliavo tokie vardai kaip \u201eFerrari\u201c ir \u201eLamborghini\u201c \u2013 automobiliai, kurie \u017eav\u0117jo savo na\u0161umu, ta\u010diau kasdieniame gyvenime reikalavo dideli\u0173 kompromis\u0173.<\/p>\n","protected":false},"excerpt":{"rendered":"Paprasti elektromobiliai gali prilygti \u201eFerrari\u201c? FOTO: Delfi \/ Shutterstock \/ Gamintojo nuotr. | Delfi \/ Shutterstock \/ Gamintojo&hellip;\n","protected":false},"author":2,"featured_media":207846,"comment_status":"","ping_status":"","sticky":false,"template":"","format":"standard","meta":{"footnotes":"","_share_on_mastodon":"0"},"categories":[19],"tags":[1301,1971,37,39,36,38,40,30186,47,104],"class_list":["post-207845","post","type-post","status-publish","format-standard","has-post-thumbnail","category-sportas","tag-tesla","tag-elektromobiliai","tag-lietuva","tag-lietuviu","tag-lithuania","tag-lithuanian","tag-lt","tag-porsche-taycan","tag-sportas","tag-sports"],"share_on_mastodon":{"url":"https:\/\/pubeurope.com\/@lt\/116778538652447517","error":""},"_links":{"self":[{"href":"https:\/\/www.europesays.com\/lt\/wp-json\/wp\/v2\/posts\/207845","targetHints":{"allow":["GET"]}}],"collection":[{"href":"https:\/\/www.europesays.com\/lt\/wp-json\/wp\/v2\/posts"}],"about":[{"href":"https:\/\/www.europesays.com\/lt\/wp-json\/wp\/v2\/types\/post"}],"author":[{"embeddable":true,"href":"https:\/\/www.europesays.com\/lt\/wp-json\/wp\/v2\/users\/2"}],"replies":[{"embeddable":true,"href":"https:\/\/www.europesays.com\/lt\/wp-json\/wp\/v2\/comments?post=207845"}],"version-history":[{"count":0,"href":"https:\/\/www.europesays.com\/lt\/wp-json\/wp\/v2\/posts\/207845\/revisions"}],"wp:featuredmedia":[{"embeddable":true,"href":"https:\/\/www.europesays.com\/lt\/wp-json\/wp\/v2\/media\/207846"}],"wp:attachment":[{"href":"https:\/\/www.europesays.com\/lt\/wp-json\/wp\/v2\/media?parent=207845"}],"wp:term":[{"taxonomy":"category","embeddable":true,"href":"https:\/\/www.europesays.com\/lt\/wp-json\/wp\/v2\/categories?post=207845"},{"taxonomy":"post_tag","embeddable":true,"href":"https:\/\/www.europesays.com\/lt\/wp-json\/wp\/v2\/tags?post=207845"}],"curies":[{"name":"wp","href":"https:\/\/api.w.org\/{rel}","templated":true}]}}