{"id":208297,"date":"2026-06-20T12:52:05","date_gmt":"2026-06-20T12:52:05","guid":{"rendered":"https:\/\/www.europesays.com\/lt\/208297\/"},"modified":"2026-06-20T12:52:05","modified_gmt":"2026-06-20T12:52:05","slug":"is-prekybos-atsaukiama-visa-siu-maisto-prekiu-partija-viduje-rasta-stiklo-2","status":"publish","type":"post","link":"https:\/\/www.europesays.com\/lt\/208297\/","title":{"rendered":"I\u0161 prekybos at\u0161aukiama visa \u0161i\u0173 maisto preki\u0173 partija \u2013 viduje rasta stiklo"},"content":{"rendered":"<p><a href=\"https:\/\/kaunas.kasvyksta.lt\/valstybine-maisto-ir-veterinarijos-tarnyba\" title=\"Valstybin\u0117 maisto ir veterinarijos tarnyba\" rel=\"nofollow noopener\" target=\"_blank\">Valstybin\u0117 maisto ir veterinarijos tarnyba<\/a> (VMVT) prane\u0161a apie i\u0161 rinkos at\u0161aukiam\u0105 \u201eK\u0117daini\u0173 konserv\u0173\u201c konservuot\u0173 r\u016bg\u0161tyni\u0173 partij\u0105.<\/p>\n<p>Kaip bir\u017eelio 17 d. paskelb\u0117 tarnyba, konservuotose r\u016bg\u0161tyn\u0117se buvo rastas stiklo gabal\u0117lis. Apie tai tarnybai prane\u0161\u0117 vartotojas.<\/p>\n<p>Ai\u0161k\u0117ja, kad tos pa\u010dios partijos r\u016bg\u0161tyn\u0117s buvo i\u0161platintos \u201eRimi\u201c, \u201eMaxima\u201c, \u201eIki\u201c, \u201eNorfa\u201c, \u201eSanitex\u201c, \u201eAib\u0117\u201c ir kit\u0173 prekybos tinkl\u0173 parduotuv\u0117se.<\/p>\n<p>\u201eNusta\u010dius nesaug\u0173 produkt\u0105 viename m\u0117ginyje, vertinama ne tik konkreti i\u0161tirta pakuot\u0117, bet saugumo sumetimais ir visa su ja susijusi produkcijos partija. Tod\u0117l nusta\u010dius, kad vienas konkre\u010dios partijos produktas neatitinka maisto saugos reikalavim\u0173, i\u0161 rinkos at\u0161aukiama visa tos pa\u010dios partijos produkcija, kuri gal\u0117jo b\u016bti paveikta to paties neatitikimo.<\/p>\n<p>Tai rei\u0161kia, kad at\u0161aukiamos ne tik identi\u0161kos prek\u0117s, bet ir kiti tos pa\u010dios partijos produktai, pagaminti i\u0161 tos pa\u010dios \u017ealiavos arba priskiriami tai pa\u010diai gamybos partijai\u201c, \u2013 portalui Lrytas.lt komentavo VMVT.<\/p>\n<p>I\u0161 rinkos at\u0161aukiamo produkto partijos numeris \u2013 05\u201310\u20132028\/B. Tinkamumo vartoti terminas 2028\u201310\u201305.<\/p>\n","protected":false},"excerpt":{"rendered":"Valstybin\u0117 maisto ir veterinarijos tarnyba (VMVT) prane\u0161a apie i\u0161 rinkos at\u0161aukiam\u0105 \u201eK\u0117daini\u0173 konserv\u0173\u201c konservuot\u0173 r\u016bg\u0161tyni\u0173 partij\u0105. Kaip bir\u017eelio&hellip;\n","protected":false},"author":2,"featured_media":208298,"comment_status":"","ping_status":"","sticky":false,"template":"","format":"standard","meta":{"footnotes":"","_share_on_mastodon":"0"},"categories":[6],"tags":[25,30,31,34,35,24,32,33,37,39,36,38,40,2931,9351,23,22,10322,28,29,26,27,21782],"class_list":["post-208297","post","type-post","status-publish","format-standard","has-post-thumbnail","category-antrastes","tag-antrastes","tag-breaking-news","tag-breakingnews","tag-featured-news","tag-featurednews","tag-headlines","tag-latest-news","tag-latestnews","tag-lietuva","tag-lietuviu","tag-lithuania","tag-lithuanian","tag-lt","tag-maistas","tag-maisto-prekes","tag-naujienos","tag-news","tag-parduotuve","tag-populiariausios-naujienos","tag-populiariausiosnaujienos","tag-top-stories","tag-topstories","tag-valstybine-maisto-ir-veterinarijos-tarnyba"],"share_on_mastodon":{"url":"https:\/\/pubeurope.com\/@lt\/116782533621281350","error":""},"_links":{"self":[{"href":"https:\/\/www.europesays.com\/lt\/wp-json\/wp\/v2\/posts\/208297","targetHints":{"allow":["GET"]}}],"collection":[{"href":"https:\/\/www.europesays.com\/lt\/wp-json\/wp\/v2\/posts"}],"about":[{"href":"https:\/\/www.europesays.com\/lt\/wp-json\/wp\/v2\/types\/post"}],"author":[{"embeddable":true,"href":"https:\/\/www.europesays.com\/lt\/wp-json\/wp\/v2\/users\/2"}],"replies":[{"embeddable":true,"href":"https:\/\/www.europesays.com\/lt\/wp-json\/wp\/v2\/comments?post=208297"}],"version-history":[{"count":0,"href":"https:\/\/www.europesays.com\/lt\/wp-json\/wp\/v2\/posts\/208297\/revisions"}],"wp:featuredmedia":[{"embeddable":true,"href":"https:\/\/www.europesays.com\/lt\/wp-json\/wp\/v2\/media\/208298"}],"wp:attachment":[{"href":"https:\/\/www.europesays.com\/lt\/wp-json\/wp\/v2\/media?parent=208297"}],"wp:term":[{"taxonomy":"category","embeddable":true,"href":"https:\/\/www.europesays.com\/lt\/wp-json\/wp\/v2\/categories?post=208297"},{"taxonomy":"post_tag","embeddable":true,"href":"https:\/\/www.europesays.com\/lt\/wp-json\/wp\/v2\/tags?post=208297"}],"curies":[{"name":"wp","href":"https:\/\/api.w.org\/{rel}","templated":true}]}}