{"id":208587,"date":"2026-06-20T22:54:07","date_gmt":"2026-06-20T22:54:07","guid":{"rendered":"https:\/\/www.europesays.com\/lt\/208587\/"},"modified":"2026-06-20T22:54:07","modified_gmt":"2026-06-20T22:54:07","slug":"kretingoje-naujas-restoranas-sefas-be-konkurencijos","status":"publish","type":"post","link":"https:\/\/www.europesays.com\/lt\/208587\/","title":{"rendered":"Kretingoje naujas restoranas: \u0161efas \u2013 be konkurencijos"},"content":{"rendered":"<p>I\u0161girdusi i\u0161 pa\u017e\u012fstamo ger\u0105 atsiliepim\u0105 apie Kretingoje esant\u012f restoran\u0105 \u201eLanguotas vir\u0117jas\u201c, netrukus jau ten skambinau. Kokia buvo nuostaba i\u0161girsti, kad restoranas \u017demaitijoje veikia vos pusantro m\u0117nesio, o garsas apie j\u012f jau pasiek\u0119s Vilni\u0173. Po 15 emigracijoje praleist\u0173 met\u0173 gr\u012f\u017eusi \u0161eima ne i\u0161kart atidar\u0117 pranc\u016bzi\u0161kos virtuv\u0117s restoran\u0105, ta\u010diau, kaip pripa\u017e\u012fsta \u0161efas Art\u016bras Balo\u010dka, tokia mintis jam kirb\u0117jo nuo pat pirm\u0173 karjeros akimirk\u0173. Paklaustas, ar daug mato Kretingoje konkurent\u0173, \u0161efas atsak\u0117: \u201eN\u0117ra toki\u0173\u201c.<\/p>\n","protected":false},"excerpt":{"rendered":"I\u0161girdusi i\u0161 pa\u017e\u012fstamo ger\u0105 atsiliepim\u0105 apie Kretingoje esant\u012f restoran\u0105 \u201eLanguotas vir\u0117jas\u201c, netrukus jau ten skambinau. Kokia buvo nuostaba&hellip;\n","protected":false},"author":2,"featured_media":208588,"comment_status":"","ping_status":"","sticky":false,"template":"","format":"standard","meta":{"footnotes":"","_share_on_mastodon":"0"},"categories":[13],"tags":[25,20795,30,31,34,35,24,20797,4671,32,33,37,39,36,38,40,2931,20796,23,22,28,29,5269,1710,26,27],"class_list":["post-208587","post","type-post","status-publish","format-standard","has-post-thumbnail","category-lietuva","tag-antrastes","tag-barai","tag-breaking-news","tag-breakingnews","tag-featured-news","tag-featurednews","tag-headlines","tag-kaip-pasigaminti","tag-kavines","tag-latest-news","tag-latestnews","tag-lietuva","tag-lietuviu","tag-lithuania","tag-lithuanian","tag-lt","tag-maistas","tag-maisto-apzvalgos","tag-naujienos","tag-news","tag-populiariausios-naujienos","tag-populiariausiosnaujienos","tag-receptai","tag-restoranai","tag-top-stories","tag-topstories"],"share_on_mastodon":{"url":"https:\/\/pubeurope.com\/@lt\/116784900600694774","error":""},"_links":{"self":[{"href":"https:\/\/www.europesays.com\/lt\/wp-json\/wp\/v2\/posts\/208587","targetHints":{"allow":["GET"]}}],"collection":[{"href":"https:\/\/www.europesays.com\/lt\/wp-json\/wp\/v2\/posts"}],"about":[{"href":"https:\/\/www.europesays.com\/lt\/wp-json\/wp\/v2\/types\/post"}],"author":[{"embeddable":true,"href":"https:\/\/www.europesays.com\/lt\/wp-json\/wp\/v2\/users\/2"}],"replies":[{"embeddable":true,"href":"https:\/\/www.europesays.com\/lt\/wp-json\/wp\/v2\/comments?post=208587"}],"version-history":[{"count":0,"href":"https:\/\/www.europesays.com\/lt\/wp-json\/wp\/v2\/posts\/208587\/revisions"}],"wp:featuredmedia":[{"embeddable":true,"href":"https:\/\/www.europesays.com\/lt\/wp-json\/wp\/v2\/media\/208588"}],"wp:attachment":[{"href":"https:\/\/www.europesays.com\/lt\/wp-json\/wp\/v2\/media?parent=208587"}],"wp:term":[{"taxonomy":"category","embeddable":true,"href":"https:\/\/www.europesays.com\/lt\/wp-json\/wp\/v2\/categories?post=208587"},{"taxonomy":"post_tag","embeddable":true,"href":"https:\/\/www.europesays.com\/lt\/wp-json\/wp\/v2\/tags?post=208587"}],"curies":[{"name":"wp","href":"https:\/\/api.w.org\/{rel}","templated":true}]}}