{"id":208593,"date":"2026-06-20T23:18:09","date_gmt":"2026-06-20T23:18:09","guid":{"rendered":"https:\/\/www.europesays.com\/lt\/208593\/"},"modified":"2026-06-20T23:18:09","modified_gmt":"2026-06-20T23:18:09","slug":"prokuratura-ragina-lrt-pasalinti-nustatytus-pazeidimus-susijusius-su-programu-pirkimais-respublika-lt","status":"publish","type":"post","link":"https:\/\/www.europesays.com\/lt\/208593\/","title":{"rendered":"Prokurat\u016bra ragina LRT pa\u0161alinti nustatytus pa\u017eeidimus, susijusius su program\u0173 pirkimais &#8211; Respublika.lt"},"content":{"rendered":"<p style=\"text-align: justify;\" class=\"desktop_banner\">\u00a0<\/p>\n<p style=\"text-align: left;\">\u00a0<\/p>\n<p style=\"text-align: left;\">\u201eNutarime konstatuojama, kad\u00a0LRT,\u00a0paskelbusi savo\u00a0interneto\u00a0svetain\u0117je\u00a0ataskait\u0105 apie\u00a02025 m. neskelbiamos apklausos b\u016bdu\u00a0\u012fvykdytus program\u0173 pirkimus,\u00a0neatskleid\u0117\u00a0joje duomen\u0173 apie\u00a0fizinius\u00a0asmenis, i\u0161 kuri\u0173 pirko paslaugas,\u00a0ir\u00a0d\u0117l vis\u0173 pirkim\u0173\u00a0pateik\u0117\u00a0tik\u00a0vien\u0105 bendr\u0105 paai\u0161kinim\u0105, kod\u0117l \u0161i informacija negali b\u016bti paskelbta vie\u0161ai\u201c, \u2013 penktadien\u012f paskelb\u0117 prokurat\u016bra.<\/p>\n<p style=\"text-align: left;\">\u201eTyrimo metu nustatyta, kad\u00a0bendro pob\u016bd\u017eio\u00a0sprendim\u0105\u00a0nevie\u0161inti\u00a0vis\u0173\u00a0fizini\u0173 asmen\u0173 \u2013 tiek\u0117j\u0173 \u2013 vard\u0173 ir pavard\u017ei\u0173\u00a0interneto\u00a0svetain\u0117je\u00a0vie\u0161ai\u00a0skelbiamose ataskaitose (\u2026)\u00a0LRT\u00a0pri\u0117m\u0117\u00a0neatlikusi\u00a0kiekvieno\u00a0konkretaus atvejo\u00a0(pirkimo)\u00a0vertinimo\u00a0ir nenusta\u010diusi\u00a0individuali\u0173 aplinkybi\u0173,\u00a0reik\u0161ming\u0173\u00a0u\u017etikrinant\u00a0pusiausvyr\u0105\u00a0tarp pirkim\u0173 skaidrumo,\u00a0vie\u0161umo bei\u00a0tiek\u0117j\u0173 teisi\u0173\u00a0bei\u00a0teis\u0117t\u0173 interes\u0173 apsaugos\u201c, \u2013 priduriama prane\u0161ime.<\/p>\n<p style=\"text-align: left;\">Prokuroro vertinimu, vienoda\u00a0i\u0161imtis\u00a0visiems tiek\u0117jams negali b\u016bti\u00a0pritaikyta,\u00a0nes taikant\u00a0teis\u0117s aktuose numatytas\u00a0i\u0161imtis\u00a0privalo b\u016bti \u012fvertintos\u00a0individualios aplinkyb\u0117s.<\/p>\n<p style=\"text-align: left;\">Teigiama, kad nustatyt\u0105 pa\u017eeidim\u0105 LRT tur\u0117t\u0173 pa\u0161alinti atlikusi kiekvieno konkretaus atvejo \u2013 pirkimo \u2013 vertinim\u0105, nustatyti individualias aplinkybes bei paskelbti interneto svetain\u0117je patikslint\u0105 ataskait\u0105.<\/p>\n<p style=\"text-align: left;\">ELTA primena, kad gegu\u017e\u0119 Seimo Audito komitetas kreip\u0117si \u012f Generalin\u0119 prokurat\u016br\u0105, pra\u0161ydamas \u012fpareigoti LRT laikytis teis\u0117s akt\u0173 reikalavim\u0173 ir atskleisti paslaug\u0173 tiek\u0117j\u0173 \u2013 fizini\u0173 asmen\u0173 \u2013 vardus ir pavardes, i\u0161 kuri\u0173 paslaugos buvo \u012fsigytos neskelbiamos apklausos b\u016bdu.<\/p>\n<p style=\"text-align: left;\">Teigta, kad LRT, interpretuodama teis\u0117s akt\u0173 reikalavimus, laikosi pozicijos, jog fizini\u0173 asmen\u0173 vard\u0173 ir pavard\u017ei\u0173 atskleidimas, nurodant kiek pastariesiems sumok\u0117ta u\u017e nacionaliniam transliuotojui suteiktas paslaugas, neva pa\u017eeist\u0173 asmens duomen\u0173 apsaug\u0105, teis\u0117tus tiek\u0117j\u0173 komercinius interesus.<\/p>\n<p style=\"text-align: left;\">Pasak Seimo Audito komiteto, nors LRT d\u0117l tokios savo pozicijos ne kart\u0105 buvo kritikuota Valstybin\u0117s duomen\u0173 inspekcijos (VDI), Vie\u0161\u0173j\u0173 pirkim\u0173 tarnybos (VPT), taip ir ne\u012fgyvendino Valstyb\u0117s kontrol\u0117s (VK) rekomendacijos tokius duomenis pavie\u0161inti. Be to, nepateik\u0117 duomen\u0173 ir parlamentin\u0119 kontrol\u0119 vykdan\u010diam Seimo Audito komitetui.<\/p>\n","protected":false},"excerpt":{"rendered":"\u00a0 \u00a0 \u201eNutarime konstatuojama, kad\u00a0LRT,\u00a0paskelbusi savo\u00a0interneto\u00a0svetain\u0117je\u00a0ataskait\u0105 apie\u00a02025 m. neskelbiamos apklausos b\u016bdu\u00a0\u012fvykdytus program\u0173 pirkimus,\u00a0neatskleid\u0117\u00a0joje duomen\u0173 apie\u00a0fizinius\u00a0asmenis, i\u0161 kuri\u0173 pirko&hellip;\n","protected":false},"author":2,"featured_media":208594,"comment_status":"","ping_status":"","sticky":false,"template":"","format":"standard","meta":{"footnotes":"","_share_on_mastodon":"0"},"categories":[13],"tags":[25,30,31,34,35,5248,24,32,33,37,39,36,38,519,40,23,22,28,29,627,26,27],"class_list":["post-208593","post","type-post","status-publish","format-standard","has-post-thumbnail","category-lietuva","tag-antrastes","tag-breaking-news","tag-breakingnews","tag-featured-news","tag-featurednews","tag-generaline","tag-headlines","tag-latest-news","tag-latestnews","tag-lietuva","tag-lietuviu","tag-lithuania","tag-lithuanian","tag-lrt","tag-lt","tag-naujienos","tag-news","tag-populiariausios-naujienos","tag-populiariausiosnaujienos","tag-prokuratura","tag-top-stories","tag-topstories"],"share_on_mastodon":{"url":"https:\/\/pubeurope.com\/@lt\/116784995087547527","error":""},"_links":{"self":[{"href":"https:\/\/www.europesays.com\/lt\/wp-json\/wp\/v2\/posts\/208593","targetHints":{"allow":["GET"]}}],"collection":[{"href":"https:\/\/www.europesays.com\/lt\/wp-json\/wp\/v2\/posts"}],"about":[{"href":"https:\/\/www.europesays.com\/lt\/wp-json\/wp\/v2\/types\/post"}],"author":[{"embeddable":true,"href":"https:\/\/www.europesays.com\/lt\/wp-json\/wp\/v2\/users\/2"}],"replies":[{"embeddable":true,"href":"https:\/\/www.europesays.com\/lt\/wp-json\/wp\/v2\/comments?post=208593"}],"version-history":[{"count":0,"href":"https:\/\/www.europesays.com\/lt\/wp-json\/wp\/v2\/posts\/208593\/revisions"}],"wp:featuredmedia":[{"embeddable":true,"href":"https:\/\/www.europesays.com\/lt\/wp-json\/wp\/v2\/media\/208594"}],"wp:attachment":[{"href":"https:\/\/www.europesays.com\/lt\/wp-json\/wp\/v2\/media?parent=208593"}],"wp:term":[{"taxonomy":"category","embeddable":true,"href":"https:\/\/www.europesays.com\/lt\/wp-json\/wp\/v2\/categories?post=208593"},{"taxonomy":"post_tag","embeddable":true,"href":"https:\/\/www.europesays.com\/lt\/wp-json\/wp\/v2\/tags?post=208593"}],"curies":[{"name":"wp","href":"https:\/\/api.w.org\/{rel}","templated":true}]}}