{"id":208605,"date":"2026-06-21T00:17:14","date_gmt":"2026-06-21T00:17:14","guid":{"rendered":"https:\/\/www.europesays.com\/lt\/208605\/"},"modified":"2026-06-21T00:17:14","modified_gmt":"2026-06-21T00:17:14","slug":"cesna-baigia-darba-nkl-prezidento-poste","status":"publish","type":"post","link":"https:\/\/www.europesays.com\/lt\/208605\/","title":{"rendered":"\u010c\u0117sna baigia darb\u0105 NKL prezidento poste"},"content":{"rendered":"<p>Per \u0161\u012f laikotarp\u012f lyga \u017eeng\u0117 svarbius \u017eingsnius \u012f priek\u012f: augino matomum\u0105, stiprino ry\u0161ius su  partneriais, pl\u0117t\u0117 r\u0117m\u0117j\u0173 rat\u0105 ir k\u016br\u0117 tvirtesn\u012f lygos veid\u0105 Lietuvos krep\u0161inio \u017eem\u0117lapyje. <\/p>\n<p>A. \u010c\u0117snos kadencijos metu buvo \u012fgyvendinta jo kryptingai puosel\u0117ta id\u0117ja \u2013 prie lygos prisijung\u0117 naujas generalinis partneris, o \u010dempionatas prad\u0117tas komunikuoti \u201eURBO-NKL\u201c vardu. <\/p>\n<p>Pastarieji du sezonai buvo svarb\u016bs ir lygos transliacij\u0173 augimui. Visos rungtyn\u0117s buvo transliuojamos per LRT.lt, o savait\u0117s rungtyn\u0117s pasiek\u0117 \u017ei\u016brovus tiesiogiai per TV6. Tai leido sirgaliams i\u0161 visos Lietuvos dar patogiau sekti savo komand\u0173 keli\u0105, \u017eaid\u0117j\u0173 istorijas ir  svarbiausias sezono kovas. <\/p>\n<p>    <img decoding=\"async\" src=\"https:\/\/www.europesays.com\/lt\/wp-content\/uploads\/2026\/06\/8c7c84f2-7505-4d54-bf51-6f0f9ecb98e0.jpg\" loading=\"lazy\" alt=\"Arvydas \u010c\u0117sna\"\/>    <\/p>\n<p>\u0160iuo laikotarpiu lygoje atsirado ir nauj\u0173 iniciatyv\u0173. Pirm\u0105 kart\u0105 istorijoje buvo surengtos S.  Dariaus ir S. Gir\u0117no taur\u0117s rungtyn\u0117s, kuriose \u012fteiktas pirmasis \u0161io turnyro trof\u0117jus. Tai tapo  dar vienu \u017eingsniu ple\u010diant lygos tradicijas ir kuriant naujas istorijas \u201eURBO NKL\u201c bendruomenei. <\/p>\n<p>\u201eNoriu nuo\u0161ird\u017eiai pad\u0117koti asociacijai \u201eLietuvos krep\u0161inis\u201c, Lietuvos krep\u0161inio teis\u0117j\u0173 asociacijai, miest\u0173 savivaldyb\u0117ms, lygos r\u0117m\u0117jams, komandoms ir sirgaliams u\u017e pasitik\u0117jim\u0105, nauj\u0105 patirt\u012f bei bendr\u0105 darb\u0105 stiprinant lyg\u0105. Ypa\u010d didel\u012f a\u010di\u016b tariu savo komandai, su kuria kasdien dirbome, ie\u0161kojome sprendim\u0173 ir siek\u0117me, kad lyga \u017eengt\u0173 \u012f priek\u012f. D\u017eiaugiuosi tuo, k\u0105 pavyko nuveikti kartu, ir linkiu \u201eURBO-NKL\u201c toliau augti, stipr\u0117ti bei kurti dar daugiau \u012fsimintin\u0173 istorij\u0173\u201c, \u2013 sak\u0117 A. \u010c\u0117sna. <\/p>\n<p>\u201eURBO-NKL\u201c d\u0117koja Arvydui \u010c\u0117snai u\u017e ind\u0117l\u012f \u012f lygos augim\u0105 ir linki s\u0117km\u0117s<\/p>\n","protected":false},"excerpt":{"rendered":"Per \u0161\u012f laikotarp\u012f lyga \u017eeng\u0117 svarbius \u017eingsnius \u012f priek\u012f: augino matomum\u0105, stiprino ry\u0161ius su partneriais, pl\u0117t\u0117 r\u0117m\u0117j\u0173 rat\u0105&hellip;\n","protected":false},"author":2,"featured_media":208606,"comment_status":"","ping_status":"","sticky":false,"template":"","format":"standard","meta":{"footnotes":"","_share_on_mastodon":"0"},"categories":[19],"tags":[31950,37,39,36,38,40,17685,47,104],"class_list":["post-208605","post","type-post","status-publish","format-standard","has-post-thumbnail","category-sportas","tag-arvydas-cesna","tag-lietuva","tag-lietuviu","tag-lithuania","tag-lithuanian","tag-lt","tag-nkl","tag-sportas","tag-sports"],"share_on_mastodon":{"url":"https:\/\/pubeurope.com\/@lt\/116785227328248898","error":""},"_links":{"self":[{"href":"https:\/\/www.europesays.com\/lt\/wp-json\/wp\/v2\/posts\/208605","targetHints":{"allow":["GET"]}}],"collection":[{"href":"https:\/\/www.europesays.com\/lt\/wp-json\/wp\/v2\/posts"}],"about":[{"href":"https:\/\/www.europesays.com\/lt\/wp-json\/wp\/v2\/types\/post"}],"author":[{"embeddable":true,"href":"https:\/\/www.europesays.com\/lt\/wp-json\/wp\/v2\/users\/2"}],"replies":[{"embeddable":true,"href":"https:\/\/www.europesays.com\/lt\/wp-json\/wp\/v2\/comments?post=208605"}],"version-history":[{"count":0,"href":"https:\/\/www.europesays.com\/lt\/wp-json\/wp\/v2\/posts\/208605\/revisions"}],"wp:featuredmedia":[{"embeddable":true,"href":"https:\/\/www.europesays.com\/lt\/wp-json\/wp\/v2\/media\/208606"}],"wp:attachment":[{"href":"https:\/\/www.europesays.com\/lt\/wp-json\/wp\/v2\/media?parent=208605"}],"wp:term":[{"taxonomy":"category","embeddable":true,"href":"https:\/\/www.europesays.com\/lt\/wp-json\/wp\/v2\/categories?post=208605"},{"taxonomy":"post_tag","embeddable":true,"href":"https:\/\/www.europesays.com\/lt\/wp-json\/wp\/v2\/tags?post=208605"}],"curies":[{"name":"wp","href":"https:\/\/api.w.org\/{rel}","templated":true}]}}