{"id":208671,"date":"2026-06-21T05:32:15","date_gmt":"2026-06-21T05:32:15","guid":{"rendered":"https:\/\/www.europesays.com\/lt\/208671\/"},"modified":"2026-06-21T05:32:15","modified_gmt":"2026-06-21T05:32:15","slug":"agnes-kurti-drabuziai-patrauke-ir-garsaus-dizainerio-demesi","status":"publish","type":"post","link":"https:\/\/www.europesays.com\/lt\/208671\/","title":{"rendered":"Agn\u0117s kurti drabu\u017eiai patrauk\u0117 ir garsaus dizainerio d\u0117mes\u012f"},"content":{"rendered":"<p>Agn\u0117 pasakoja, kad Vilniaus dail\u0117s akademijoje studijavo tapyb\u0105, bet mintys apie tekstil\u0119 jos neapleido nuo pat studij\u0173 laik\u0173. Kaip pati prisipa\u017e\u012fsta, i\u0161 ties\u0173 ji svajojo apie visai kit\u0105 specialyb\u0119.<\/p>\n<p>\u201e\u012estojau \u012f tapyb\u0105, nors i\u0161 tikr\u0173j\u0173 nor\u0117jau studijuoti tekstil\u0119 ir grafik\u0105. Ta mintis niekur nedingo, ji vis\u0105 laik\u0105 sukosi galvoje. Po studij\u0173 dar \u0161iek tiek tapiau, bet galiausiai vis tiek persime\u010diau prie grafikos, ornamentikos ir tekstil\u0117s. Taip ka\u017ekaip nat\u016braliai viskas susid\u0117liojo. Dabar labai daug sav\u0119s realizuoju b\u016btent \u010dia. Tapyba liko u\u017enugaryje, o tekstil\u0117 at\u0117jo per megztinius\u201c, \u2013 pasakoja k\u016br\u0117ja.<\/p>\n<p>    <img decoding=\"async\" src=\"https:\/\/www.europesays.com\/lt\/wp-content\/uploads\/2026\/06\/e51c9e3d-456b-46fc-a7e2-2acd3c2e18a6.jpg\" loading=\"lazy\" alt=\"Agn\u0117 Skipskyt\u0117\"\/>      <\/p>\n<p>\u0160iandien ji nemezga ir nesiuva drabu\u017ei\u0173, bet prikelia naujam gyvenimui jau pabodusius ar tuos kuriuos reikia pataisyti. Seni megztiniai ir \u0161varkai jos rankose virsta unikaliais vienetiniais k\u016briniais, kuriuos puo\u0161ia jos nertos spalvingos g\u0117l\u0117s.<\/p>\n<p>Prasid\u0117jo nuo mo\u010diut\u0117s megztinio<\/p>\n<p>K\u016brybinio kelio prad\u017ei\u0105 nul\u0117m\u0117 labai asmeni\u0161ka istorija. Agn\u0117 iki \u0161iol puikiai prisimena megztin\u012f, kur\u012f jai buvo numezgusi mo\u010diut\u0117.<\/p>\n<p>    <img decoding=\"async\" src=\"https:\/\/www.europesays.com\/lt\/wp-content\/uploads\/2026\/06\/128ded2a-a5c4-4464-8527-024485525e7c.jpg\" loading=\"lazy\" alt=\"Agn\u0117s Skipskyt\u0117s atnaujinti drabu\u017eiai\"\/>      <\/p>\n<p>\u201eTur\u0117jau labai m\u0117gstam\u0105 mo\u010diut\u0117s megzt\u0105 vilnon\u012f megztin\u012f. Jis man buvo labai brangus. Vien\u0105 dien\u0105 ant ki\u0161en\u0117s atsirado skylut\u0117, o a\u0161 pagalvojau, kad gal\u0117\u010diau ka\u017ekaip j\u012f ne tik pataisyti, bet ir ka\u017ekaip pagra\u017einti. I\u0161 prad\u017ei\u0173 tai buvo tik ma\u017eas spalvotas lopin\u0117lis. Paskui prad\u0117jau nerti vis daugiau, atsirado daugiau spalv\u0173, viskas pl\u0117t\u0117si. Draug\u0117s pamat\u0117 ir prad\u0117jo pra\u0161yti \u2013 \u201ePadaryk ir man\u201c. Taip po truput\u012f viskas ir prasid\u0117jo\u201c, \u2013 prisimena ji.<\/p>\n<p>I\u0161 prad\u017ei\u0173 jos nertos g\u0117l\u0117s sl\u0117pdavo \u012fvairius drabu\u017ei\u0173 defektus, ta\u010diau ilgainiui k\u016bryba \u012fgavo visai kit\u0105 krypt\u012f. Prie\u0161 por\u0105 met\u0173 Agn\u0117 spontani\u0161kai nusprend\u0117 pabandyti papuo\u0161ti rankoves \u2013 \u0161iandien b\u016btent jos tapo i\u0161skirtiniu jos darb\u0173 \u017eenklu.<\/p>\n<p>       <img decoding=\"async\" src=\"https:\/\/www.europesays.com\/lt\/wp-content\/uploads\/2026\/06\/c097ad32-c26e-41f2-8351-105df41ed59f.jpg\" loading=\"lazy\" alt=\"Agn\u0117s Skipskyt\u0117s atnaujinti drabu\u017eiai\"\/>    <\/p>\n<p>\u201eVien\u0105 dien\u0105 tiesiog sugalvojau pabandyti ant rankovi\u0173. Nebuvau niekur to ma\u010diusi, nieko nekopijavau. Tiesiog prad\u0117jau si\u016bti ir pama\u010diau, kad man pa\u010diai labai gra\u017eu. Dabar daugiausia darau b\u016btent rankoves ant megztini\u0173 arba \u0161vark\u0173. Ateityje nor\u0117\u010diau pabandyti ir d\u017einsus, bet tam vis dar pritr\u016bkstu laiko\u201c, \u2013 sako pa\u0161nekov\u0117.<\/p>\n<p>Nenoriu kopijuoti net pati sav\u0119s<\/p>\n<p>Nors jos darbai \u0161iandien sulaukia klien\u010di\u0173 susidom\u0117jimo, pati Agn\u0117 sako niekada nesiekusi i\u0161 to sukurti verslo. Jai kur kas svarbesn\u0117 kita mintis \u2013 neleisti geriems daiktams tapti atliekomis.<\/p>\n<p>\u201eLabai nem\u0117gstu to beproti\u0161ko vartojimo. Man atrodo, senas megztinis neturi b\u016bti i\u0161mestas vien tod\u0117l, kad atsirado skylut\u0117 ar jis pabodo. Ypa\u010d jei jis turi savo istorij\u0105 \u2013 gal j\u012f mezg\u0117 mo\u010diut\u0117, gal mama. Per rank\u0173 darb\u0105, kantryb\u0119 ir k\u016bryb\u0105 tas daiktas gali tapti visi\u0161kai nauju. Jis dar gali tarnauti, tik \u012fgauna kit\u0105 veid\u0105\u201c, \u2013 \u012fsitikinusi k\u016br\u0117ja.<\/p>\n<p>       <img decoding=\"async\" src=\"https:\/\/www.europesays.com\/lt\/wp-content\/uploads\/2026\/06\/307f68ed-6105-4ab1-9185-22f749fb4b17.jpg\" loading=\"lazy\" alt=\"Agn\u0117s Skipskyt\u0117s atnaujinti drabu\u017eiai\"\/>      <\/p>\n<p>Ji pasakoja, kad sako kuriamoms g\u0117l\u0117ms kruop\u0161\u010diai renkasi nat\u016bralius si\u016blus, o kiekvien\u0105 g\u0117l\u0119 neria intuityviai. \u2013 be aki\u0173 skai\u010diavimo ir i\u0161ankstinio plano. Tod\u0117l dviej\u0173 vienod\u0173 darb\u0173 tiesiog n\u0117ra.<\/p>\n<p>\u201eNeskai\u010diuoju aki\u0173, neturiu joki\u0173 schem\u0173. Neriu i\u0161 galvos, kaip \u0161irdis jau\u010dia. Kiek esu padariusi megztini\u0173, n\u0117ra n\u0117 vienos vienodos g\u0117l\u0117s. Gali b\u016bti toks pats \u017ealias megztinis, bet g\u0117l\u0117s vis tiek bus kitokios. Nenoriu kopijuoti net pati sav\u0119s\u201c, \u2013 \u0161ypsosi Agn\u0117.<\/p>\n<p>    <img decoding=\"async\" src=\"https:\/\/www.europesays.com\/lt\/wp-content\/uploads\/2026\/06\/b3b24810-3045-4e77-9df6-7df0a8d5c039.jpg\" loading=\"lazy\" alt=\"Agn\u0117s Skipskyt\u0117s atnaujinti drabu\u017eiai\"\/>    <\/p>\n<p>Ne tik daiktas nuotraukai<\/p>\n<p>Agn\u0117 pasakoja da\u017enai sulaukianti klausim\u0173, ar tokie rank\u0173 darbo papuo\u0161imai n\u0117ra pernelyg sunk\u016bs ir ar juos patogu d\u0117v\u0117ti.<\/p>\n<p>\u201eLabai da\u017enai klient\u0117s klausia, ar tos rankov\u0117s nei\u0161sunk\u0117ja ir ar apskritai toks megztinis yra ne\u0161iojamas. Tikrai taip. Jos visi\u0161kai nei\u0161sunk\u0117ja, galima dr\u0105siai vilk\u0117ti kasdien. \u017dinoma, jeigu dirbi ka\u017ekok\u012f labai fizin\u012f darb\u0105 arba, tarkime, tapai, kur rankov\u0117s gali trukdyti, galb\u016bt toks drabu\u017eis nebus pats prakti\u0161kiausias. Bet biure, mieste ar tiesiog kasdienai moterys juos ne\u0161ioja ir labai d\u017eiaugiasi\u201c, \u2013 pasakoja k\u016br\u0117ja.<\/p>\n<p>Pasak jos, kruop\u0161\u010diai parinkti nat\u016bral\u016bs si\u016blai ir kokybi\u0161kas rank\u0173 darbas lemia, kad atnaujinti drabu\u017eiai i\u0161lieka patvar\u016bs ir nepraranda savo formos.<\/p>\n<p>\u201eMegztinis nelieka sunkus, gerai pri\u017ei\u016brint jis puikiai skalbiamas ir labai gerai d\u0117visi. Man svarbu, kad tai neb\u016bt\u0173 tik gra\u017eus daiktas nuotraukai. Noriu, kad moterys j\u012f vilk\u0117t\u0173, d\u017eiaugt\u0173si ir kad jis tarnaut\u0173 dar ilgai\u201c, \u2013 sako Agn\u0117.<\/p>\n<p>    <img decoding=\"async\" src=\"https:\/\/www.europesays.com\/lt\/wp-content\/uploads\/2026\/06\/9c632e74-4af5-42d4-ab51-572be96ddccf.jpg\" loading=\"lazy\" alt=\"Agn\u0117s Skipskyt\u0117s atnaujinti drabu\u017eiai\"\/>      <\/p>\n<p>Neturi patikti visiems<\/p>\n<p>Savo darbus k\u016br\u0117ja demonstruoja \u201eVinted\u201c platformoje, kai atsiranda susid\u0117jusi\u0173 \u2013 juos parduoda. Ta\u010diau, jos tikinimu, ilgai \u0161ie daiktai neu\u017esib\u016bna \u2013 labai greitai atranda savo \u0161eimininkes.<\/p>\n<p>\u201eNegaliu j\u0173 vis\u0173 pasilikti sau, tod\u0117l keliu \u012f \u201eVinted\u201c. Labai greitai jie atranda savo \u017emog\u0173. Gal net daugiau megztini\u0173 i\u0161keliauja \u012f Suomij\u0105 nei lieka Lietuvoje. Ten \u017emon\u0117s beproti\u0161kai vertina rank\u0173 darb\u0105, b\u016bna daug klausim\u0173, daug susidom\u0117jimo. Taip pat daug pirk\u0117j\u0173 turiu Lenkijoje. Lietuvoje irgi yra moter\u0173, kurios mane jau seka \u2013 tad da\u017enai vos \u012fk\u0117lus nauj\u0105 darb\u0105, jis i\u0161 karto i\u0161keliauja\u201c, \u2013 pasakoja ji.<\/p>\n<p>Ta\u010diau ji neslepia, kad, kaip ir daugelis i\u0161skirtini\u0173 k\u016brini\u0173, jos darbai sulaukia \u012fvairi\u0173 reakcij\u0173. Vieniems jie tampa meil\u0117s i\u0161 pirmo \u017evilgsnio objektu, kiti \u012f juos \u017evelgia skepti\u0161kai.<\/p>\n<p>\u201eEsu gird\u0117jusi ir toki\u0173 komentar\u0173, kad \u010dia ka\u017ekoks skudurini\u0173 Onu\u010di\u0173 stilius. Bet a\u0161 d\u0117l to visi\u0161kai nesijaudinu. \u0160ie drabu\u017eiai tikrai ne kiekvienam. Jeigu b\u016bt\u0173 kiekvienam, turb\u016bt jau b\u016b\u010diau fabrik\u0105 atsidariusi. Tai labai specifinis daiktas, skirtas \u017emogui, kuris vertina rank\u0173 darb\u0105, unikalum\u0105 ir turi savo stiliaus poj\u016bt\u012f. Man atrodo, kad taip ir turi b\u016bti \u2013 juk ne visi dalykai privalo patikti visiems\u201c, \u2013 sako k\u016br\u0117ja.<\/p>\n<p>B\u016btent d\u0117l to jai ypa\u010d svarbu i\u0161laikyti savitum\u0105. Suk\u016brusi pirmuosius darbus, ji net specialiai ie\u0161kojo, ar kas nors pasaulyje daro ka\u017ek\u0105 pana\u0161aus.<\/p>\n<p>\u201eTik paskui prad\u0117jau \u017ei\u016br\u0117ti, ar ka\u017ekas kuria pana\u0161iai. Bet toki\u0173 g\u0117li\u0173 niekur nema\u010diau. Man labai svarbu, kad tai neb\u016bt\u0173 nukopijuota. Viskas gim\u0117 i\u0161 to, kas patinka man pa\u010diai, ir tai yra visi\u0161kai mano k\u016bryba\u201c, \u2013 pasakoja ji.<\/p>\n<p>Pasteb\u0117jo \u017einomas dizaineris<\/p>\n<p>Agn\u0117 pasakoja pastaruoju metu sulaukusi ir susidom\u0117jimo i\u0161 vieno \u017eymaus lietuvi\u0173 drabu\u017ei\u0173 dizainerio: Robertas Kalinkinas \u2013 ne tik \u012fsigijo vien\u0105 jos sukurt\u0105 g\u0117l\u0117mis puo\u0161t\u0105 megztin\u012f, bet ir svarst\u0117 bendradarbiavimo id\u0117j\u0105.<\/p>\n<p>    <img decoding=\"async\" src=\"https:\/\/www.europesays.com\/lt\/wp-content\/uploads\/2026\/06\/2f4fe2d3-a900-426c-ae80-586a0db97cca.jpg\" loading=\"lazy\" alt=\"Agn\u0117s Skipskyt\u0117s atnaujinti drabu\u017eiai\"\/>      <\/p>\n<p>\u201eMan tai buvo labai didelis \u012fvertinimas. Galb\u016bt jis nor\u0117jo pasi\u017ei\u016br\u0117ti, kaip galima gra\u017eiai atnaujinti ger\u0105 daikt\u0105, sutvarkyti nub\u0117gusi\u0105 ak\u012f ar kand\u017ei\u0173 pa\u017eeist\u0105 megztin\u012f. Gal mano sukurt\u0105 megztin\u012f nor\u0117s parodyti savo klientams, kuri\u0173 drabu\u017eius imasi taisyti \u2013 kaip id\u0117j\u0105, kad galima padaryti ir taip. Apie tai net buvome prad\u0117j\u0119 pokalb\u012f, tad gal ateityje dar pavyks ir kartu ka\u017ek\u0105 nuveikti. Bet pats faktas, kad jis pasteb\u0117jo mano darb\u0105, man yra labai malonus\u201c, \u2013 neslepia k\u016br\u0117ja.<\/p>\n<p>Ta\u010diau did\u017eiausias \u012fvertinimas, pasak jos, yra pats k\u016brybos procesas. \u201eMan tiesiog labai patinka tai, k\u0105 darau. Tikrai labai patinka. Gal tod\u0117l tie megztiniai ir randa savo \u017emones. A\u0161 j\u0173 nekuriu d\u0117l verslo ar d\u0117l pinig\u0173. Tiesiog negaliu sustoti\u201c, \u2013 \u0161ypsosi Agn\u0117.<\/p>\n","protected":false},"excerpt":{"rendered":"Agn\u0117 pasakoja, kad Vilniaus dail\u0117s akademijoje studijavo tapyb\u0105, bet mintys apie tekstil\u0119 jos neapleido nuo pat studij\u0173 laik\u0173.&hellip;\n","protected":false},"author":2,"featured_media":208672,"comment_status":"","ping_status":"","sticky":false,"template":"","format":"standard","meta":{"footnotes":"","_share_on_mastodon":"0"},"categories":[13],"tags":[25,30,31,5494,6982,34,35,24,32,33,37,39,36,38,40,23,22,28,29,31957,26,27],"class_list":["post-208671","post","type-post","status-publish","format-standard","has-post-thumbnail","category-lietuva","tag-antrastes","tag-breaking-news","tag-breakingnews","tag-dizaineris","tag-drabuziai","tag-featured-news","tag-featurednews","tag-headlines","tag-latest-news","tag-latestnews","tag-lietuva","tag-lietuviu","tag-lithuania","tag-lithuanian","tag-lt","tag-naujienos","tag-news","tag-populiariausios-naujienos","tag-populiariausiosnaujienos","tag-robertas-kalinkinas","tag-top-stories","tag-topstories"],"share_on_mastodon":{"url":"https:\/\/pubeurope.com\/@lt\/116786466084735967","error":""},"_links":{"self":[{"href":"https:\/\/www.europesays.com\/lt\/wp-json\/wp\/v2\/posts\/208671","targetHints":{"allow":["GET"]}}],"collection":[{"href":"https:\/\/www.europesays.com\/lt\/wp-json\/wp\/v2\/posts"}],"about":[{"href":"https:\/\/www.europesays.com\/lt\/wp-json\/wp\/v2\/types\/post"}],"author":[{"embeddable":true,"href":"https:\/\/www.europesays.com\/lt\/wp-json\/wp\/v2\/users\/2"}],"replies":[{"embeddable":true,"href":"https:\/\/www.europesays.com\/lt\/wp-json\/wp\/v2\/comments?post=208671"}],"version-history":[{"count":0,"href":"https:\/\/www.europesays.com\/lt\/wp-json\/wp\/v2\/posts\/208671\/revisions"}],"wp:featuredmedia":[{"embeddable":true,"href":"https:\/\/www.europesays.com\/lt\/wp-json\/wp\/v2\/media\/208672"}],"wp:attachment":[{"href":"https:\/\/www.europesays.com\/lt\/wp-json\/wp\/v2\/media?parent=208671"}],"wp:term":[{"taxonomy":"category","embeddable":true,"href":"https:\/\/www.europesays.com\/lt\/wp-json\/wp\/v2\/categories?post=208671"},{"taxonomy":"post_tag","embeddable":true,"href":"https:\/\/www.europesays.com\/lt\/wp-json\/wp\/v2\/tags?post=208671"}],"curies":[{"name":"wp","href":"https:\/\/api.w.org\/{rel}","templated":true}]}}