{"id":20881,"date":"2025-10-19T15:21:07","date_gmt":"2025-10-19T15:21:07","guid":{"rendered":"https:\/\/www.europesays.com\/lt\/20881\/"},"modified":"2025-10-19T15:21:07","modified_gmt":"2025-10-19T15:21:07","slug":"kim-kardashian-atsivere-apie-toksiskus-santykius-su-kanye-westu","status":"publish","type":"post","link":"https:\/\/www.europesays.com\/lt\/20881\/","title":{"rendered":"Kim Kardashian atsiv\u0117r\u0117 apie toksi\u0161kus santykius su Kanye Westu"},"content":{"rendered":"<p>Kaip skelbia \u201ePeople\u201c, interviu metu 44-eri\u0173 met\u0173 moteris pasakojo, kad, nepaisant visko, k\u0105 santykiuose su Westu jai teko patirti, \u0161iandien ji ver\u010diau linkusi prisiminti gerus dalykus: \u201eTuriu problem\u0105 \u2013 prisimenu tik gera. Esu labai atlaidus \u017emogus. Bet nuo skyryb\u0173 netur\u0117jau toki\u0173 toksi\u0161k\u0173 santyki\u0173, kokius patyriau anks\u010diau\u201c, \u2013 sak\u0117 ji.<\/p>\n<p>Ji dar prid\u016br\u0117, kad su am\u017eiumi kei\u010diasi ir jos pa\u010dios po\u017ei\u016bris \u012f santykius. <\/p>\n<p>\u201eKai br\u0119sti, pradedi netoleruoti tam tikr\u0173 dalyk\u0173\u201c, \u2013 sak\u0117 K. Kardashian. <\/p>\n<p>Santuoka, kuri paliko rand\u0173<\/p>\n<p>Kim ir Kanye susituok\u0117 2014 m. gegu\u017e\u0119, o j\u0173 skyryb\u0173 procesas buvo oficialiai u\u017ebaigtas 2022 m. lapkrit\u012f. Nuo to laiko garsi moteris tur\u0117jo tik vienus rimtesnius vie\u0161us santykius \u2013 su komiku Pete&#8217;u Davidsonu. Savo ruo\u017etu K. Westas, kaip \u017einia, kuria santykius su <a rel=\"noopener nofollow\" target=\"_blank\" href=\"https:\/\/www.delfi.lt\/temos\/bianca-censori\" tag-id=\"96605164\">Bianca Censori<\/a>. <\/p>\n<p>Tinklalaid\u0117s metu Kim i\u0161samiai papasakojo apie savo santuokos su Westu pabaig\u0105. Ji prisimin\u0117 laikus, kai band\u0117 palaikyti vyr\u0105, kai jis patyr\u0117 psichologini\u0173 sunkum\u0173, ra\u0161oma \u201ePeople\u201c. <\/p>\n<p>\u201eKai ka\u017ekas i\u0161gyvena pirm\u0105j\u0105 psichin\u0119 kriz\u0119, nori b\u016bti \u0161alia, pad\u0117ti. Bet, galiausiai, jis nebuvo pasiruo\u0161\u0119s keistis, o tai, mano manymu, b\u016bt\u0173 buv\u0119 labai sveika ir naudinga\u201c, \u2013 kalb\u0117jo ji. <\/p>\n<p>K. Kardashian pripa\u017eino, kad j\u0173dviej\u0173 santykiai tapo toksi\u0161ki. Ilgainiui, pasak moters, tai prad\u0117jo kenkti ne tik jai, bet ir j\u0173 vaikams.<\/p>\n<p>\u201eKai turi vaik\u0173, sunkiau i\u0161eiti, nei pasilikti. Tai pakei\u010dia vis\u0173 gyvenimus\u201c, \u2013 taip pat teig\u0117 ji, paai\u0161kindama, kad priimti sprendim\u0105 skirtis, visgi, nebuvo taip paprasta. <\/p>\n<p>Vis d\u0117lto, galiausiai \u0161\u012f \u017eingsn\u012f ji ir teig\u0117 \u017eengusi d\u0117l savo at\u017eal\u0173 \u2013 North (12), Saint (9), Chicago (7) ir Psalm (6). K. Kardashian sak\u0117, kad nor\u0117jo b\u016bti geras pavyzdys savo vaikams: \u201eKai mano psichin\u0117 sveikata prad\u0117jo blog\u0117ti, nebegal\u0117jau tinkamai b\u016bti mama, negal\u0117jau b\u016bti susitelkusi. Tur\u0117jau i\u0161gelb\u0117ti save, kad gal\u0117\u010diau b\u016bti geresn\u0117 mama visiems\u201c. <\/p>\n<p>Mylimojo elgesys k\u0117l\u0117 nerim\u0105<\/p>\n<p>Vienas i\u0161 Kim pasakojim\u0173 sulauk\u0117 ypatingo d\u0117mesio \u2013 ji pokalbio metu prisimin\u0117, kaip Kanye, i\u0161gyvendamas psichologi\u0161kai sud\u0117tingus epizodus, imdavosi impulsyvi\u0173 ir keist\u0173 veiksm\u0173. <\/p>\n<p>\u201eKart\u0105 gr\u012f\u017etu namo, o visos penkios m\u016bs\u0173 \u201eLamborghini\u201c ma\u0161inos \u2013 dingo. Klausiu: kur jos? Atsakymas buvo: atidaviau draugams. Tiesiog taip\u201c, \u2013 vien\u0105 toki\u0173 atvej\u0173 prisimin\u0117 K. Kardashian. <\/p>\n<p>Be to, ji teig\u0117, kad tam tikrais momentais jaut\u0117si nesaugi \u2013 ne tik fizi\u0161kai, bet ir emoci\u0161kai bei finansi\u0161kai. Be to, vie\u0161i Kanye pasisakymai prie\u0161 jos motin\u0105 Kris Jenner ir seseris es\u0105 taip pat prisid\u0117jo prie sprendimo skirtis. <\/p>\n<p>\u201eNe\u017einojau, kokios dienos sulauksiu. Tai labai neraminantis jausmas\u201c, \u2013 pripa\u017eino ji. <\/p>\n<p>Tiesa, nepaisant i\u0161gyvent\u0173 sunkum\u0173, kalb\u0117dama apie meil\u0119 Kim \u0161iandien nestokoja humoro. Ji laidoje pasakojo, kad jos vyriausioji dukt\u0117 North da\u017enai ragina j\u0105 v\u0117l pabandyti atrasti savo vienintel\u012f.<\/p>\n<p>\u201eJi man neseniai sako: mama, tau reikia vaikino \u2013 tu jau per sena, niekas su tuo nesitaikstys. A\u0161 tiesiog stoviu ir galvoju: k\u0105?\u201c \u2013 juok\u0117si K. Kardashian.  <\/p>\n<p>Naujas etapas ir serialo premjera<\/p>\n<p>\u0160iuo metu K. Kardashian laukia intensyvus laikotarpis. Spalio 23 dien\u0105 \u201eHulu\u201c platformoje startuoja 7-asis realyb\u0117s \u0161ou \u201eThe Kardashians\u201c sezonas, kuriame, kaip skelbiama, \u017ei\u016brovai i\u0161vys ir sunkias jos gyvenimo akimirkas, \u012fskaitant liudijim\u0105 Pary\u017eiuje po garsiojo 2016 m. apipl\u0117\u0161imo.<\/p>\n<p>Be to, lapkri\u010dio 4 dien\u0105 debiutuos naujas teisin\u0117s tematikos serialas \u201eAll\u2019s Fair\u201c, kuriame Kim pasirodys kartu su tokiais aktoriais, kaip Naomi Watts, Glenn Close, Sarah Paulson bei Teyana Taylor.<\/p>\n","protected":false},"excerpt":{"rendered":"Kaip skelbia \u201ePeople\u201c, interviu metu 44-eri\u0173 met\u0173 moteris pasakojo, kad, nepaisant visko, k\u0105 santykiuose su Westu jai teko&hellip;\n","protected":false},"author":2,"featured_media":20882,"comment_status":"","ping_status":"","sticky":false,"template":"","format":"standard","meta":{"footnotes":""},"categories":[21],"tags":[6754,113,6753,6752,37,39,36,38,40,114,953],"class_list":{"0":"post-20881","1":"post","2":"type-post","3":"status-publish","4":"format-standard","5":"has-post-thumbnail","7":"category-pramogos","8":"tag-bianca-censori","9":"tag-entertainment","10":"tag-kanye-westas","11":"tag-kim-kardashian","12":"tag-lietuva","13":"tag-lietuviu","14":"tag-lithuania","15":"tag-lithuanian","16":"tag-lt","17":"tag-pramogos","18":"tag-skyrybos"},"share_on_mastodon":{"url":"","error":""},"_links":{"self":[{"href":"https:\/\/www.europesays.com\/lt\/wp-json\/wp\/v2\/posts\/20881","targetHints":{"allow":["GET"]}}],"collection":[{"href":"https:\/\/www.europesays.com\/lt\/wp-json\/wp\/v2\/posts"}],"about":[{"href":"https:\/\/www.europesays.com\/lt\/wp-json\/wp\/v2\/types\/post"}],"author":[{"embeddable":true,"href":"https:\/\/www.europesays.com\/lt\/wp-json\/wp\/v2\/users\/2"}],"replies":[{"embeddable":true,"href":"https:\/\/www.europesays.com\/lt\/wp-json\/wp\/v2\/comments?post=20881"}],"version-history":[{"count":0,"href":"https:\/\/www.europesays.com\/lt\/wp-json\/wp\/v2\/posts\/20881\/revisions"}],"wp:featuredmedia":[{"embeddable":true,"href":"https:\/\/www.europesays.com\/lt\/wp-json\/wp\/v2\/media\/20882"}],"wp:attachment":[{"href":"https:\/\/www.europesays.com\/lt\/wp-json\/wp\/v2\/media?parent=20881"}],"wp:term":[{"taxonomy":"category","embeddable":true,"href":"https:\/\/www.europesays.com\/lt\/wp-json\/wp\/v2\/categories?post=20881"},{"taxonomy":"post_tag","embeddable":true,"href":"https:\/\/www.europesays.com\/lt\/wp-json\/wp\/v2\/tags?post=20881"}],"curies":[{"name":"wp","href":"https:\/\/api.w.org\/{rel}","templated":true}]}}