{"id":209015,"date":"2026-06-21T13:22:11","date_gmt":"2026-06-21T13:22:11","guid":{"rendered":"https:\/\/www.europesays.com\/lt\/209015\/"},"modified":"2026-06-21T13:22:11","modified_gmt":"2026-06-21T13:22:11","slug":"pro-kauna-praslinko-audra-judrioje-gatveje-sustojes-viesasis-transportas-ir-vejo-padariniai","status":"publish","type":"post","link":"https:\/\/www.europesays.com\/lt\/209015\/","title":{"rendered":"Pro Kaun\u0105 praslinko audra: judrioje gatv\u0117je \u2013 sustoj\u0119s vie\u0161asis transportas ir v\u0117jo padariniai"},"content":{"rendered":"<p>Sekmadien\u012f, kaip ir buvo prognozuota, pro Kaun\u0105 praslinko perk\u016bnija ir stiprus lietus, \u012fsismarkavo <a href=\"https:\/\/kaunas.kasvyksta.lt\/vejas\" title=\"V\u0117jas\" rel=\"nofollow noopener\" target=\"_blank\">v\u0117jas<\/a>. Su naujien\u0173 portalo \u201eKas vyksta Kaune\u201c redakcija susisiek\u0119s kaunietis pasidalijo ir pirmaisiais rimtesniais audros padariniais.\u201ePo gausaus lietaus Savanori\u0173 pr. ties Auk\u0161tai\u010di\u0173 g. ir Zanavyk\u0173 g. sankirta \u2013 tarnyb\u0173 sujudimas. Sustoj\u0119s <a href=\"https:\/\/kaunas.kasvyksta.lt\/viesasis-transportas\" title=\"Vie\u0161asis transportas\" rel=\"nofollow noopener\" target=\"_blank\">vie\u0161asis transportas<\/a> ir nutraukti elektros laidai ar tai troleibus\u0173 kontaktinis tinklas\u201c, \u2013 14.45 val. ra\u0161\u0117 vaizdo \u012fra\u0161u pasidalij\u0119s skaitytojas.<\/p>\n<p class=\"text-xs text-lightGray leading-6\">Skaitytojo vaizdo \u012fra\u0161as<\/p>\n<p>Jame matyti Savanori\u0173 prospekte stovintis vie\u0161asis transportas, aplau\u017eyti med\u017eiai bei vietoje dirbantys <a href=\"https:\/\/kaunas.kasvyksta.lt\/ugniagesiai\" title=\"Ugniagesiai\" rel=\"nofollow noopener\" target=\"_blank\">ugniagesiai<\/a> ir <a href=\"https:\/\/kaunas.kasvyksta.lt\/policija\" title=\"Policija\" rel=\"nofollow noopener\" target=\"_blank\">policija<\/a>. Pana\u0161u, kad \u0161alinami v\u0117jo padariniai \u2013 med\u017eio \u0161akos gal\u0117jo nutraukti elektros laidus.<\/p>\n<p>\u0160i\u0105 informacij\u0105 naujien\u0173 portalui \u201eKas vyksta Kaune\u201c patvirtino Kauno Prie\u0161gaisrin\u0117s gelb\u0117jimo tarnybos budintys ugniagesys.<\/p>\n<p>\u201eMedis nutrauk\u0117 troleibuso kontaktinius tinklus\u201c, \u2013 trumpai patikino gelb\u0117tojas.<\/p>\n<p>Pasiteiravus, ar mieste gauta daugiau prane\u0161im\u0173 d\u0117l audros padarini\u0173, ugniagesys nedaug\u017eod\u017eiavo.<\/p>\n<p>\u201eI\u0161va\u017eiav\u0119 vyrai \u012f Aleksot\u0105 ir Panemun\u0119, keli i\u0161kvietimai yra\u201c, \u2013 trumpai pakomentavo jis.<\/p>\n","protected":false},"excerpt":{"rendered":"Sekmadien\u012f, kaip ir buvo prognozuota, pro Kaun\u0105 praslinko perk\u016bnija ir stiprus lietus, \u012fsismarkavo v\u0117jas. Su naujien\u0173 portalo \u201eKas&hellip;\n","protected":false},"author":2,"featured_media":209016,"comment_status":"","ping_status":"","sticky":false,"template":"","format":"standard","meta":{"footnotes":"","_share_on_mastodon":"0"},"categories":[6],"tags":[25,31994,30,31,563,8253,34,35,24,1061,32,33,37,39,36,38,40,23,22,601,28,29,20870,26,27,6845,593,7996,688],"class_list":["post-209015","post","type-post","status-publish","format-standard","has-post-thumbnail","category-antrastes","tag-antrastes","tag-audros-padariniai","tag-breaking-news","tag-breakingnews","tag-eismas","tag-elektros-tinklai","tag-featured-news","tag-featurednews","tag-headlines","tag-kaunas","tag-latest-news","tag-latestnews","tag-lietuva","tag-lietuviu","tag-lithuania","tag-lithuanian","tag-lt","tag-naujienos","tag-news","tag-policija","tag-populiariausios-naujienos","tag-populiariausiosnaujienos","tag-savanoriu-prospektas","tag-top-stories","tag-topstories","tag-troleibusas","tag-ugniagesiai","tag-vejas","tag-viesasis-transportas"],"share_on_mastodon":{"url":"https:\/\/pubeurope.com\/@lt\/116788313859101437","error":""},"_links":{"self":[{"href":"https:\/\/www.europesays.com\/lt\/wp-json\/wp\/v2\/posts\/209015","targetHints":{"allow":["GET"]}}],"collection":[{"href":"https:\/\/www.europesays.com\/lt\/wp-json\/wp\/v2\/posts"}],"about":[{"href":"https:\/\/www.europesays.com\/lt\/wp-json\/wp\/v2\/types\/post"}],"author":[{"embeddable":true,"href":"https:\/\/www.europesays.com\/lt\/wp-json\/wp\/v2\/users\/2"}],"replies":[{"embeddable":true,"href":"https:\/\/www.europesays.com\/lt\/wp-json\/wp\/v2\/comments?post=209015"}],"version-history":[{"count":0,"href":"https:\/\/www.europesays.com\/lt\/wp-json\/wp\/v2\/posts\/209015\/revisions"}],"wp:featuredmedia":[{"embeddable":true,"href":"https:\/\/www.europesays.com\/lt\/wp-json\/wp\/v2\/media\/209016"}],"wp:attachment":[{"href":"https:\/\/www.europesays.com\/lt\/wp-json\/wp\/v2\/media?parent=209015"}],"wp:term":[{"taxonomy":"category","embeddable":true,"href":"https:\/\/www.europesays.com\/lt\/wp-json\/wp\/v2\/categories?post=209015"},{"taxonomy":"post_tag","embeddable":true,"href":"https:\/\/www.europesays.com\/lt\/wp-json\/wp\/v2\/tags?post=209015"}],"curies":[{"name":"wp","href":"https:\/\/api.w.org\/{rel}","templated":true}]}}