{"id":209220,"date":"2026-06-21T18:24:08","date_gmt":"2026-06-21T18:24:08","guid":{"rendered":"https:\/\/www.europesays.com\/lt\/209220\/"},"modified":"2026-06-21T18:24:08","modified_gmt":"2026-06-21T18:24:08","slug":"inga-ruginiene-kadaise-issauta-is-patrankos-ir-vel-bumptelejusi-ant-zemes-respublika-lt","status":"publish","type":"post","link":"https:\/\/www.europesays.com\/lt\/209220\/","title":{"rendered":"Inga Ruginien\u0117. Kadaise i\u0161\u0161auta i\u0161 patrankos ir v\u0117l bumptel\u0117jusi ant \u017eem\u0117s &#8211; Respublika.lt"},"content":{"rendered":"<p style=\"text-align: justify;\" class=\"desktop_banner\">\u00a0<\/p>\n<p>O toliau &#8211; tik\u0117tina, jog I.Ruginien\u0117 v\u0117l taps socialin\u0117s apsaugos ir darbo ministre.<\/p>\n<p>Nors b\u016bsimas premjeras Mindaugas Sinkevi\u010dius apie nauj\u0105 ministr\u0173 kabineto s\u0105stat\u0105 \u017eada pla\u010diau pakalb\u0117ti tik po Jonini\u0173.<\/p>\n<p>Tad iki Jonini\u0173 lieka klaustukas. Nors atsakym\u0105, kaip kokiame prastame detektyve, visi ir taip puikiai \u017eino. Lygiai taip pat, kaip visi \u017eino, jog artimiausiu metu I.Ruginien\u0117s \u0161eima prad\u0117s evakuacij\u0105 i\u0161 Turni\u0161ki\u0173. Kam teko kada nors kraustytis, \u017eino, kokia \u0161i proced\u016bra varginanti.<\/p>\n<p>Ar gaila?<\/p>\n<p>Savoti\u0161kai gaila! Moteris tapo savoti\u0161ka auka. Politini\u0173 aplinkybi\u0173, netik\u0117tum\u0173, socdem\u0173 drebuliuk\u0173 bei Gintauto Palucko \u201e\u017eem\u0117s dreb\u0117jim\u0173&#8221;. Tad 2025 m. rugpj\u016bt\u012f, kai i\u0161 premjeryst\u0117s vir\u0161\u016bn\u0117s driokstel\u0117jo ir \u017eemyn nudard\u0117jo G.Paluckas, jo partiet\u0117 Inga buvo i\u0161\u0161auta \u012f premjer\u0117s post\u0105 tarsi i\u0161 patrankos.<\/p>\n<p>S\u0117d\u0117k vir\u0161uje, imituok, vaidink, ka\u017ekaip kapstykis. Kol socdem\u0173 i\u0161kilieji vyrai gydysis savo \u017eaizdas. Taip sakant, pab\u016bk socialdemokratams laikinu kompresu. Kol M. Sinkevi\u010dius atsigaus po \u201e\u010dekiuk\u0173&#8221; ir sugalvos, kaip atsikratyti Remigijaus \u017demaitai\u010dio. Kol visi pamir\u0161 apsimelavusi\u0105 Vilij\u0105. Ir kol G.Paluckas galutinai susipainios ir taps kaip konkurentas nepavojingas.<\/p>\n<p>O Ingos, kaip galimos konkurent\u0117s, niekas i\u0161 socialdemokrat\u0173 vir\u0161\u016bn\u0117s ne\u012fsivaizdavo. Tad nutar\u0117 &#8211; kol kas, bi\u010diule Inga, darbuokis, laikykis! Kaitaliodama suknias, paltukus, \u0161varkiukus, skryb\u0117laites. Juk visiems, \u012fskaitant ir u\u017esienio sve\u010dius, maloniau \u017ei\u016br\u0117ti \u012f gra\u017ei\u0105 premjer\u0119. Tai lyg \u0161alies atvirukas.<\/p>\n<p>Tarkime, jei vietoje Italijos premjer\u0117s D\u017eord\u017eos Meloni (Giorgia Meloni) italams vadovaut\u0173 koks nors susirauk\u0119s d\u0117d\u0117, retas \u017einot\u0173 jo vard\u0105.<\/p>\n<p>Tad pirmoji i\u0161vada &#8211; I.Ruginien\u0117, nors ir tapusi savoti\u0161ka auka, vis vien atliko labai teigiam\u0105 Lietuvos valstyb\u0117s gra\u017eaus paveiksliuko funkcij\u0105. Ir \u0161i\u0105 funkcij\u0105 atliko bene s\u0117kmingiausiai i\u0161 vis\u0173 buvusi\u0173 Lietuvos valstyb\u0117s premjer\u0173. \u012eskaitant ir prie\u0161karinius.<\/p>\n<p>Nelemtoji rankin\u0117<\/p>\n<p>Kitas I.Ruginien\u0117s nuopelnas &#8211; ji tikrai nebuvo aroganti\u0161ka, nesity\u010diojo i\u0161 \u017emoni\u0173 ir nevaidino kietos profesional\u0117s. Nors ir tapo pirm\u0105ja ministr\u0173 kabineto vadove, vie\u0161ai u\u017epulta ne d\u0117l valstyb\u0117s skolos, infliacijos, bet d\u0117l banalios \u201eta\u0161\u0117s&#8221;.<\/p>\n<p>Tiksliau &#8211; \u201eFendi&#8221; rankin\u0117s, neva kainuojan\u010dios 5000 eur\u0173, kuri, kaip i\u0161ai\u0161k\u0117jo, buvo tik Italijoje pirkta kopija, kainuojanti 50 eur\u0173.<\/p>\n<p>Ar atsimenate nors vien\u0105 Lietuvos premjer\u0105\/-\u0119, kurie anks\u010diau b\u016bt\u0173 kamantin\u0117jami d\u0117l ka\u017ekokios rankin\u0117s, \u201eta\u0161\u0117s&#8221;, sodo krait\u0117s ar \u201eridikiulio&#8221;?<\/p>\n<p>Paprastai, kai kalbama apie supervalstybi\u0173 vadovus, domina tik j\u0173 lagamin\u0117liai su branduolinio ginklo mygtukais. O apie ne supervalstybi\u0173 vadov\u0173 rankines i\u0161 viso nekalbama.<\/p>\n<p>Ar kas Lietuvoje atsimena Dalios Grybauskait\u0117s, Ingridos \u0160imonyt\u0117s, Irenos Degutien\u0117s rankines? Niekas! Jei k\u0105 prisimena, tai brit\u0173 princesi\u0173 ir Astos Valentait\u0117s rankines.<\/p>\n<p>Li\u016bdnieji vilkikai<\/p>\n<p>I.Ruginien\u0117 puolama, jog d\u0117l balion\u0173 laikinai u\u017edar\u0117 sien\u0105 su Baltarusija ir taip pakenk\u0117 m\u016bs\u0173 ve\u017e\u0117jams. Baltarusijoje \u012fstrigo j\u0173 vilkikai.<\/p>\n<p>Matyt, ve\u017e\u0117jai teis\u016bs. Patyr\u0117 did\u017eiulius finansinius nuostolius. Ta\u010diau k\u0105 tuo metu, kai premjer\u0117 u\u017edarin\u0117jo sien\u0105, veik\u0117 jos 13 patar\u0117j\u0173 ir 6 biuro nariai? Gal\u0173 gale, k\u0105 veik\u0117 Lietuvos prezidentas, atitinkami ministrai ir Seimo atitinkami komitetai? K\u0105 veik\u0117 jos labiau patyr\u0119 partie\u010diai?<\/p>\n<p>Gal\u0173 gale, kai kalifas turi 13 viziri\u0173 ir b\u016br\u012f eunuch\u0173, net pasakose nebylojama, jog tik kalifas kaltas.<\/p>\n<p>Angl\u0173 kalba<\/p>\n<p>I.Ruginien\u0117 buvo puolama d\u0117l netaisyklingos lietuvi\u0173 kalbos. Na, ir kas? Donaldas Trampas (Donald Trump) visai lietuvi\u0161kai nemoka. Dar R.Ruginien\u0117 buvo puolama, kad per \u0160iaur\u0117s-Baltijos valstybi\u0173 a\u0161tuoneto susitikim\u0105 Estijoje blogai i\u0161tar\u0117 angli\u0161k\u0105 \u017eod\u012f circumstances (aplinkyb\u0117s).<\/p>\n<p>V\u0117lgi, na, ir kas? Tai \u012frodymas, jog Lietuva n\u0117ra Pakistanas, Banglade\u0161as, Gajana ir t.t.<\/p>\n<p>Nes geriausiai angl\u0173 kalb\u0105 moka buvusios brit\u0173 kolonijos. Juk a\u0161tuonetas d\u0117l I.Ruginien\u0117s tarties nesubyr\u0117jo? \u0160iaur\u0117 nuo Baltijos neat\u0161oko?<\/p>\n<p>Suprantu, jei I.Ruginien\u0117 b\u016bt\u0173 \u012f Estij\u0105 atsive\u017eusi tar\u0161kyn\u0119, paplep\u0117jusi apie maudym\u0105si \u0161&#8230; ar parod\u017eiusi did\u012fj\u012f pir\u0161t\u0105. \u0160tai tada b\u016bt\u0173 \u201ekonf\u016bzas&#8221;. Per \u012fkar\u0161t\u012f b\u016btume i\u0161dav\u0119 lietuvi\u0161kos vidaus politikos ypatumus.<\/p>\n<p>\u201e\u0160iurk\u0161tumas&#8221;<\/p>\n<p>Per vis\u0105 I.Ruginien\u0117s kadencij\u0105 prie jos buvo kabin\u0117jamasi d\u0117l smulkmen\u0173. \u012ekyriai blusin\u0117jamasi. Kai kam nepatiko ir tai, jog Seime prisiekdama I.Ruginien\u0117 nebaig\u0117 priesaikos \u017eod\u017eiais \u201eTepadeda man Dievas&#8221;.<\/p>\n<p>\u0160io sakinio nei\u0161tar\u0117 ir dar keli parlamentarai. O kam veidmainiauti, jei i\u0161 Dievo jokios pagalbos nesitiki? Kita vertus, jei per pamaldas neatsistoji, nes \u201eorganizmas nelabai draugauja su smilkalais&#8221;, lyg ir nelogi\u0161ka vykti \u012f Vatikan\u0105. Kita vertus, Vatikan\u0105 galima traktuoti kaip muziej\u0173, sukaupus\u012f t\u016bkstan\u010dius architekt\u016bros, tapybos, skulpt\u016bros \u0161edevr\u0173.<\/p>\n<p>Tod\u0117l visi\u0161kai nesistebiu, kod\u0117l premjer\u0117 su \u0161eima vyko pas popie\u017ei\u0173.<\/p>\n<p>Lygiai taip pat nesistebiu, kad I.Ruginien\u0117, kaip nustat\u0117 Vyriausioji tarnybin\u0117s etikos komisija (VTEK), \u0161iurk\u0161\u010diai supainiojo vie\u0161uosius ir priva\u010dius interesus.<\/p>\n<p>Pati, matyt, \u0161iurk\u0161\u010diai pasira\u0161\u0117 dokument\u0105, pagal kur\u012f jos vyras ir vaikai buvo \u012ftraukti \u012f oficialios delegacijos, vykstan\u010dios \u012f Vatikan\u0105, sud\u0117t\u012f. Tod\u0117l j\u0173 kelion\u0117s ir nakvyn\u0117s i\u0161laidos (apie 8 t\u016bkst. eur\u0173) buvo \u0161iurk\u0161\u010diai apmok\u0117tos Vyriausyb\u0117s kanceliarijos l\u0117\u0161omis.<\/p>\n<p>Tokiomis pat l\u0117\u0161omis buvo apmok\u0117ta ir I.Ruginien\u0117s bei jos vyro Vismanto kelion\u0117 \u012f Milano ir Kortinos \u017eiemos olimpines \u017eaidynes. Sumos, ai\u0161ku, ne milijonin\u0117s, bet premjer\u0117s vyrui ir vaikams nepriklausan\u010dios.<\/p>\n<p>Nesuprantu, kod\u0117l niekas i\u0161 I.Ruginien\u0117s aplinkos &#8211; 13-os patar\u0117j\u0173, 6-i\u0173 biuro nari\u0173 &#8211; jos nepaprotino, kad \u201ene pati pasira\u0161in\u0117k, bet \u012fgaliok kok\u012f nors pavaldin\u012f&#8221;. Pa\u017eeidin\u0117k \u0161velniai. Ne \u0161iurk\u0161\u010diai. Matyt, irgi nesusiprato.<\/p>\n<p>O kod\u0117l?<\/p>\n<p>Matyt, tod\u0117l jog m\u016bs\u0173 mentalitetas sako, jog ve\u017eioti savo \u0161eimas u\u017e valstyb\u0117s pinigus galima. Netgi patartina ve\u017etis vis\u0105 gimin\u0119 &#8211; pusbrolius, d\u0117dienes, tetas. Kad kuo daugiau gr\u012f\u017et\u0173 palaimint\u0173 ir gyvent\u0173 toliau palaimingai.<\/p>\n<p>Nes kokia tada nauda i\u0161 vald\u017eios, jei viskas draud\u017eiama ir nieko n\u0117ra palaimingo? Ni\u010dnieko? Tai ne vald\u017eia, o katorga!<\/p>\n<p>Tod\u0117l ir kol\u016bki\u0173 \u0161oferiai pirminink\u0173 \u201eVolgomis&#8221; ve\u017eiodavo apsipirkti, apsikirpti pirminink\u0173 vaikus ir pirmininkienes. O gamykl\u0173 vairuotojai &#8211; direktorienes ir j\u0173 anytas.<\/p>\n<p>Toli nuo t\u0173 laik\u0173 nenub\u0117gome. Tod\u0117l nieko keisto, jog m\u016bs\u0173 prezidentai, kaip tie pakel\u0117s \u201esm\u016btkeliai&#8221;, nuolat mus moralizavo, rypavo ir toliau rypauja.<\/p>\n<p>\u201eValdomi godulio ir savanaudi\u0161kumo&#8221;. \u201eLink\u0119 lengvab\u016bdi\u0161kai pamir\u0161ti ir paminti g\u0117r\u012f&#8221;. (Prezidento Gitano Naus\u0117dos parypavimas i\u0161 2026 m metinio prane\u0161imo).<\/p>\n<p>\u201eN\u0117ra paprasta m\u016bs\u0173 \u017emogui i\u0161laikyti pusiausvyr\u0105 tarp dvasini\u0173 ir moralini\u0173 vertybi\u0173 ir modernaus gyvenimo naujovi\u0173, materialini\u0173 pagund\u0173. Nesame i\u0161imtis. Visas pasaulis susiduria su pana\u0161iomis problemomis&#8221;. (Valdas Adamkus, dienora\u0161tis, 2005 12 31).<\/p>\n<p>\u201e\u012epro\u010dio gyventi valstyb\u0117s s\u0105skaita atsisakoma sunkiai&#8221;. \u201ePost\u0173 dalybos (&#8230;) virto ne kompetencij\u0173, o partini\u0173 interes\u0173 var\u017eybomis, d\u0117l kuri\u0173 \u0161i\u0105 \u017eiem\u0105 Seimo darbotvark\u0117je dominavo teisini\u0173 imunitet\u0173 klausimas&#8221;. (Dalios Grybauskait\u0117s metinis prane\u0161imas 2013 06 13).<\/p>\n<p>Pra\u0117jo 13 met\u0173.<\/p>\n<p>KAS PASIKEIT\u0116?<\/p>\n","protected":false},"excerpt":{"rendered":"\u00a0 O toliau &#8211; tik\u0117tina, jog I.Ruginien\u0117 v\u0117l taps socialin\u0117s apsaugos ir darbo ministre. Nors b\u016bsimas premjeras Mindaugas&hellip;\n","protected":false},"author":2,"featured_media":209221,"comment_status":"","ping_status":"","sticky":false,"template":"","format":"standard","meta":{"footnotes":"","_share_on_mastodon":"0"},"categories":[6],"tags":[32025,25,30,31,34,35,24,9079,1340,32,33,37,39,36,38,40,4835,23,22,1137,28,29,5286,32026,412,26,27,4428],"class_list":["post-209220","post","type-post","status-publish","format-standard","has-post-thumbnail","category-antrastes","tag-anglu","tag-antrastes","tag-breaking-news","tag-breakingnews","tag-featured-news","tag-featurednews","tag-headlines","tag-ispuoliai","tag-kalba","tag-latest-news","tag-latestnews","tag-lietuva","tag-lietuviu","tag-lithuania","tag-lithuanian","tag-lt","tag-ministre","tag-naujienos","tag-news","tag-opozicija","tag-populiariausios-naujienos","tag-populiariausiosnaujienos","tag-premjere","tag-rankinukas","tag-ruginiene","tag-top-stories","tag-topstories","tag-vatikanas"],"share_on_mastodon":{"url":"https:\/\/pubeurope.com\/@lt\/116789501344972736","error":""},"_links":{"self":[{"href":"https:\/\/www.europesays.com\/lt\/wp-json\/wp\/v2\/posts\/209220","targetHints":{"allow":["GET"]}}],"collection":[{"href":"https:\/\/www.europesays.com\/lt\/wp-json\/wp\/v2\/posts"}],"about":[{"href":"https:\/\/www.europesays.com\/lt\/wp-json\/wp\/v2\/types\/post"}],"author":[{"embeddable":true,"href":"https:\/\/www.europesays.com\/lt\/wp-json\/wp\/v2\/users\/2"}],"replies":[{"embeddable":true,"href":"https:\/\/www.europesays.com\/lt\/wp-json\/wp\/v2\/comments?post=209220"}],"version-history":[{"count":0,"href":"https:\/\/www.europesays.com\/lt\/wp-json\/wp\/v2\/posts\/209220\/revisions"}],"wp:featuredmedia":[{"embeddable":true,"href":"https:\/\/www.europesays.com\/lt\/wp-json\/wp\/v2\/media\/209221"}],"wp:attachment":[{"href":"https:\/\/www.europesays.com\/lt\/wp-json\/wp\/v2\/media?parent=209220"}],"wp:term":[{"taxonomy":"category","embeddable":true,"href":"https:\/\/www.europesays.com\/lt\/wp-json\/wp\/v2\/categories?post=209220"},{"taxonomy":"post_tag","embeddable":true,"href":"https:\/\/www.europesays.com\/lt\/wp-json\/wp\/v2\/tags?post=209220"}],"curies":[{"name":"wp","href":"https:\/\/api.w.org\/{rel}","templated":true}]}}