{"id":209222,"date":"2026-06-21T18:28:12","date_gmt":"2026-06-21T18:28:12","guid":{"rendered":"https:\/\/www.europesays.com\/lt\/209222\/"},"modified":"2026-06-21T18:28:12","modified_gmt":"2026-06-21T18:28:12","slug":"izraelio-gyventojai-mano-kad-kara-laimejo-iranas","status":"publish","type":"post","link":"https:\/\/www.europesays.com\/lt\/209222\/","title":{"rendered":"Izraelio gyventojai mano, kad kar\u0105 laim\u0117jo Iranas"},"content":{"rendered":"<p>Jeruzal\u0117s hebraj\u0173 universiteto kartu su Agamo institutu bir\u017eelio 17\u201320 d. atlikta 3644 respondent\u0173 <a rel=\"noopener nofollow\" target=\"_blank\" href=\"https:\/\/www.delfi.lt\/temos\/apklausa\" tag-id=\"53860713\">apklausa<\/a> atskleid\u017eia ni\u016brias \u0161alies visuomen\u0117s nuotaikas po JAV ir Irano susitarimo.<\/p>\n<p>92,1 proc. apklaust\u0173j\u0173 teig\u0117, kad <a rel=\"noopener nofollow\" target=\"_blank\" href=\"https:\/\/www.delfi.lt\/temos\/iranas\" tag-id=\"51347403\">Iranas<\/a> laim\u0117jo arba gavo daugiau i\u0161 \u0161io <a rel=\"noopener nofollow\" target=\"_blank\" href=\"https:\/\/www.delfi.lt\/temos\/irano-karas\" tag-id=\"96616870\">konflikto<\/a>, o 82,9 proc. tikino, kad <a rel=\"noopener nofollow\" target=\"_blank\" href=\"https:\/\/www.delfi.lt\/temos\/izraelis\" tag-id=\"21801518\">Izraelio<\/a> saugumas ilgalaik\u0117je perspektyvoje susilpn\u0117jo.<\/p>\n<p>Apklausa parod\u0117, kad net tarp de\u0161in\u012fj\u012f blok\u0105 palaikan\u010di\u0173 rink\u0117j\u0173 \u2013 premjero Benjamino Netanyahu elektorato \u00a0\u2013 93,1 proc. mano, kad laim\u0117jo Iranas.<\/p>\n<p>JAV ir Irano susitarimui pla\u010diai nepritariama: jam prie\u0161taravo 63,2 proc. respondent\u0173, palyginti su vos 12,1 proc., i\u0161rei\u0161kusi\u0173 pritarim\u0105.<\/p>\n<p>Apklausos rezultatai atskleid\u017eia platesn\u0119 pasitik\u0117jimo Izraelio vadovybe kriz\u0119.<\/p>\n<p>Beveik trys ketvirtadaliai apklaust\u0173j\u0173, t. y. 72,5 proc., teig\u0117 netikintys B. Netanyahu teiginiais apie karin\u0117s kampanijos pasiekimus, o 56,4 proc. jo kampanijos valdym\u0105 \u012fvertino kaip \u201e\u017elugus\u012f\u201c arba \u201eprast\u0105\u201c.<\/p>\n<p>Apklausa taip pat parod\u0117 politin\u0119 kain\u0105, kuri\u0105 sumok\u0117jo B. Netanyahu \u2013 jo, kaip ministro pirmininko, reitingas smarkiai nukrito nuo 40,5 proc. kovo prad\u017eioje iki 29,4 proc. bir\u017eel\u012f.<\/p>\n<p>Visgi apklausa taip pat atskleid\u0117 nebl\u0117stant\u012f palaikym\u0105 kariniams veiksmams prie\u0161 grupuot\u0119 \u201eHezbollah\u201c Libane.<\/p>\n<p>Beveik pus\u0117 respondent\u0173 \u2013 48,2 proc. \u2013 pritar\u0117 nauj\u0173 didelio masto karini\u0173 veiksm\u0173 prie\u0161 \u201eHezbollah\u201c Libane atnaujinimui, net jei d\u0117l to kilt\u0173 konfrontacijos su Va\u0161ingtonu rizika. Prie\u0161 tok\u012f \u017eingsn\u012f pasisak\u0117 vos 21 proc. apklaust\u0173j\u0173.<\/p>\n<p>Derybos d\u0117l laikinojo Irano ir JAV susitarimo pavertimo nuolatiniu vyksta \u0160veicarijoje sekmadien\u012f, nepaisant derybas galin\u010dio su\u017elugdyti konflikto Libane.<\/p>\n<p>Va\u0161ingtonas penktadien\u012f paskelb\u0117 apie atnaujintas paliaubas \u0161ioje teritorijoje po to, kai Izraelio kariai susir\u0117m\u0117 su \u201eHezbollah\u201c kovotojais Piet\u0173 Libane, o abi pus\u0117s dar kart\u0105 kaltino viena kit\u0105 d\u0117l paliaub\u0173 pa\u017eeidimo.<\/p>\n","protected":false},"excerpt":{"rendered":"Jeruzal\u0117s hebraj\u0173 universiteto kartu su Agamo institutu bir\u017eelio 17\u201320 d. atlikta 3644 respondent\u0173 apklausa atskleid\u017eia ni\u016brias \u0161alies visuomen\u0117s&hellip;\n","protected":false},"author":2,"featured_media":209223,"comment_status":"","ping_status":"","sticky":false,"template":"","format":"standard","meta":{"footnotes":"","_share_on_mastodon":"0"},"categories":[15],"tags":[25,359,4747,30,31,34,35,24,79,22271,553,32,33,37,39,36,38,40,23,22,44,28,29,26,27,74,75,76],"class_list":["post-209222","post","type-post","status-publish","format-standard","has-post-thumbnail","category-pasaulis","tag-antrastes","tag-apklausa","tag-artimieji-rytai","tag-breaking-news","tag-breakingnews","tag-featured-news","tag-featurednews","tag-headlines","tag-iranas","tag-irano-karas","tag-izraelis","tag-latest-news","tag-latestnews","tag-lietuva","tag-lietuviu","tag-lithuania","tag-lithuanian","tag-lt","tag-naujienos","tag-news","tag-pasaulis","tag-populiariausios-naujienos","tag-populiariausiosnaujienos","tag-top-stories","tag-topstories","tag-world","tag-world-news","tag-worldnews"],"share_on_mastodon":{"url":"https:\/\/pubeurope.com\/@lt\/116789516891311680","error":""},"_links":{"self":[{"href":"https:\/\/www.europesays.com\/lt\/wp-json\/wp\/v2\/posts\/209222","targetHints":{"allow":["GET"]}}],"collection":[{"href":"https:\/\/www.europesays.com\/lt\/wp-json\/wp\/v2\/posts"}],"about":[{"href":"https:\/\/www.europesays.com\/lt\/wp-json\/wp\/v2\/types\/post"}],"author":[{"embeddable":true,"href":"https:\/\/www.europesays.com\/lt\/wp-json\/wp\/v2\/users\/2"}],"replies":[{"embeddable":true,"href":"https:\/\/www.europesays.com\/lt\/wp-json\/wp\/v2\/comments?post=209222"}],"version-history":[{"count":0,"href":"https:\/\/www.europesays.com\/lt\/wp-json\/wp\/v2\/posts\/209222\/revisions"}],"wp:featuredmedia":[{"embeddable":true,"href":"https:\/\/www.europesays.com\/lt\/wp-json\/wp\/v2\/media\/209223"}],"wp:attachment":[{"href":"https:\/\/www.europesays.com\/lt\/wp-json\/wp\/v2\/media?parent=209222"}],"wp:term":[{"taxonomy":"category","embeddable":true,"href":"https:\/\/www.europesays.com\/lt\/wp-json\/wp\/v2\/categories?post=209222"},{"taxonomy":"post_tag","embeddable":true,"href":"https:\/\/www.europesays.com\/lt\/wp-json\/wp\/v2\/tags?post=209222"}],"curies":[{"name":"wp","href":"https:\/\/api.w.org\/{rel}","templated":true}]}}