{"id":209505,"date":"2026-06-22T07:01:09","date_gmt":"2026-06-22T07:01:09","guid":{"rendered":"https:\/\/www.europesays.com\/lt\/209505\/"},"modified":"2026-06-22T07:01:09","modified_gmt":"2026-06-22T07:01:09","slug":"prahoje-protestai-pries-visuomenino-transliuotojo-reforma","status":"publish","type":"post","link":"https:\/\/www.europesays.com\/lt\/209505\/","title":{"rendered":"Prahoje \u2013 protestai prie\u0161 visuomenino transliuotojo reform\u0105"},"content":{"rendered":"<p>Pasak \u017einiasklaidos, demonstrantai susirinko prie visuomeninio transliuotojo b\u016bstin\u0117s. Milijardierius A. Babi\u0161as, be kita ko, prie\u0161 tai parei\u0161k\u0117, kad transliuotojas turi pakankamai potencialo sutaupyti. Jam skiriam\u0173 l\u0117\u0161\u0173 suma es\u0105 bus ma\u017eesn\u0117 nei dabar. Politin\u0117s \u012ftakos nebus, \u017ead\u0117jo premjeras.<\/p>\n<p>\u017dmones \u012f miting\u0105 sukviet\u0117 jud\u0117jimas \u201eMilijonas akimirk\u0173 u\u017e demokratij\u0105\u201c, kuris jau gegu\u017e\u0119 pana\u0161ius protesto mitingus organizavo visuose dideliuose \u010cekijos miestuose. Organizatoriai ir oratoriai \u012fsp\u0117jo, kad visuomeninis transliuotojas bus paverstas vyriausyb\u0117s ruporu.<\/p>\n<p>\u201eLaisvai visuomenei reikia laisvos \u017einiasklaidos\u201c, \u2013 buvo para\u0161yta ant vieno i\u0161 plakat\u0173.<\/p>\n<p>Protestuotojai ragino kult\u016bros ministr\u0105 Ot\u0105 Klemp\u00ed\u0159\u0105 i\u0161 de\u0161iniosios populistin\u0117s Motorist\u0173 partijos at\u0161aukti vyriausyb\u0117s planus ir pa\u010diam atsistatydinti. Visuomeninio transliuotojo darbuotojai ant savo pastato i\u0161skleid\u0117 transparant\u0105 su pad\u0117ka susirinkusiems \u017emon\u0117m: \u201eA\u010di\u016b jums!\u201c Pirmadien\u012f \u010cT ir \u010cro darbuotojai planuoja \u012fsp\u0117jam\u0105j\u012f streik\u0105.<\/p>\n<p>Nuo gruod\u017eio \u010cekij\u0105 valdo koalicija, kuri\u0105 sudaro A. Babi\u0161o de\u0161iniojo sparno populistin\u0117 partija \u201eANO\u201c, kra\u0161tutin\u0117s de\u0161in\u0117s partija \u201eLaisv\u0117 ir tiesiogin\u0117 demokratija\u201c (SPD) bei Motorist\u0173 partija.<\/p>\n","protected":false},"excerpt":{"rendered":"Pasak \u017einiasklaidos, demonstrantai susirinko prie visuomeninio transliuotojo b\u016bstin\u0117s. Milijardierius A. Babi\u0161as, be kita ko, prie\u0161 tai parei\u0161k\u0117, kad&hellip;\n","protected":false},"author":2,"featured_media":209506,"comment_status":"","ping_status":"","sticky":false,"template":"","format":"standard","meta":{"footnotes":"","_share_on_mastodon":"0"},"categories":[15],"tags":[25,30,31,3167,3346,34,35,24,32,33,37,39,36,38,40,23,22,44,28,29,1719,26,27,74,75,76],"class_list":["post-209505","post","type-post","status-publish","format-standard","has-post-thumbnail","category-pasaulis","tag-antrastes","tag-breaking-news","tag-breakingnews","tag-cekija","tag-elta-uzsienio-naujiena","tag-featured-news","tag-featurednews","tag-headlines","tag-latest-news","tag-latestnews","tag-lietuva","tag-lietuviu","tag-lithuania","tag-lithuanian","tag-lt","tag-naujienos","tag-news","tag-pasaulis","tag-populiariausios-naujienos","tag-populiariausiosnaujienos","tag-protestas","tag-top-stories","tag-topstories","tag-world","tag-world-news","tag-worldnews"],"share_on_mastodon":{"url":"https:\/\/pubeurope.com\/@lt\/116792477937980303","error":""},"_links":{"self":[{"href":"https:\/\/www.europesays.com\/lt\/wp-json\/wp\/v2\/posts\/209505","targetHints":{"allow":["GET"]}}],"collection":[{"href":"https:\/\/www.europesays.com\/lt\/wp-json\/wp\/v2\/posts"}],"about":[{"href":"https:\/\/www.europesays.com\/lt\/wp-json\/wp\/v2\/types\/post"}],"author":[{"embeddable":true,"href":"https:\/\/www.europesays.com\/lt\/wp-json\/wp\/v2\/users\/2"}],"replies":[{"embeddable":true,"href":"https:\/\/www.europesays.com\/lt\/wp-json\/wp\/v2\/comments?post=209505"}],"version-history":[{"count":0,"href":"https:\/\/www.europesays.com\/lt\/wp-json\/wp\/v2\/posts\/209505\/revisions"}],"wp:featuredmedia":[{"embeddable":true,"href":"https:\/\/www.europesays.com\/lt\/wp-json\/wp\/v2\/media\/209506"}],"wp:attachment":[{"href":"https:\/\/www.europesays.com\/lt\/wp-json\/wp\/v2\/media?parent=209505"}],"wp:term":[{"taxonomy":"category","embeddable":true,"href":"https:\/\/www.europesays.com\/lt\/wp-json\/wp\/v2\/categories?post=209505"},{"taxonomy":"post_tag","embeddable":true,"href":"https:\/\/www.europesays.com\/lt\/wp-json\/wp\/v2\/tags?post=209505"}],"curies":[{"name":"wp","href":"https:\/\/api.w.org\/{rel}","templated":true}]}}