{"id":209966,"date":"2026-06-22T15:25:10","date_gmt":"2026-06-22T15:25:10","guid":{"rendered":"https:\/\/www.europesays.com\/lt\/209966\/"},"modified":"2026-06-22T15:25:10","modified_gmt":"2026-06-22T15:25:10","slug":"pistorius-lankosi-pabradeje-nematau-poreikio-papildomam-susitarimui","status":"publish","type":"post","link":"https:\/\/www.europesays.com\/lt\/209966\/","title":{"rendered":"Pistorius lankosi Pabrad\u0117je: nematau poreikio papildomam susitarimui"},"content":{"rendered":"<p>\u201eSvarbiausias dalykas n\u0117ra susitarimai \u2013 svarbiausia yra treniruotis kartu. Treniruotis ir likti ant Lietuvos \u017eem\u0117s\u201c, \u2013 pirmadien\u012f \u017eurnalistams teig\u0117 R. Kaunas.\u00a0<\/p>\n<p>Geriausias dvi\u0161alio bendradarbiavimo \u012frodymas<\/p>\n<p>Savo ruo\u017etu spaudos konferencijoje dalyvav\u0119s Vokietijos gynybos ministras Borisas Pistorius teig\u0117, jog tai, kad Vokietijos brigada yra dislokuojama Lietuvoje, yra geriausias dvi\u0161alio bendradarbiavimo \u012frodymas.\u00a0<\/p>\n<p>\u201eKas \u012frodo dvi\u0161al\u012f bendradarbiavim\u0105 tarp Vokietijos ir Lietuvos geriau nei Vokietijos brigada \u010dia, Lietuvoje, kuri bus pasirengusi kovoti iki 2027-\u0173j\u0173 pabaigos. Tod\u0117l a\u0161 nematau poreikio papildomam susitarimui, kalbant apie saugum\u0105 ir kolektyvin\u0119 gynyb\u0105\u201c, \u2013 nurod\u0117 B. Pistorius.<\/p>\n<p>Vokietija ir Lenkija pasira\u0161\u0117 susitarim\u0105<\/p>\n<p>Kaip skelbta, pra\u0117jusi\u0105 savait\u0119 Vokietijos naujien\u0173 agent\u016bra DPA prane\u0161\u0117 apie pasira\u0161yt\u0105 Vokietijos ir Lenkijos susitarim\u0105, kuriuo siekiama sustiprinti karin\u012f \u0161i\u0173 \u0161ali\u0173 bendradarbiavim\u0105.\u00a0<\/p>\n<p>\u0160\u012f susitarim\u0105 pasira\u0161\u0117 Lenkijos gynybos ministras Wladyslawas Kosiniakas-Kamyszas bei Vokietijos gynybos ministras B. Pistorius.\u00a0<\/p>\n<p>    <img decoding=\"async\" src=\"https:\/\/www.europesays.com\/lt\/wp-content\/uploads\/2026\/06\/1782141910_189_2550636c-dd22-4018-bbaf-d8cb5954a443.jpg\" loading=\"lazy\" alt=\"Vokietijos gynybos ministro Boriso Pistoriuso vizitas Pabrad\u0117je\"\/>    <\/p>\n<p>Vokietijos vyriausyb\u0117 pa\u017eym\u0117jo, kad susitarimas pabr\u0117\u017eia abiej\u0173 \u0161ali\u0173 \u012fsipareigojim\u0105 teikti savitarpio pagalb\u0105 Europos S\u0105jungos ir NATO strukt\u016brose.\u00a0<\/p>\n<p>Savo ruo\u017etu Lenkijos gynybos ministerija ypa\u010d akcentavo karin\u0117s logistikos ir infrastrukt\u016bros, bendradarbiavimo Baltijos j\u016bros regione ir kibernetinio saugumo sritis.<\/p>\n<p>Berlynas ir Var\u0161uva taip pat siekia glaud\u017eiau bendradarbiauti karini\u0173 paj\u0117gum\u0173 ir gynybos pramon\u0117s srityse bei pl\u0117sti bendras karines pratybas.<\/p>\n<p>\u012e Lietuv\u0105 bus perkelta apie 5 t\u016bkst. Vokietijos kari\u0173 ir civili\u0173<\/p>\n<p>ELTA primena, kad Berlynas 2022 met\u0173 vasar\u0105 \u012fsipareigojo Lietuvoje dislokuoti brigados dyd\u017eio karin\u012f vienet\u0105. I\u0161 viso \u012f Lietuv\u0105 ketinama perkelti apie 5 t\u016bkst. Vokietijos brigados kari\u0173 ir civili\u0173. Dalis j\u0173 atvyks su savo \u0161eimomis.<\/p>\n<p>Planuota, kad iki 2026 met\u0173 \u012f Lietuv\u0105 bus perkelta did\u017eioji brigados dalis. Vokietijos gynybos ministro B. Pistoriuso teigimu, piln\u0105 operacin\u012f paj\u0117gum\u0105 brigada \u012fgis 2027 metais.<\/p>\n","protected":false},"excerpt":{"rendered":"\u201eSvarbiausias dalykas n\u0117ra susitarimai \u2013 svarbiausia yra treniruotis kartu. Treniruotis ir likti ant Lietuvos \u017eem\u0117s\u201c, \u2013 pirmadien\u012f \u017eurnalistams&hellip;\n","protected":false},"author":2,"featured_media":209967,"comment_status":"","ping_status":"","sticky":false,"template":"","format":"standard","meta":{"footnotes":"","_share_on_mastodon":"0"},"categories":[15],"tags":[25,30,31,34,35,224,24,32,33,37,39,36,38,40,23,22,44,28,29,26,27,74,75,76],"class_list":["post-209966","post","type-post","status-publish","format-standard","has-post-thumbnail","category-pasaulis","tag-antrastes","tag-breaking-news","tag-breakingnews","tag-featured-news","tag-featurednews","tag-gynyba","tag-headlines","tag-latest-news","tag-latestnews","tag-lietuva","tag-lietuviu","tag-lithuania","tag-lithuanian","tag-lt","tag-naujienos","tag-news","tag-pasaulis","tag-populiariausios-naujienos","tag-populiariausiosnaujienos","tag-top-stories","tag-topstories","tag-world","tag-world-news","tag-worldnews"],"share_on_mastodon":{"url":"https:\/\/pubeurope.com\/@lt\/116794459960739988","error":""},"_links":{"self":[{"href":"https:\/\/www.europesays.com\/lt\/wp-json\/wp\/v2\/posts\/209966","targetHints":{"allow":["GET"]}}],"collection":[{"href":"https:\/\/www.europesays.com\/lt\/wp-json\/wp\/v2\/posts"}],"about":[{"href":"https:\/\/www.europesays.com\/lt\/wp-json\/wp\/v2\/types\/post"}],"author":[{"embeddable":true,"href":"https:\/\/www.europesays.com\/lt\/wp-json\/wp\/v2\/users\/2"}],"replies":[{"embeddable":true,"href":"https:\/\/www.europesays.com\/lt\/wp-json\/wp\/v2\/comments?post=209966"}],"version-history":[{"count":0,"href":"https:\/\/www.europesays.com\/lt\/wp-json\/wp\/v2\/posts\/209966\/revisions"}],"wp:featuredmedia":[{"embeddable":true,"href":"https:\/\/www.europesays.com\/lt\/wp-json\/wp\/v2\/media\/209967"}],"wp:attachment":[{"href":"https:\/\/www.europesays.com\/lt\/wp-json\/wp\/v2\/media?parent=209966"}],"wp:term":[{"taxonomy":"category","embeddable":true,"href":"https:\/\/www.europesays.com\/lt\/wp-json\/wp\/v2\/categories?post=209966"},{"taxonomy":"post_tag","embeddable":true,"href":"https:\/\/www.europesays.com\/lt\/wp-json\/wp\/v2\/tags?post=209966"}],"curies":[{"name":"wp","href":"https:\/\/api.w.org\/{rel}","templated":true}]}}