{"id":210142,"date":"2026-06-22T18:40:17","date_gmt":"2026-06-22T18:40:17","guid":{"rendered":"https:\/\/www.europesays.com\/lt\/210142\/"},"modified":"2026-06-22T18:40:17","modified_gmt":"2026-06-22T18:40:17","slug":"dieveniskiu-kilpoje-vsat-pareigunai-nutupde-kontrabandininku-lektuveli","status":"publish","type":"post","link":"https:\/\/www.europesays.com\/lt\/210142\/","title":{"rendered":"Dieveni\u0161ki\u0173 kilpoje VSAT pareig\u016bnai nutupd\u0117 kontrabandinink\u0173 l\u0117ktuv\u0117l\u012f"},"content":{"rendered":"<p>Sekmadienio nakt\u012f VSAT Var\u0117nos pasienio rinktin\u0117s Gintaro \u017dagunio pasienio u\u017ekardos pareig\u016bnai prie pat sienos su Baltarusija \u0160al\u010dinink\u0173 rajone, vadinamosios Dieveni\u0161ki\u0173 kilpos teritorijoje, panaudojo turim\u0105 antidronin\u0119 \u012frang\u0105.<\/p>\n<p>Tai pasienie\u010diai padar\u0117 i\u0161gird\u0119 skrendan\u010dio objekto, kuriuo, \u012ftariama, i\u0161 Baltarusijos gabenta r\u016bkal\u0173 kontrabanda, gars\u0105. Bepilotis buvo paveiktas VSAT \u012frangos. Jis tamsoje leisdamasis \u0117m\u0117 sukti ratus ir po kurio laiko krito toliau nuo vietos, kur prie pat sienos buvo Gintaro \u017dagunio u\u017ekardos pasienie\u010diai.<\/p>\n<p>\u201eVSAT pareig\u016bnai blokavo rajon\u0105 ir \u0117m\u0117si paie\u0161kos. Pary\u010diais jau pra\u0161vitus kontrabandinink\u0173 fiksuoto sparno savadarbis l\u0117ktuv\u0117lis buvo aptiktas nukrit\u0119s laukuose. \u0160alia driek\u0117si suveik\u0119s l\u0117ktuv\u0117lio para\u0161iutas. \u012etariama, kad jis i\u0161siskleid\u0117 i\u0161sekus skraidykl\u0117s baterijoms. Tokiu atveju para\u0161iutas j\u0105 nuleid\u017eia ant \u017eem\u0117s siekiant i\u0161saugoti sveik\u0105, kaip nutiko ir \u0161iuo atveju.<\/p>\n<p>L\u0117ktuv\u0117lio korpuse yra ertm\u0117, \u012ftariama, skirta kontrabandiniams r\u016bkalams skraidinti ir juos i\u0161mesti tam tikru laiku. Tik\u0117tina, kad tai gal\u0117jo b\u016bti padaryta skryd\u017eio nakt\u012f metu, tod\u0117l pirmadien\u012f pasienie\u010diai t\u0119s\u0117 tokio krovinio paie\u0161kas aplinkin\u0117se vietov\u0117se\u201c, \u2013 prane\u0161a VSAT.<\/p>\n<p>I\u0161 putplas\u010dio ir med\u017eio pagaminto l\u0117ktuv\u0117lio sparn\u0173 plotis siekia 3 metrus. Pana\u0161i\u0173 kontrabandai gabenti skirt\u0173 savadarbi\u0173 skraidykli\u0173 pasienie\u010diai antidronine \u012franga yra per\u0117m\u0119 ir anks\u010diau.<\/p>\n<p>\u0160iemet pasienie\u010diai jau nutupd\u0117 25 kontrabandinink\u0173 skraidykles, skirtas r\u016bkalams i\u0161 Baltarusijos gabenti. Pernai per visus metus VSAT pareig\u016bnai per\u0117m\u0117 59 i\u0161 Baltarusijos \u012fskridusius dronus. 2024 m. buvo perimtos 54 tokios skraidykl\u0117s.<\/p>\n","protected":false},"excerpt":{"rendered":"Sekmadienio nakt\u012f VSAT Var\u0117nos pasienio rinktin\u0117s Gintaro \u017dagunio pasienio u\u017ekardos pareig\u016bnai prie pat sienos su Baltarusija \u0160al\u010dinink\u0173 rajone,&hellip;\n","protected":false},"author":2,"featured_media":210143,"comment_status":"","ping_status":"","sticky":false,"template":"","format":"standard","meta":{"footnotes":"","_share_on_mastodon":"0"},"categories":[13],"tags":[25,30,31,34,35,24,2960,32,33,37,39,36,38,40,23,22,28,29,26,27],"class_list":["post-210142","post","type-post","status-publish","format-standard","has-post-thumbnail","category-lietuva","tag-antrastes","tag-breaking-news","tag-breakingnews","tag-featured-news","tag-featurednews","tag-headlines","tag-kontrabanda","tag-latest-news","tag-latestnews","tag-lietuva","tag-lietuviu","tag-lithuania","tag-lithuanian","tag-lt","tag-naujienos","tag-news","tag-populiariausios-naujienos","tag-populiariausiosnaujienos","tag-top-stories","tag-topstories"],"share_on_mastodon":{"url":"https:\/\/pubeurope.com\/@lt\/116795226591883582","error":""},"_links":{"self":[{"href":"https:\/\/www.europesays.com\/lt\/wp-json\/wp\/v2\/posts\/210142","targetHints":{"allow":["GET"]}}],"collection":[{"href":"https:\/\/www.europesays.com\/lt\/wp-json\/wp\/v2\/posts"}],"about":[{"href":"https:\/\/www.europesays.com\/lt\/wp-json\/wp\/v2\/types\/post"}],"author":[{"embeddable":true,"href":"https:\/\/www.europesays.com\/lt\/wp-json\/wp\/v2\/users\/2"}],"replies":[{"embeddable":true,"href":"https:\/\/www.europesays.com\/lt\/wp-json\/wp\/v2\/comments?post=210142"}],"version-history":[{"count":0,"href":"https:\/\/www.europesays.com\/lt\/wp-json\/wp\/v2\/posts\/210142\/revisions"}],"wp:featuredmedia":[{"embeddable":true,"href":"https:\/\/www.europesays.com\/lt\/wp-json\/wp\/v2\/media\/210143"}],"wp:attachment":[{"href":"https:\/\/www.europesays.com\/lt\/wp-json\/wp\/v2\/media?parent=210142"}],"wp:term":[{"taxonomy":"category","embeddable":true,"href":"https:\/\/www.europesays.com\/lt\/wp-json\/wp\/v2\/categories?post=210142"},{"taxonomy":"post_tag","embeddable":true,"href":"https:\/\/www.europesays.com\/lt\/wp-json\/wp\/v2\/tags?post=210142"}],"curies":[{"name":"wp","href":"https:\/\/api.w.org\/{rel}","templated":true}]}}