{"id":210360,"date":"2026-06-23T03:10:40","date_gmt":"2026-06-23T03:10:40","guid":{"rendered":"https:\/\/www.europesays.com\/lt\/210360\/"},"modified":"2026-06-23T03:10:40","modified_gmt":"2026-06-23T03:10:40","slug":"visa-payments-forum-paryziuje-birzelio-30-d","status":"publish","type":"post","link":"https:\/\/www.europesays.com\/lt\/210360\/","title":{"rendered":"\u201eVisa Payments Forum\u201c Pary\u017eiuje \u2013 bir\u017eelio 30 d."},"content":{"rendered":"<p>Reklama<\/p>\n<p><a href=\"https:\/\/upesezerai.lt\/\" target=\"_blank\" rel=\"noopener sponsored nofollow\" class=\"block w-full text-center hover:opacity-90 transition-opacity\"><img src=\"https:\/\/www.europesays.com\/lt\/wp-content\/uploads\/2026\/06\/1782139153_5_riverways-lt.webp\" class=\"mx-auto rounded-lg shadow-sm\" alt=\"Banner\" loading=\"lazy\" decoding=\"async\" fetchpriority=\"low\" width=\"300\" height=\"250\"\/><\/a><\/p>\n<p>Bir\u017eelio 30 d. \u201eParis Convention Centre\u201c Pary\u017eiuje vyks \u201eVisa Payments Forum\u201c \u2013 pagrindinis \u201eVisa\u201c renginys klientams ir partneriams. Programa numatyta 2026 m. bir\u017eelio 30 d., antradien\u012f, nuo 9:00 iki 14:00 val. CEST. \u0160altinyje kaina ar vie\u0161a registracijos nuoroda nenurodyta; renginys skirtas \u201eVisa\u201c klientams, partneriams ir \u017einiasklaidos atstovams.<\/p>\n<p>Pagal BNS paskelbt\u0105 renginio informacij\u0105, renginio i\u0161vakar\u0117se taip pat organizuojamas specialus pristatymas \u017einiasklaidai, kuriame \u201eVisa\u201c vadovai aptars svarbiausias mok\u0117jim\u0173 rinkos tendencijas, dirbtinio intelekto vaidmen\u012f finansini\u0173 paslaug\u0173 sektoriuje ir technologijas, formuojan\u010dias prekybos bei atsiskaitym\u0173 ateit\u012f.<\/p>\n<ul>\n<li>Renginys: \u201eVisa Payments Forum\u201c<\/li>\n<li>Data: 2026 m. bir\u017eelio 30 d., antradienis<\/li>\n<li>Laikas: 9:00\u201314:00 val. CEST<\/li>\n<li>Vieta: \u201eParis Convention Centre\u201c, Pary\u017eius<\/li>\n<li>Organizatorius: \u201eVisa\u201c<\/li>\n<li>Skirta: \u201eVisa\u201c klientams, partneriams ir \u017einiasklaidos atstovams<\/li>\n<li>Kaina: \u0161altinyje nenurodyta<\/li>\n<\/ul>\n<p>Tai n\u0117ra pla\u010diajai publikai ai\u0161kiai pristatytas miesto renginys. \u0160altinyje nurodoma, kad kelion\u0117s ir apgyvendinimo galimyb\u0117s derinamos individualiai su atrinktais \u017einiasklaidos atstovais, tod\u0117l d\u0117l \u0161i\u0173 s\u0105lyg\u0173 pra\u0161oma susisiekti asmeni\u0161kai. D\u0117l to skaitytojams, kurie svarsto dalyvavim\u0105, svarbiausia pirmiausia pasitikslinti kvietimo, akreditacijos ar individualaus suderinimo s\u0105lygas su renginio organizatoriais arba kontaktiniu asmeniu.<\/p>\n<p>\u201eVisa Payments Forum\u201c programa orientuota \u012f mok\u0117jim\u0173 infrastrukt\u016br\u0105, prekybos ateit\u012f ir technologinius poky\u010dius, kurie veikia tiek finans\u0173 sektori\u0173, tiek verslo kasdienyb\u0119. \u0160altinyje i\u0161skiriamos trys temos: mok\u0117jim\u0173 rinkos tendencijos, dirbtinio intelekto vaidmuo finansin\u0117se paslaugose ir technologijos, kei\u010dian\u010dios prekybos bei atsiskaitym\u0173 modelius.<\/p>\n<p>Lietuvos skaitytojams \u0161i kryptis atpa\u017e\u012fstama ir per <a href=\"https:\/\/infoerdve.lt\/momentiniai-mokejimai-lietuvoje-2025-m-pasiektas-naujas-rekordas\/\" rel=\"nofollow noopener\" target=\"_blank\">momentini\u0173 mok\u0117jim\u0173 augim\u0105 Lietuvoje<\/a>, kuris rodo, kaip atsiskaitym\u0173 greitis ir patogumas tampa svarbia finansini\u0173 paslaug\u0173 dalimi. Pary\u017eiuje aptariamos temos n\u0117ra vien technologij\u0173 demonstracija: jos susijusios su tuo, kaip vartotojai atsiskaito, kaip prekybininkai priima mok\u0117jimus ir kaip finans\u0173 \u012fmon\u0117s planuoja naujus paslaug\u0173 kanalus.<\/p>\n<p>Vienas ry\u0161kiausi\u0173 programos akcent\u0173 \u2013 diskusija su Rajat Taneja, \u201eVisa\u201c technologij\u0173 prezidentu ir vienu \u017einomiausi\u0173 bendrov\u0117s dirbtinio intelekto ekspert\u0173. Diskusijoje numatyta nagrin\u0117ti, kaip AI jau dabar kei\u010dia vartotoj\u0173 ir verslo patirtis bei kok\u012f poveik\u012f \u0161i technologija gali tur\u0117ti ateities mok\u0117jimams.<\/p>\n<p>Renginio metu dalyviai taip pat gal\u0117s susipa\u017einti su naujausiais \u201eVisa\u201c produktais ir inovacijomis. \u0160altinyje nurodoma ir galimyb\u0117 u\u017eduoti klausimus bei bendrauti su \u201eVisa\u201c ekspert\u0173 komanda. Toks formatas gali b\u016bti aktualus mok\u0117jim\u0173, prekybos, finansini\u0173 technologij\u0173 ir verslo pl\u0117tros specialistams, kuriems svarbu ne tik i\u0161girsti bendras rinkos kryptis, bet ir tiesiogiai klausti apie technologinius sprendimus.<\/p>\n<p>Praktini\u0173 detali\u0173 \u0161altinyje pateikta nedaug, tod\u0117l planuojant dalyvavim\u0105 verta remtis tik patvirtinta informacija: renginys vyks \u201eParis Convention Centre\u201c Pary\u017eiuje, 2026 m. bir\u017eelio 30 d. nuo 9:00 iki 14:00 val. CEST.<\/p>\n<p>Kaina, vie\u0161os registracijos nuoroda, transporto detal\u0117s, prieinamumo informacija ir papildoma dalyvi\u0173 programa \u0161altinyje nepateikta. D\u0117l kelion\u0117s ir apgyvendinimo pa\u017eymima atskira tvarka: \u0161ios galimyb\u0117s derinamos individualiai su atrinktais \u017einiasklaidos atstovais. Norint dalyvauti ar gauti daugiau praktin\u0117s informacijos, reik\u0117t\u0173 kreiptis asmeni\u0161kai d\u0117l dalyvavimo s\u0105lyg\u0173, ypa\u010d jei aktuali \u017einiasklaidos akreditacija, kelion\u0117s organizavimas ar apgyvendinimas.<\/p>\n<p style=\"text-align: right; font-style: italic; font-size: 0.9em;\">\u0160altinis: <a href=\"https:\/\/sc.bns.lt\/view\/item\/visa-payments-forum-paryziuje-532880\/\" target=\"_blank\" rel=\"noopener noreferrer nofollow\">BNS<\/a><\/p>\n<p>                                Kontekstas ir veiksmai<br \/>\n                                Apie straipsn\u012f<\/p>\n<p>                                Prane\u0161ti<br \/>\n                                Dalintis<\/p>\n<p>                    \u0160altinis ir patikra<br \/>\n                    \u0160altinio patikra<\/p>\n<p>Tekstas parengtas pagal BNS paskelbt\u0105 renginio prane\u0161im\u0105 ir tik jame nurodytas praktines detales.<\/p>\n<p>Patikros<\/p>\n<ul class=\"mt-1 grid gap-1 text-xs font-bold text-gray-700\">\n<li>Patikrinta renginio data: 2026 m. bir\u017eelio 30 d.<\/li>\n<li>Sulygintas nurodytas laikas: 9:00\u201314:00 val. CEST.<\/li>\n<li>Patikrinta vieta: \u201eParis Convention Centre\u201c, Pary\u017eius.<\/li>\n<li>Pa\u017eym\u0117ta, kad kaina ir vie\u0161a registracijos nuoroda \u0161altinyje nenurodytos.<\/li>\n<\/ul>\n<dl class=\"grid shrink-0 gap-1 text-xs font-black uppercase tracking-wider text-gray-500\">\n<p><dt>\u0160altinis<\/dt>\n<dd class=\"text-gray-900\">BNS prane\u0161imas<\/dd>\n<\/p>\n<p><dt>Apr\u0117ptis<\/dt>\n<dd class=\"text-gray-900\">Pary\u017eius, Pranc\u016bzija<\/dd>\n<\/p>\n<p><dt>Atnaujinta<\/dt>\n<dd class=\"text-gray-900\">2026-06-22 17:23<\/dd>\n<\/p>\n<\/dl>\n<p>        Prane\u0161ti<\/p>\n<p>                        Straipsnio kontekstasAsmenys ir temos1#7<\/p>\n","protected":false},"excerpt":{"rendered":"Reklama Bir\u017eelio 30 d. \u201eParis Convention Centre\u201c Pary\u017eiuje vyks \u201eVisa Payments Forum\u201c \u2013 pagrindinis \u201eVisa\u201c renginys klientams ir&hellip;\n","protected":false},"author":2,"featured_media":210361,"comment_status":"","ping_status":"","sticky":false,"template":"","format":"standard","meta":{"footnotes":"","_share_on_mastodon":"0"},"categories":[17],"tags":[81,32133,37,39,36,38,40,32134,32135,1291,32136,46,588,32137],"class_list":["post-210360","post","type-post","status-publish","format-standard","has-post-thumbnail","category-verslas","tag-business","tag-dirbtinis-intelektas-finansuose","tag-lietuva","tag-lietuviu","tag-lithuania","tag-lithuanian","tag-lt","tag-mokejimu-inovacijos","tag-paris-convention-centre","tag-paryzius","tag-prekybos-technologijos","tag-verslas","tag-visa","tag-visa-payments-forum"],"share_on_mastodon":{"url":"https:\/\/pubeurope.com\/@lt\/116797232271229260","error":""},"_links":{"self":[{"href":"https:\/\/www.europesays.com\/lt\/wp-json\/wp\/v2\/posts\/210360","targetHints":{"allow":["GET"]}}],"collection":[{"href":"https:\/\/www.europesays.com\/lt\/wp-json\/wp\/v2\/posts"}],"about":[{"href":"https:\/\/www.europesays.com\/lt\/wp-json\/wp\/v2\/types\/post"}],"author":[{"embeddable":true,"href":"https:\/\/www.europesays.com\/lt\/wp-json\/wp\/v2\/users\/2"}],"replies":[{"embeddable":true,"href":"https:\/\/www.europesays.com\/lt\/wp-json\/wp\/v2\/comments?post=210360"}],"version-history":[{"count":0,"href":"https:\/\/www.europesays.com\/lt\/wp-json\/wp\/v2\/posts\/210360\/revisions"}],"wp:featuredmedia":[{"embeddable":true,"href":"https:\/\/www.europesays.com\/lt\/wp-json\/wp\/v2\/media\/210361"}],"wp:attachment":[{"href":"https:\/\/www.europesays.com\/lt\/wp-json\/wp\/v2\/media?parent=210360"}],"wp:term":[{"taxonomy":"category","embeddable":true,"href":"https:\/\/www.europesays.com\/lt\/wp-json\/wp\/v2\/categories?post=210360"},{"taxonomy":"post_tag","embeddable":true,"href":"https:\/\/www.europesays.com\/lt\/wp-json\/wp\/v2\/tags?post=210360"}],"curies":[{"name":"wp","href":"https:\/\/api.w.org\/{rel}","templated":true}]}}