{"id":210744,"date":"2026-06-23T11:17:12","date_gmt":"2026-06-23T11:17:12","guid":{"rendered":"https:\/\/www.europesays.com\/lt\/210744\/"},"modified":"2026-06-23T11:17:12","modified_gmt":"2026-06-23T11:17:12","slug":"vokietijoje-truksta-lietuvoje-norinciu-tarnauti-kariu-respublika-lt","status":"publish","type":"post","link":"https:\/\/www.europesays.com\/lt\/210744\/","title":{"rendered":"Vokietijoje tr\u016bksta Lietuvoje norin\u010di\u0173 tarnauti kari\u0173 &#8211; Respublika.lt"},"content":{"rendered":"<p><img loading=\"lazy\" decoding=\"async\" src=\"https:\/\/www.respublika.lt\/lt\/naujienos\/pasaulis\/kitos_pasaulio_naujienos\/vokietijoje-truksta-lietuvoje-norinciu-tarnauti-kariu\/images\/ico_camera_white.gif\" class=\"camera\" width=\"22\" height=\"15\" alt=\"nuotr.\" style=\"position:relative; top:-2px; right:2px;\"\/> 1 nuotr.<\/p>\n<p>Asociatyvi EPA-Eltos nuotr.<\/p>\n<p style=\"text-align: justify;\" class=\"desktop_banner\">\u00a0<\/p>\n<p>Komentuodamas situacij\u0105 Gynybos ministerijos atstovas leidiniui \u201eWelt&#8221; teig\u0117, kad susid\u016brus su nesklandumais, u\u017e savanori\u0161kum\u0105 svarbesniu taps pasirengimas veikti.<\/p>\n<p>Generalinis kariuomen\u0117s inspektorius leitenantas Kristianas Freudingas (Christian Freuding) taip pat u\u017esimin\u0117 apie \u201eprivalom\u0105sias priemones&#8221;.<\/p>\n<p>\u201eKariuomen\u0117s po\u017ei\u016briu svarbiausias tikslas yra, kad ateinan\u010diais metais brigada b\u016bt\u0173 visi\u0161kai parengta ir gal\u0117t\u0173 atlikti savo misij\u0105, &#8211; j\u012f cituoja \u201eWelt&#8221;. &#8211; Siekdami jo laikysim\u0117s savanori\u0161kumo principo, ta\u010diau prireikus taikysime ir privalom\u0105sias priemones.&#8221;<\/p>\n<p>Gynybos ministrui Borisui Pistoriusui (Boris Pistorius) ir generaliniam inspektoriui Karstenui Braueriui (Carsten Breuer) toks galimas kurso pasikeitimas b\u016bt\u0173 skaudus pralaim\u0117jimas.<\/p>\n<p>Kai 2023 m. politikai paskelb\u0117, kad Lietuvoje nuolat dislokuos 5000 kari\u0173, jie tik\u0117josi, jog misijai bus rasta pakankamai savanori\u0173.<\/p>\n<p>B.Pistorius ir K.Braueris nor\u0117jo bet kokia kaina i\u0161vengti NATO aljanse standartinio privalomojo \u0161aukimo.<\/p>\n<p>Kai \u201eSpiegel&#8221; met\u0173 prad\u017eioje atskleid\u0117, kad misijoje Lietuvoje pasirengusi\u0173 dalyvauti savanori\u0173 yra gerokai ma\u017eiau nei tik\u0117tasi, Gynybos ministerija suskubo tai paneigti.<\/p>\n<p>U\u017euot pripa\u017einusi faktus, kurie buvo pateikti vidaus dokumentuose, institucija kalb\u0117jo apie nereik\u0161mingus tarpinius rezultatus. Pats ministras ne kart\u0105 tikino, kad situacija kontroliuojama.<\/p>\n<p>Tuo pat metu kariuomen\u0117je buvo prad\u0117ta viena did\u017eiausi\u0173 i\u0161 kada nors rengt\u0173 reklamini\u0173 akcij\u0173: tarnybos Lietuvoje patirties turintys kariai buvo siun\u010diami \u012f savoti\u0161kas ekskursijas po respublikos kareivines.<\/p>\n<p>Jie steng\u0117si parodyti, kad misija rytiniame NATO flange gali b\u016bti patraukli.<\/p>\n<p>Be to, Bundesveras \u012f Baltijos \u0161alis nuskraidino \u0161imtus kari\u0173 ir j\u0173 \u0161eim\u0173, kur jie gal\u0117jo ap\u017ei\u016br\u0117ti naujas kareivines ar specialiai pastatyt\u0105 mokykl\u0105.<\/p>\n<p>Teigiama, kad \u012fmantri reklamin\u0117 priemon\u0117 tur\u0117jo poveik\u012f, bet tiksl\u016bs skai\u010diai apie Lietuvoje pasirengusius tarnauti savanorius neatskleid\u017eiami.<\/p>\n<p>U\u017etat kaip su\u017einojo \u201eSpiegel&#8221;, vis dar yra dideli\u0173 sprag\u0173.<\/p>\n<p>Ypa\u010d kalbant apie gerai apmokytus karius &#8211; informacini\u0173 technologij\u0173 specialistus, karius, i\u0161manan\u010dius CBRB saug\u0105 (chemin\u0117, biologin\u0117, radiologin\u0117 ir branduolin\u0117 sauga), \u017evalgus ir pagalbinius dalinius.<\/p>\n<p>Jeigu iki rudens \u0161ios spragos nebus u\u017epildytos, Bundesveras planuoja \u012fvesti privalom\u0105 \u0161aukim\u0105.<\/p>\n","protected":false},"excerpt":{"rendered":"1 nuotr. Asociatyvi EPA-Eltos nuotr. \u00a0 Komentuodamas situacij\u0105 Gynybos ministerijos atstovas leidiniui \u201eWelt&#8221; teig\u0117, kad susid\u016brus su nesklandumais,&hellip;\n","protected":false},"author":2,"featured_media":210745,"comment_status":"","ping_status":"","sticky":false,"template":"","format":"standard","meta":{"footnotes":"","_share_on_mastodon":"0"},"categories":[6],"tags":[25,30,31,3139,7656,34,35,32175,24,6662,32,33,37,39,36,38,40,23,22,32176,28,29,15691,4346,6559,26,27,320],"class_list":["post-210744","post","type-post","status-publish","format-standard","has-post-thumbnail","category-antrastes","tag-antrastes","tag-breaking-news","tag-breakingnews","tag-brigada","tag-bundesveras","tag-featured-news","tag-featurednews","tag-freudingas","tag-headlines","tag-kariai","tag-latest-news","tag-latestnews","tag-lietuva","tag-lietuviu","tag-lithuania","tag-lithuanian","tag-lt","tag-naujienos","tag-news","tag-pistoriusas","tag-populiariausios-naujienos","tag-populiariausiosnaujienos","tag-privalomas","tag-saukimas","tag-savanoriai","tag-top-stories","tag-topstories","tag-vokietija"],"share_on_mastodon":{"url":"https:\/\/pubeurope.com\/@lt\/116799147112800683","error":""},"_links":{"self":[{"href":"https:\/\/www.europesays.com\/lt\/wp-json\/wp\/v2\/posts\/210744","targetHints":{"allow":["GET"]}}],"collection":[{"href":"https:\/\/www.europesays.com\/lt\/wp-json\/wp\/v2\/posts"}],"about":[{"href":"https:\/\/www.europesays.com\/lt\/wp-json\/wp\/v2\/types\/post"}],"author":[{"embeddable":true,"href":"https:\/\/www.europesays.com\/lt\/wp-json\/wp\/v2\/users\/2"}],"replies":[{"embeddable":true,"href":"https:\/\/www.europesays.com\/lt\/wp-json\/wp\/v2\/comments?post=210744"}],"version-history":[{"count":0,"href":"https:\/\/www.europesays.com\/lt\/wp-json\/wp\/v2\/posts\/210744\/revisions"}],"wp:featuredmedia":[{"embeddable":true,"href":"https:\/\/www.europesays.com\/lt\/wp-json\/wp\/v2\/media\/210745"}],"wp:attachment":[{"href":"https:\/\/www.europesays.com\/lt\/wp-json\/wp\/v2\/media?parent=210744"}],"wp:term":[{"taxonomy":"category","embeddable":true,"href":"https:\/\/www.europesays.com\/lt\/wp-json\/wp\/v2\/categories?post=210744"},{"taxonomy":"post_tag","embeddable":true,"href":"https:\/\/www.europesays.com\/lt\/wp-json\/wp\/v2\/tags?post=210744"}],"curies":[{"name":"wp","href":"https:\/\/api.w.org\/{rel}","templated":true}]}}