{"id":210845,"date":"2026-06-23T13:12:03","date_gmt":"2026-06-23T13:12:03","guid":{"rendered":"https:\/\/www.europesays.com\/lt\/210845\/"},"modified":"2026-06-23T13:12:03","modified_gmt":"2026-06-23T13:12:03","slug":"lektuve-i-vilniu-kilo-incidentas-teko-greitai-leistis","status":"publish","type":"post","link":"https:\/\/www.europesays.com\/lt\/210845\/","title":{"rendered":"L\u0117ktuve \u012f Vilni\u0173 kilo incidentas \u2013 teko greitai leistis"},"content":{"rendered":"<p class=\"wp-block-paragraph\">Sekmadien\u012f\u00a0i\u0161 Londono\u00a0\u012f Vilni\u0173 skrid\u0119s \u201e<a style=\"font-weight:bold;\" href=\"https:\/\/madeinvilnius.lt\/tema\/ryanair\/\" target=\"_blank\" rel=\"nofollow noopener\">Ryanair<\/a>\u201c l\u0117ktuvas netik\u0117tai\u00a0tur\u0117jo nut\u016bpti Nyderlanduose. Kaip pasakoja tame pa\u010diame l\u0117ktuve buvusi moteris, skryd\u017eio metu vienam keleiviui \u0117mus kelti problemas, orlaivis buvo priverstas leistis neplanuotame oro uoste, kur vyro jau lauk\u0117 policijos pareig\u016bnai.<\/p>\n<p class=\"wp-block-paragraph\">\u012e naujien\u0173 portal\u0105 tv3.lt kreip\u0117si skaitytoja, buvusi tame pa\u010diame skrydyje.<\/p>\n<p class=\"wp-block-paragraph\">Moteris pasakoja, kad incidentas \u012fvyko \u201eRyanair\u201c skryd\u017eio FR3466 i\u0161 Lutono \u012f Vilni\u0173 metu.<\/p>\n<p class=\"wp-block-paragraph\">\u201eSkryd\u017eio metu vienas keleivis suk\u0117l\u0117 rimt\u0173 problem\u0173, tod\u0117l l\u0117ktuvas buvo priverstas leistis Nyderlanduose. Po nusileidimo keleiv\u012f i\u0161 l\u0117ktuvo i\u0161sived\u0117 Nyderland\u0173 pareig\u016bnai.<\/p>\n<p class=\"wp-block-paragraph\">Pati s\u0117d\u0117jau l\u0117ktuvo priekyje, tod\u0117l negal\u0117\u010diau tiksliai pakomentuoti, kas vyko salono gale ir d\u0117l koki\u0173 konkre\u010diai prie\u017eas\u010di\u0173 buvo priimtas sprendimas nutupdyti l\u0117ktuv\u0105. Ta\u010diau galiu patvirtinti, kad \u012fgula viso incidento metu elg\u0117si labai profesionaliai ir steng\u0117si i\u0161laikyti ramyb\u0119 tarp keleivi\u0173, kad nekilt\u0173 panika\u201c, \u2013 sako moteris.<\/p>\n<p class=\"wp-block-paragraph\">Skaitytoja pasakoja, kad l\u0117ktuvui nusileidus Nyderlanduose, sulaikytas keleivis su antrankiais buvo i\u0161vestas i\u0161 l\u0117ktuvo ir \u012fsodintas \u012f pareig\u016bn\u0173 automobil\u012f.<\/p>\n<p class=\"wp-block-paragraph\">\u201eKiek man \u017einoma, tuo pa\u010diu reisu taip pat skrido keletas Lietuvoje \u017einom\u0173 \u017emoni\u0173\u201c, \u2013 prideda ji.<\/p>\n<p>Bendrov\u0117 pakomentavo situacij\u0105<\/p>\n<p class=\"wp-block-paragraph\">Naujien\u0173 portalas tv3.lt kreip\u0117si \u012f oro linij\u0173 bendrov\u0119 \u201eRyanair\u201c d\u0117l pateiktos informacijos apie incident\u0105.<\/p>\n<p class=\"wp-block-paragraph\">\u201eRyanair\u201c atstovai patvirtino, kad i\u0161 ties\u0173 skrydis buvo nukreiptas d\u0117l nederamo keleivio elgesio.<\/p>\n<p class=\"wp-block-paragraph\">\u201e\u0160is skrydis i\u0161 Londono Lutono \u012f Vilni\u0173 (bir\u017eelio 21 d.) buvo nukreiptas \u012f Eindhoven\u0105 po to, kai vienas keleivis l\u0117ktuve \u0117m\u0117 elgtis nederamai.<\/p>\n<p class=\"wp-block-paragraph\">\u012egula i\u0161 anksto i\u0161kviet\u0117 policij\u0105, kuri pasitiko orlaiv\u012f atvykus \u012f Eindhoveno oro uost\u0105. Keleivis buvo i\u0161laipintas ir perduotas pareig\u016bnams, o skrydis v\u0117liau buvo t\u0119siamas \u012f Vilni\u0173.<\/p>\n<p class=\"wp-block-paragraph\">\u201eRyanair\u201c taiko grie\u017et\u0105 nulin\u0117s tolerancijos politik\u0105 keleivi\u0173 netinkamo elgesio at\u017evilgiu ir toliau imsis ry\u017eting\u0173 veiksm\u0173 prie\u0161 nepaklusnius keleivius, siekdama u\u017etikrinti, kad visi keleiviai ir \u012fgula gal\u0117t\u0173 keliauti saugioje, pagarbioje ir be nereikaling\u0173 trikd\u017ei\u0173 aplinkoje\u201c, \u2013 ra\u0161oma bendrov\u0117s atsakyme ra\u0161tu.<\/p>\n<p class=\"wp-block-paragraph\">Autorius: R\u016bta Vild\u017ei\u016bnait\u0117, TV3.lt<\/p>\n","protected":false},"excerpt":{"rendered":"Sekmadien\u012f\u00a0i\u0161 Londono\u00a0\u012f Vilni\u0173 skrid\u0119s \u201eRyanair\u201c l\u0117ktuvas netik\u0117tai\u00a0tur\u0117jo nut\u016bpti Nyderlanduose. Kaip pasakoja tame pa\u010diame l\u0117ktuve buvusi moteris, skryd\u017eio metu&hellip;\n","protected":false},"author":2,"featured_media":127618,"comment_status":"","ping_status":"","sticky":false,"template":"","format":"standard","meta":{"footnotes":"","_share_on_mastodon":"0"},"categories":[17],"tags":[81,37,39,36,38,40,1329,46,752],"class_list":["post-210845","post","type-post","status-publish","format-standard","has-post-thumbnail","category-verslas","tag-business","tag-lietuva","tag-lietuviu","tag-lithuania","tag-lithuanian","tag-lt","tag-ryanair","tag-verslas","tag-vilniaus-oro-uostas"],"share_on_mastodon":{"url":"https:\/\/pubeurope.com\/@lt\/116799599237574232","error":""},"_links":{"self":[{"href":"https:\/\/www.europesays.com\/lt\/wp-json\/wp\/v2\/posts\/210845","targetHints":{"allow":["GET"]}}],"collection":[{"href":"https:\/\/www.europesays.com\/lt\/wp-json\/wp\/v2\/posts"}],"about":[{"href":"https:\/\/www.europesays.com\/lt\/wp-json\/wp\/v2\/types\/post"}],"author":[{"embeddable":true,"href":"https:\/\/www.europesays.com\/lt\/wp-json\/wp\/v2\/users\/2"}],"replies":[{"embeddable":true,"href":"https:\/\/www.europesays.com\/lt\/wp-json\/wp\/v2\/comments?post=210845"}],"version-history":[{"count":0,"href":"https:\/\/www.europesays.com\/lt\/wp-json\/wp\/v2\/posts\/210845\/revisions"}],"wp:featuredmedia":[{"embeddable":true,"href":"https:\/\/www.europesays.com\/lt\/wp-json\/wp\/v2\/media\/127618"}],"wp:attachment":[{"href":"https:\/\/www.europesays.com\/lt\/wp-json\/wp\/v2\/media?parent=210845"}],"wp:term":[{"taxonomy":"category","embeddable":true,"href":"https:\/\/www.europesays.com\/lt\/wp-json\/wp\/v2\/categories?post=210845"},{"taxonomy":"post_tag","embeddable":true,"href":"https:\/\/www.europesays.com\/lt\/wp-json\/wp\/v2\/tags?post=210845"}],"curies":[{"name":"wp","href":"https:\/\/api.w.org\/{rel}","templated":true}]}}