{"id":211033,"date":"2026-06-23T17:13:23","date_gmt":"2026-06-23T17:13:23","guid":{"rendered":"https:\/\/www.europesays.com\/lt\/211033\/"},"modified":"2026-06-23T17:13:23","modified_gmt":"2026-06-23T17:13:23","slug":"savitarnos-kasos-tinklas-paaiskino-kokio-principo-laikosi","status":"publish","type":"post","link":"https:\/\/www.europesays.com\/lt\/211033\/","title":{"rendered":"Savitarnos kasos: tinklas paai\u0161kino, kokio principo laikosi"},"content":{"rendered":"<p>  <img decoding=\"async\" src=\"https:\/\/www.europesays.com\/lt\/wp-content\/uploads\/2026\/06\/619618f0-f2ee-4739-bceb-c965998f5619.jpg\" loading=\"eager\" fetchpriority=\"high\" alt=\"Iki parduotuv\u0117\"\/> <\/p>\n<p>Iki parduotuv\u0117<\/p>\n<p>FOTO:   Bendrov\u0117s archyvas<\/p>\n<p>Kol vieni \u017emon\u0117s noriai naudojasi savitarnos kasomis, kiti, atrodo, visomis i\u0161gal\u0117mis stengiasi j\u0173 i\u0161vengti. Socialiniame tinkle gyventoja pasidalijo, kad vienoje Palangos \u201eIki\u201c nerado veikian\u010dios reguliarios kasos. Jo atstov\u0117 paai\u0161kino, kad pirk\u0117jai visada gali pra\u0161yti b\u016bti joje aptarnauti, be to, \u0161iuo metu testuojama ir naujov\u0117.<\/p>\n","protected":false},"excerpt":{"rendered":"Iki parduotuv\u0117 FOTO: Bendrov\u0117s archyvas Kol vieni \u017emon\u0117s noriai naudojasi savitarnos kasomis, kiti, atrodo, visomis i\u0161gal\u0117mis stengiasi j\u0173&hellip;\n","protected":false},"author":2,"featured_media":211034,"comment_status":"","ping_status":"","sticky":false,"template":"","format":"standard","meta":{"footnotes":"","_share_on_mastodon":"0"},"categories":[13],"tags":[25,30,31,34,35,24,2742,32,33,37,39,36,38,40,23,22,2801,28,29,1649,26,27],"class_list":["post-211033","post","type-post","status-publish","format-standard","has-post-thumbnail","category-lietuva","tag-antrastes","tag-breaking-news","tag-breakingnews","tag-featured-news","tag-featurednews","tag-headlines","tag-iki","tag-latest-news","tag-latestnews","tag-lietuva","tag-lietuviu","tag-lithuania","tag-lithuanian","tag-lt","tag-naujienos","tag-news","tag-palanga","tag-populiariausios-naujienos","tag-populiariausiosnaujienos","tag-savitarnos-kasa","tag-top-stories","tag-topstories"],"share_on_mastodon":{"url":"https:\/\/pubeurope.com\/@lt\/116800546977393406","error":""},"_links":{"self":[{"href":"https:\/\/www.europesays.com\/lt\/wp-json\/wp\/v2\/posts\/211033","targetHints":{"allow":["GET"]}}],"collection":[{"href":"https:\/\/www.europesays.com\/lt\/wp-json\/wp\/v2\/posts"}],"about":[{"href":"https:\/\/www.europesays.com\/lt\/wp-json\/wp\/v2\/types\/post"}],"author":[{"embeddable":true,"href":"https:\/\/www.europesays.com\/lt\/wp-json\/wp\/v2\/users\/2"}],"replies":[{"embeddable":true,"href":"https:\/\/www.europesays.com\/lt\/wp-json\/wp\/v2\/comments?post=211033"}],"version-history":[{"count":0,"href":"https:\/\/www.europesays.com\/lt\/wp-json\/wp\/v2\/posts\/211033\/revisions"}],"wp:featuredmedia":[{"embeddable":true,"href":"https:\/\/www.europesays.com\/lt\/wp-json\/wp\/v2\/media\/211034"}],"wp:attachment":[{"href":"https:\/\/www.europesays.com\/lt\/wp-json\/wp\/v2\/media?parent=211033"}],"wp:term":[{"taxonomy":"category","embeddable":true,"href":"https:\/\/www.europesays.com\/lt\/wp-json\/wp\/v2\/categories?post=211033"},{"taxonomy":"post_tag","embeddable":true,"href":"https:\/\/www.europesays.com\/lt\/wp-json\/wp\/v2\/tags?post=211033"}],"curies":[{"name":"wp","href":"https:\/\/api.w.org\/{rel}","templated":true}]}}