{"id":211080,"date":"2026-06-23T18:17:11","date_gmt":"2026-06-23T18:17:11","guid":{"rendered":"https:\/\/www.europesays.com\/lt\/211080\/"},"modified":"2026-06-23T18:17:11","modified_gmt":"2026-06-23T18:17:11","slug":"jt-juru-agentura-evakuos-is-artimuju-rytu-11-tukst-jureiviu","status":"publish","type":"post","link":"https:\/\/www.europesays.com\/lt\/211080\/","title":{"rendered":"JT j\u016br\u0173 agent\u016bra evakuos i\u0161 Artim\u0173j\u0173 Ryt\u0173 11 t\u016bkst. j\u016breivi\u0173"},"content":{"rendered":"<p>\u201ePrad\u0117sime \u012fgyvendinti daugiau nei 11 t\u016bkst. regione vis dar \u012fstrigusi\u0173 j\u016breivi\u0173 evakuacijos plan\u0105\u201c, \u2013 antradien\u012f parei\u0161k\u0117 TJO generalinis sekretorius Arsenio Dominguezas.\u00a0<\/p>\n<p>Pasak Londone \u012fsik\u016brusios JT agent\u016bros vadovo, didelio masto operacija bus vykdoma glaud\u017eiai bendradarbiaujant su <a rel=\"noopener nofollow\" target=\"_blank\" href=\"https:\/\/www.delfi.lt\/temos\/iranas\" tag-id=\"51347403\">Iranu<\/a>, Omanu ir kitomis Persijos \u012flankos valstyb\u0117mis, taip pat su JAV ir <a rel=\"noopener nofollow\" target=\"_blank\" href=\"https:\/\/www.delfi.lt\/temos\/laivyba\" tag-id=\"50054646\">laivybos<\/a> pramone.\u00a0<\/p>\n<p>Gautos b\u016btinos saugumo garantijos ir kruop\u0161\u010diai per\u017ei\u016br\u0117tos j\u016br\u0173 saugumo s\u0105lygos operacijai paremti, sakoma A. Dominguezo parei\u0161kime.\u00a0<\/p>\n<p>Jis grie\u017etai pasmerk\u0117 atakas prie\u0161 civilin\u0119 laivyb\u0105 ir pagerb\u0117 14 j\u016breivi\u0173, \u017euvusi\u0173 per vasario 28 d. prasid\u0117jus\u012f konflikt\u0105.\u00a0<\/p>\n","protected":false},"excerpt":{"rendered":"\u201ePrad\u0117sime \u012fgyvendinti daugiau nei 11 t\u016bkst. regione vis dar \u012fstrigusi\u0173 j\u016breivi\u0173 evakuacijos plan\u0105\u201c, \u2013 antradien\u012f parei\u0161k\u0117 TJO generalinis&hellip;\n","protected":false},"author":2,"featured_media":211081,"comment_status":"","ping_status":"","sticky":false,"template":"","format":"standard","meta":{"footnotes":"","_share_on_mastodon":"0"},"categories":[15],"tags":[25,30,31,3346,34,35,24,79,727,32,33,37,39,36,38,40,23,22,44,28,29,26,27,74,75,76],"class_list":["post-211080","post","type-post","status-publish","format-standard","has-post-thumbnail","category-pasaulis","tag-antrastes","tag-breaking-news","tag-breakingnews","tag-elta-uzsienio-naujiena","tag-featured-news","tag-featurednews","tag-headlines","tag-iranas","tag-laivyba","tag-latest-news","tag-latestnews","tag-lietuva","tag-lietuviu","tag-lithuania","tag-lithuanian","tag-lt","tag-naujienos","tag-news","tag-pasaulis","tag-populiariausios-naujienos","tag-populiariausiosnaujienos","tag-top-stories","tag-topstories","tag-world","tag-world-news","tag-worldnews"],"share_on_mastodon":{"url":"https:\/\/pubeurope.com\/@lt\/116800798420347019","error":""},"_links":{"self":[{"href":"https:\/\/www.europesays.com\/lt\/wp-json\/wp\/v2\/posts\/211080","targetHints":{"allow":["GET"]}}],"collection":[{"href":"https:\/\/www.europesays.com\/lt\/wp-json\/wp\/v2\/posts"}],"about":[{"href":"https:\/\/www.europesays.com\/lt\/wp-json\/wp\/v2\/types\/post"}],"author":[{"embeddable":true,"href":"https:\/\/www.europesays.com\/lt\/wp-json\/wp\/v2\/users\/2"}],"replies":[{"embeddable":true,"href":"https:\/\/www.europesays.com\/lt\/wp-json\/wp\/v2\/comments?post=211080"}],"version-history":[{"count":0,"href":"https:\/\/www.europesays.com\/lt\/wp-json\/wp\/v2\/posts\/211080\/revisions"}],"wp:featuredmedia":[{"embeddable":true,"href":"https:\/\/www.europesays.com\/lt\/wp-json\/wp\/v2\/media\/211081"}],"wp:attachment":[{"href":"https:\/\/www.europesays.com\/lt\/wp-json\/wp\/v2\/media?parent=211080"}],"wp:term":[{"taxonomy":"category","embeddable":true,"href":"https:\/\/www.europesays.com\/lt\/wp-json\/wp\/v2\/categories?post=211080"},{"taxonomy":"post_tag","embeddable":true,"href":"https:\/\/www.europesays.com\/lt\/wp-json\/wp\/v2\/tags?post=211080"}],"curies":[{"name":"wp","href":"https:\/\/api.w.org\/{rel}","templated":true}]}}